{"id":18831,"date":"2014-12-09T11:54:13","date_gmt":"2014-12-09T10:54:13","guid":{"rendered":"http:\/\/www.invarena.cz\/?p=18831"},"modified":"2014-12-09T11:56:14","modified_gmt":"2014-12-09T10:56:14","slug":"nemaji-to-lehke-presto-tvori-d","status":"publish","type":"post","link":"https:\/\/www.invarena.cz\/?p=18831","title":{"rendered":"Lid\u00e9 s roztrou\u0161enou skler\u00f3zou dnes vystavuj\u00ed v Ostrav\u011b"},"content":{"rendered":"<p><strong>V\u00fdstava um\u011bleck\u00fdch d\u011bl, kter\u00e1 vytvo\u0159ili lid\u00e9 posti\u017een\u00ed roztrou\u0161enou skler\u00f3zou,bude k vid\u011bn\u00ed v ostravsk\u00e9 Galerii Mlejn v N\u00e1dra\u017en\u00ed ulici.<\/strong><br \/>\n<strong> Organiz\u00e1torem v\u00fdstavy, kter\u00e1 bude slavnostn\u011b zah\u00e1jena dne\u0161n\u00ed vernis\u00e1\u017e\u00ed v ostravsk\u00e9 Galerii Mlejn v 17 hodin, je Roska Ostrava.<\/strong> <!--more--><\/p>\n<p>Roska sdru\u017euje pacienty s roztrou\u0161enou skler\u00f3zou.<\/p>\n<p>Vedouc\u00ed ostravsk\u00e9 Rosky Na\u010fa Nov\u00e1kov\u00e1 uvedla, \u017ee i letos p\u0159i p\u0159\u00edprav\u011b v\u00fdstavy sdru\u017een\u00ed spolupracovalo s neurologickou klinikou ostravsk\u00e9 fakultn\u00ed nemocnice a Uni\u00ed Roska \u010cR.<br \/>\nZ\u00e1\u0161titu nad v\u00fdstavou p\u0159evzali n\u00e1m\u011bstek hejtmana Moravskoslezsk\u00e9ho kraje Ji\u0159\u00ed Mart\u00ednek a Fakultn\u00ed nemocnice Ostrava.<\/p>\n<p>http:\/\/www.moravskoslezsky.denik.cz\/<\/p>\n","protected":false},"excerpt":{"rendered":"<div class=\"mh-excerpt\"><p>V\u00fdstava um\u011bleck\u00fdch d\u011bl, kter\u00e1 vytvo\u0159ili lid\u00e9 posti\u017een\u00ed roztrou\u0161enou skler\u00f3zou,bude k vid\u011bn\u00ed v ostravsk\u00e9 Galerii Mlejn v N\u00e1dra\u017en\u00ed ulici. Organiz\u00e1torem v\u00fdstavy, kter\u00e1 bude slavnostn\u011b zah\u00e1jena dne\u0161n\u00ed <a class=\"mh-excerpt-more\" href=\"https:\/\/www.invarena.cz\/?p=18831\" title=\"Lid\u00e9 s roztrou\u0161enou skler\u00f3zou dnes vystavuj\u00ed v Ostrav\u011b\">[&#8230;]<\/a><\/p>\n<\/div>","protected":false},"author":1,"featured_media":0,"comment_status":"open","ping_status":"closed","sticky":false,"template":"","format":"standard","meta":{"footnotes":""},"categories":[9],"tags":[],"class_list":["post-18831","post","type-post","status-publish","format-standard","hentry","category-zpravy"],"_links":{"self":[{"href":"https:\/\/www.invarena.cz\/index.php?rest_route=\/wp\/v2\/posts\/18831","targetHints":{"allow":["GET"]}}],"collection":[{"href":"https:\/\/www.invarena.cz\/index.php?rest_route=\/wp\/v2\/posts"}],"about":[{"href":"https:\/\/www.invarena.cz\/index.php?rest_route=\/wp\/v2\/types\/post"}],"author":[{"embeddable":true,"href":"https:\/\/www.invarena.cz\/index.php?rest_route=\/wp\/v2\/users\/1"}],"replies":[{"embeddable":true,"href":"https:\/\/www.invarena.cz\/index.php?rest_route=%2Fwp%2Fv2%2Fcomments&post=18831"}],"version-history":[{"count":0,"href":"https:\/\/www.invarena.cz\/index.php?rest_route=\/wp\/v2\/posts\/18831\/revisions"}],"wp:attachment":[{"href":"https:\/\/www.invarena.cz\/index.php?rest_route=%2Fwp%2Fv2%2Fmedia&parent=18831"}],"wp:term":[{"taxonomy":"category","embeddable":true,"href":"https:\/\/www.invarena.cz\/index.php?rest_route=%2Fwp%2Fv2%2Fcategories&post=18831"},{"taxonomy":"post_tag","embeddable":true,"href":"https:\/\/www.invarena.cz\/index.php?rest_route=%2Fwp%2Fv2%2Ftags&post=18831"}],"curies":[{"name":"wp","href":"https:\/\/api.w.org\/{rel}","templated":true}]}}