{"id":18841,"date":"2014-12-09T12:14:05","date_gmt":"2014-12-09T11:14:05","guid":{"rendered":"http:\/\/www.invarena.cz\/?p=18841"},"modified":"2014-12-09T12:14:05","modified_gmt":"2014-12-09T11:14:05","slug":"plzen-zastupci-mesta-se-setkali-s-uspesnymi-handicapovanymi-sportovci","status":"publish","type":"post","link":"https:\/\/www.invarena.cz\/?p=18841","title":{"rendered":"Plze\u0148: Z\u00e1stupci m\u011bsta se setkali s \u00fasp\u011b\u0161n\u00fdmi handicapovan\u00fdmi sportovci"},"content":{"rendered":"<p><strong>S \u00fasp\u011b\u0161n\u00fdmi handicapovan\u00fdmi sportovci se setkal prim\u00e1tor m\u011bsta Martin Zrzaveck\u00fd, n\u00e1m\u011bstkyn\u011b pro \u0161kolstv\u00ed a soci\u00e1ln\u00ed v\u011bci Eva Herinkov\u00e1 a radn\u00ed pro podporu podnik\u00e1n\u00ed a sportu Michal Dvo\u0159\u00e1k. <\/strong><!--more--><\/p>\n<p>Pozv\u00e1n\u00ed k neform\u00e1ln\u00edmu posezen\u00ed a spole\u010dn\u00e9 diskusi p\u0159ijali Krist\u00fdna Morav\u010d\u00edkov\u00e1, kter\u00e1 vynik\u00e1 v j\u00edzd\u011b na tricyklu, mlad\u00ed atleti Michal Vimmer a Josef Dekan, handbiker Pavel Folt\u00fdn, lukost\u0159elci Jaroslav Zelenka a \u0160t\u011bp\u00e1nka Kleisnerov\u00e1 i \u017e\u00e1ci Z\u0160 a M\u0160 pro zrakov\u011b posti\u017een\u00e9 a vady \u0159e\u010di Plze\u0148 Tom\u00e1\u0161 Kod\u00fddek, Vil\u00e9m V\u010dala a Jaroslav Lev\u00fd. Doprovodili je rodi\u010de i tren\u00e9\u0159i Marcela Kul\u00ed\u0161kov\u00e1 a Roman Suda.<\/p>\n<p>Za velice p\u0159\u00edjemn\u00e9 atmosf\u00e9ry, kdy se p\u0159\u00edtomn\u00ed shodli na tom, \u017ee by se setk\u00e1n\u00ed m\u011blo st\u00e1t tradic\u00ed, se vypr\u00e1v\u011bly historky ze z\u00e1vod\u016f, p\u0159edstavily nejlep\u0161\u00ed sportovn\u00ed v\u00fdkony a do\u0161lo i k pozv\u00e1n\u00ed na dal\u0161\u00ed turnaje. O to usilovn\u011bji se pr\u00fd radn\u00ed Michal Dvo\u0159\u00e1k zasad\u00ed o vznik nov\u00e9 koncepce sportu ve m\u011bst\u011b.<\/p>\n<p>Parlamentn\u00edListy.cz<\/p>\n","protected":false},"excerpt":{"rendered":"<div class=\"mh-excerpt\"><p>S \u00fasp\u011b\u0161n\u00fdmi handicapovan\u00fdmi sportovci se setkal prim\u00e1tor m\u011bsta Martin Zrzaveck\u00fd, n\u00e1m\u011bstkyn\u011b pro \u0161kolstv\u00ed a soci\u00e1ln\u00ed v\u011bci Eva Herinkov\u00e1 a radn\u00ed pro podporu podnik\u00e1n\u00ed a sportu <a class=\"mh-excerpt-more\" href=\"https:\/\/www.invarena.cz\/?p=18841\" title=\"Plze\u0148: Z\u00e1stupci m\u011bsta se setkali s \u00fasp\u011b\u0161n\u00fdmi handicapovan\u00fdmi sportovci\">[&#8230;]<\/a><\/p>\n<\/div>","protected":false},"author":1,"featured_media":0,"comment_status":"open","ping_status":"closed","sticky":false,"template":"","format":"standard","meta":{"footnotes":""},"categories":[9],"tags":[],"class_list":["post-18841","post","type-post","status-publish","format-standard","hentry","category-zpravy"],"_links":{"self":[{"href":"https:\/\/www.invarena.cz\/index.php?rest_route=\/wp\/v2\/posts\/18841","targetHints":{"allow":["GET"]}}],"collection":[{"href":"https:\/\/www.invarena.cz\/index.php?rest_route=\/wp\/v2\/posts"}],"about":[{"href":"https:\/\/www.invarena.cz\/index.php?rest_route=\/wp\/v2\/types\/post"}],"author":[{"embeddable":true,"href":"https:\/\/www.invarena.cz\/index.php?rest_route=\/wp\/v2\/users\/1"}],"replies":[{"embeddable":true,"href":"https:\/\/www.invarena.cz\/index.php?rest_route=%2Fwp%2Fv2%2Fcomments&post=18841"}],"version-history":[{"count":0,"href":"https:\/\/www.invarena.cz\/index.php?rest_route=\/wp\/v2\/posts\/18841\/revisions"}],"wp:attachment":[{"href":"https:\/\/www.invarena.cz\/index.php?rest_route=%2Fwp%2Fv2%2Fmedia&parent=18841"}],"wp:term":[{"taxonomy":"category","embeddable":true,"href":"https:\/\/www.invarena.cz\/index.php?rest_route=%2Fwp%2Fv2%2Fcategories&post=18841"},{"taxonomy":"post_tag","embeddable":true,"href":"https:\/\/www.invarena.cz\/index.php?rest_route=%2Fwp%2Fv2%2Ftags&post=18841"}],"curies":[{"name":"wp","href":"https:\/\/api.w.org\/{rel}","templated":true}]}}