{"id":18842,"date":"2014-12-09T12:19:15","date_gmt":"2014-12-09T11:19:15","guid":{"rendered":"http:\/\/www.invarena.cz\/?p=18842"},"modified":"2014-12-09T13:01:01","modified_gmt":"2014-12-09T12:01:01","slug":"forenzni-veda-pro-vozickare","status":"publish","type":"post","link":"https:\/\/www.invarena.cz\/?p=18842","title":{"rendered":"Forenzn\u00ed specialist\u00e9 pro voz\u00ed\u010dk\u00e1\u0159e"},"content":{"rendered":"<p><strong>Bezohlednost zlod\u011bj\u016f nezn\u00e1 mez\u00ed. \u010casto okr\u00e1daj\u00ed star\u00e9 lidi a n\u011bkdy si troufnou i na voz\u00ed\u010dk\u00e1\u0159e, kter\u00fdm se neboj\u00ed ukr\u00e1st dokonce i invalidn\u00ed voz\u00edk. Bojovat proti tomu se rozhodl pan Pavel Carbol z Pust\u00e9 Polomi a Opavsku. Handicapovan\u00fdm chce doporu\u010dit, aby si nechali ozna\u010dit sv\u00e9 voz\u00ed\u010dky forenzn\u00ed syntetickou DNA.<\/strong><!--more--><\/p>\n<p><em><strong>Tv Barrandov<\/strong><\/em><\/p>\n<p>T\u0159ia\u010dty\u0159icetilet\u00fd Pavel dvacet let aktivn\u011b pracoval. Na invalidn\u00ed voz\u00edk ho p\u0159ed dv\u011bma lety p\u0159ipoutal n\u00e1dor na mozku a slo\u017eit\u00e1 l\u00e9\u010dba. Chu\u0165 do \u017eivota ale nezahodila a rozhodl se pomoct policii roz\u0161\u00ed\u0159it my\u0161lenku ozna\u010dovat syntetickou DNA i invalidn\u00ed voz\u00edky.<\/p>\n<p>Petr CARBOL, handicapovan\u00fd:\u00a0 Vlastn\u011b m\u011b k tomu p\u0159im\u011blo i sledov\u00e1n\u00ed t\u0159eba na internetov\u00fdch str\u00e1nk\u00e1ch, \u017ee by t\u0159eba voz\u00ed\u010dk\u00e1\u0159 byl napadenej zezadu, a byl okraden\u00fd, ba naopak mu byly ukraden\u00e9 pom\u016fcky.<\/p>\n<p>S forenzn\u00edm ozna\u010dov\u00e1n\u00edm za\u010dala loni jako prvn\u00ed v zemi ostravsk\u00e1 m\u011bstsk\u00e1 policie, kter\u00e1 za tu dobu ozna\u010dila p\u0159es \u010dtrn\u00e1ct stovek kol a \u0161esta\u010dty\u0159icet invalidn\u00edch voz\u00edk\u016f.<\/p>\n<p>Jarom\u00edr KOLA\u0158\u00cdK, preventista M\u011bstsk\u00e9 policie Ostrava:\u00a0 Tam jsme zjistili, \u017ee t\u011bch \u010dty\u0159icet \u0161est kompenza\u010dn\u00edch pom\u016fcek m\u011blo hodnotu v\u011bt\u0161\u00ed ne\u017e \u010dty\u0159i miliony korun.<\/p>\n<p>Pan Carbol str\u00e1\u017en\u00edk\u016fm navrhoval, \u017ee by bylo dobr\u00e9 ozna\u010dovat nejenom kola a invalidn\u00ed voz\u00edky, ale i dal\u0161\u00ed pom\u016fcky pro handicapovan\u00e9, jako nap\u0159\u00edklad tyhle li\u017einy, kter\u00e9 mohou zlod\u011bji snadno ukr\u00e1st.<\/p>\n<p>CARBOL :\u00a0 Cena sady t\u011bch li\u017ein deset tis\u00edc korun. Jako voz\u00ed\u010dk\u00e1\u0159, kdyby m\u011b to ukradli, pro m\u011b je to \u0161patn\u00e9.<\/p>\n<p>Roztok syntetick\u00e9 DNA obsahuje lepidlo a drobn\u00e9 mikrote\u010dky s unik\u00e1tn\u00edm k\u00f3dem.<\/p>\n<p>KOLA\u0158\u00cdK:\u00a0 M\u016f\u017eeme ozna\u010dit to j\u00edzdn\u00ed kolo na m\u00edstech \u0159azen\u00ed a brzdov\u00fdch p\u00e1k a b\u011bhem patn\u00e1cti minut to lepidlo zasych\u00e1 a cyklista na tom j\u00edzdn\u00edm kole m\u016f\u017ee odjet.<\/p>\n<p>Ke kontrole pak posta\u010d\u00ed UV sv\u011btlo, pod kter\u00fdm se ozna\u010den\u00ed uk\u00e1\u017ee.\u00a0 Ozna\u010dov\u00e1n\u00ed syntetickou DNA zat\u00edm vyu\u017e\u00edv\u00e1 t\u0159in\u00e1ct m\u011bst v republice. Pl\u00e1nuje se ale jeho dal\u0161\u00ed roz\u0161\u00ed\u0159en\u00ed.<\/p>\n<p>Tom\u00e1\u0161 KON\u00cd\u010cEK, preventista kriminality; Ministerstvo vnitra:\u00a0 Po\u010d\u00edt\u00e1me s t\u00edm, \u017ee projekt se roz\u0161\u00ed\u0159\u00ed i d\u00edky tomu, \u017ee u\u017e existuje v podstat\u011b celorepublikov\u00fd registr a m\u00e1me i p\u0159isl\u00edben\u00e1 jedn\u00e1n\u00ed jak s Polskem, tak ze Slovenskem.<\/p>\n<p>Pokud byste si tak cht\u011bli nechat ozna\u010dit sv\u00e9 kolo, nebo invalidn\u00ed voz\u00edk, zeptejte se na m\u011bstsk\u00e9 policii.<\/p>\n","protected":false},"excerpt":{"rendered":"<div class=\"mh-excerpt\"><p>Bezohlednost zlod\u011bj\u016f nezn\u00e1 mez\u00ed. \u010casto okr\u00e1daj\u00ed star\u00e9 lidi a n\u011bkdy si troufnou i na voz\u00ed\u010dk\u00e1\u0159e, kter\u00fdm se neboj\u00ed ukr\u00e1st dokonce i invalidn\u00ed voz\u00edk. Bojovat proti <a class=\"mh-excerpt-more\" href=\"https:\/\/www.invarena.cz\/?p=18842\" title=\"Forenzn\u00ed specialist\u00e9 pro voz\u00ed\u010dk\u00e1\u0159e\">[&#8230;]<\/a><\/p>\n<\/div>","protected":false},"author":1,"featured_media":13212,"comment_status":"open","ping_status":"closed","sticky":false,"template":"","format":"standard","meta":{"footnotes":""},"categories":[7],"tags":[],"class_list":["post-18842","post","type-post","status-publish","format-standard","has-post-thumbnail","hentry","category-spolecnost"],"_links":{"self":[{"href":"https:\/\/www.invarena.cz\/index.php?rest_route=\/wp\/v2\/posts\/18842","targetHints":{"allow":["GET"]}}],"collection":[{"href":"https:\/\/www.invarena.cz\/index.php?rest_route=\/wp\/v2\/posts"}],"about":[{"href":"https:\/\/www.invarena.cz\/index.php?rest_route=\/wp\/v2\/types\/post"}],"author":[{"embeddable":true,"href":"https:\/\/www.invarena.cz\/index.php?rest_route=\/wp\/v2\/users\/1"}],"replies":[{"embeddable":true,"href":"https:\/\/www.invarena.cz\/index.php?rest_route=%2Fwp%2Fv2%2Fcomments&post=18842"}],"version-history":[{"count":0,"href":"https:\/\/www.invarena.cz\/index.php?rest_route=\/wp\/v2\/posts\/18842\/revisions"}],"wp:featuredmedia":[{"embeddable":true,"href":"https:\/\/www.invarena.cz\/index.php?rest_route=\/wp\/v2\/media\/13212"}],"wp:attachment":[{"href":"https:\/\/www.invarena.cz\/index.php?rest_route=%2Fwp%2Fv2%2Fmedia&parent=18842"}],"wp:term":[{"taxonomy":"category","embeddable":true,"href":"https:\/\/www.invarena.cz\/index.php?rest_route=%2Fwp%2Fv2%2Fcategories&post=18842"},{"taxonomy":"post_tag","embeddable":true,"href":"https:\/\/www.invarena.cz\/index.php?rest_route=%2Fwp%2Fv2%2Ftags&post=18842"}],"curies":[{"name":"wp","href":"https:\/\/api.w.org\/{rel}","templated":true}]}}