{"id":18862,"date":"2014-12-10T17:30:59","date_gmt":"2014-12-10T16:30:59","guid":{"rendered":"http:\/\/www.invarena.cz\/?p=18862"},"modified":"2014-12-10T17:30:50","modified_gmt":"2014-12-10T16:30:50","slug":"jsem-v-id-ii-stupne-musim-platit-dan-z-prijmu","status":"publish","type":"post","link":"https:\/\/www.invarena.cz\/?p=18862","title":{"rendered":"Jsem v ID II. stupn\u011b. Mus\u00edm platit da\u0148 z p\u0159\u00edjmu?"},"content":{"rendered":"<p><strong>Dotaz: R\u00e1da bych se zeptala, zda mus\u00edm platit da\u0148 z p\u0159\u00edjmu, kdy\u017e jsem v \u010d\u00e1ste\u010dn\u00e9m invalidn\u00edm d\u016fchodu ve 2.stupni.<\/strong><br \/>\n<!--more--><em>ilustra\u010dn\u00ed foto: Cohdra \/ MorgueFile<\/em><\/p>\n<p><strong>Odpov\u011b\u010f:<\/strong><br \/>\nV\u0161eobecn\u011b lze \u0159\u00edci, \u017ee pokud jste v roce 2014 vykon\u00e1vala n\u011bjakou v\u00fdd\u011ble\u010dnou \u010dinnost, m\u011bla byste se p\u0159inejmen\u0161\u00edm o da\u0148 z p\u0159\u00edjmu zaj\u00edmat. Samotn\u00e1 skute\u010dnost, \u017ee jste v ID II. Stupn\u011b nem\u00e1 vliv na to, zda mus\u00edte, \u010di nemus\u00edte platit da\u0148 z p\u0159\u00edjmu.<\/p>\n<p>Pokud jste byla zam\u011bstn\u00e1na v\u017edy jen u jednoho zam\u011bstnavatele, nemus\u00edte si s dan\u00ed z p\u0159\u00edjm\u016f d\u011blat velk\u00e9 starosti. Zam\u011bstnavatel V\u00e1m toti\u017e ka\u017ed\u00fd m\u011bs\u00edc strh\u00e1v\u00e1 z\u00e1lohu na da\u0148 ze mzdy a n\u00e1sledn\u011b za V\u00e1s pod\u00e1 i da\u0148ov\u00e9 p\u0159izn\u00e1n\u00ed. Jen v p\u0159\u00edpad\u011b, \u017ee V\u00e1\u0161 p\u0159\u00edjem n\u011bkter\u00fd z m\u011bs\u00edc\u016f p\u0159es\u00e1hl \u010dty\u0159n\u00e1sobek pr\u016fm\u011brn\u00e9 mzdy, mus\u00edte podat dodate\u010dn\u00e9 da\u0148ov\u00e9 p\u0159izn\u00e1n\u00ed.<\/p>\n<p>Pokud jste v\u0161ak osobou samostatn\u011b v\u00fdd\u011ble\u010dn\u011b \u010dinnou, mus\u00edte podat da\u0148ov\u00e9 p\u0159izn\u00e1n\u00ed. Kdy\u017e tedy V\u00e1\u0161 v\u00fdd\u011blek p\u0159es\u00e1hl patn\u00e1ct tis\u00edc korun. To zda nakonec platit da\u0148 budete \u010di ne z\u00e1le\u017e\u00ed na v\u00fd\u0161i Va\u0161eho v\u00fdd\u011blku a nejr\u016fzn\u011bj\u0161\u00edch slev\u00e1ch na dani.<\/p>\n<p>D\u016fle\u017eit\u00e9 je, \u017ee si m\u016f\u017eete sn\u00ed\u017eit vypo\u010d\u00edtanou da\u0148 o 2 520 korun, jeliko\u017e pob\u00edr\u00e1te invalidn\u00ed d\u016fchod druh\u00e9ho stupn\u011b.<\/p>\n<p>Ji\u0159\u00ed Marek<br \/>\ninvArena<\/p>\n","protected":false},"excerpt":{"rendered":"<div class=\"mh-excerpt\"><p>Dotaz: R\u00e1da bych se zeptala, zda mus\u00edm platit da\u0148 z p\u0159\u00edjmu, kdy\u017e jsem v \u010d\u00e1ste\u010dn\u00e9m invalidn\u00edm d\u016fchodu ve 2.stupni.<\/p>\n<\/div>","protected":false},"author":3,"featured_media":14577,"comment_status":"open","ping_status":"closed","sticky":false,"template":"","format":"standard","meta":{"footnotes":""},"categories":[18],"tags":[],"class_list":["post-18862","post","type-post","status-publish","format-standard","has-post-thumbnail","hentry","category-poradna"],"_links":{"self":[{"href":"https:\/\/www.invarena.cz\/index.php?rest_route=\/wp\/v2\/posts\/18862","targetHints":{"allow":["GET"]}}],"collection":[{"href":"https:\/\/www.invarena.cz\/index.php?rest_route=\/wp\/v2\/posts"}],"about":[{"href":"https:\/\/www.invarena.cz\/index.php?rest_route=\/wp\/v2\/types\/post"}],"author":[{"embeddable":true,"href":"https:\/\/www.invarena.cz\/index.php?rest_route=\/wp\/v2\/users\/3"}],"replies":[{"embeddable":true,"href":"https:\/\/www.invarena.cz\/index.php?rest_route=%2Fwp%2Fv2%2Fcomments&post=18862"}],"version-history":[{"count":0,"href":"https:\/\/www.invarena.cz\/index.php?rest_route=\/wp\/v2\/posts\/18862\/revisions"}],"wp:featuredmedia":[{"embeddable":true,"href":"https:\/\/www.invarena.cz\/index.php?rest_route=\/wp\/v2\/media\/14577"}],"wp:attachment":[{"href":"https:\/\/www.invarena.cz\/index.php?rest_route=%2Fwp%2Fv2%2Fmedia&parent=18862"}],"wp:term":[{"taxonomy":"category","embeddable":true,"href":"https:\/\/www.invarena.cz\/index.php?rest_route=%2Fwp%2Fv2%2Fcategories&post=18862"},{"taxonomy":"post_tag","embeddable":true,"href":"https:\/\/www.invarena.cz\/index.php?rest_route=%2Fwp%2Fv2%2Ftags&post=18862"}],"curies":[{"name":"wp","href":"https:\/\/api.w.org\/{rel}","templated":true}]}}