{"id":18865,"date":"2014-12-10T12:20:30","date_gmt":"2014-12-10T11:20:30","guid":{"rendered":"http:\/\/www.invarena.cz\/?p=18865"},"modified":"2014-12-10T12:20:30","modified_gmt":"2014-12-10T11:20:30","slug":"legislativni-novinky-2015-administrativni-ulevy-levnejsi-bezlepkove-potraviny","status":"publish","type":"post","link":"https:\/\/www.invarena.cz\/?p=18865","title":{"rendered":"Legislativn\u00ed novinky 2015: administrativn\u00ed \u00falevy, levn\u011bj\u0161\u00ed bezlepkov\u00e9 potraviny"},"content":{"rendered":"<p><b>I kdy\u017e obyvatele \u010ceska od ledna 2015 ne\u010dek\u00e1 takov\u00e9 mno\u017estv\u00ed legislativn\u00edch zm\u011bn, jako tomu bylo za\u010d\u00e1tkem tohoto roku, na n\u011bkolik novinek se p\u0159ipravit mus\u00ed. N\u011bkter\u00e9 za\u010daly dokonce platit u\u017e v\u00a0prosinci.<\/b><!--more--><\/p>\n<p class=\"western\" align=\"justify\"><em>foto: rikkis_refuge \/ Flickr.com<\/em><\/p>\n<p class=\"western\" align=\"justify\"><span style=\"font-family: Arial,sans-serif;\"><span style=\"font-size: small;\"><b>Hotov\u011b u\u017e jen 270 tis\u00edc korun<\/b><\/span><\/span><\/p>\n<p class=\"western\" align=\"justify\"><span style=\"font-family: Arial,sans-serif;\"><span style=\"font-size: small;\">U\u017e od 1. prosince plat\u00ed zm\u011bna z\u00e1kona o omezen\u00ed plateb v hotovosti. Ta se vztahuje na \u0161ir\u0161\u00ed okruh p\u0159evod\u016f hotovosti. Omezen\u00ed se toti\u017e krom\u011b \u00fahrady z\u00e1vazk\u016f vztahuje tak\u00e9 na p\u016fj\u010dky, darov\u00e1n\u00ed a dal\u0161\u00ed smlouvy re\u00e1ln\u00e9 povahy.<\/span><\/span> <span style=\"color: #1f497d;\"><span style=\"font-family: Arial,sans-serif;\"><span style=\"font-size: small;\"><span lang=\"cs-CZ\"><b>\u201eNov\u011b budou t\u00edmto omezen\u00edm posti\u017eeny u\u017e transakce nad 270 tis\u00edc korun, p\u0159ed 1. prosincem se tento z\u00e1kon vztahoval na \u010d\u00e1stky nad 350 tis\u00edc korun. Opat\u0159en\u00ed m\u00e1 p\u0159isp\u011bt k redukci korup\u010dn\u00edho rizika<\/b><\/span><\/span><\/span><\/span><span style=\"color: #1f497d;\"><span style=\"font-family: Arial,sans-serif;\"><span style=\"font-size: small;\"><span lang=\"cs-CZ\">,\u201c<\/span><\/span><\/span><\/span> <span style=\"font-family: Arial,sans-serif;\"><span style=\"font-size: small;\"><span lang=\"cs-CZ\">vysv\u011btlil Ji\u0159\u00ed Hartmann z\u00a0advok\u00e1tn\u00ed kancel\u00e1\u0159e Hartmann, Jel\u00ednek, Fr\u00e1\u0148a a partne\u0159i. <\/span><\/span><\/span><\/p>\n<p class=\"western\" align=\"justify\"><span style=\"font-family: Arial,sans-serif;\"><span style=\"font-size: small;\"><b>Oper\u00e1to\u0159i maj\u00ed voln\u011bj\u0161\u00ed ruce<\/b><\/span><\/span><\/p>\n<p class=\"western\" align=\"justify\"><span style=\"font-family: Arial,sans-serif;\"><span style=\"font-size: small;\"><span lang=\"cs-CZ\">Od 5. prosince za\u010dala platit zm\u011bna z\u00e1kona o elektronick\u00fdch komunikac\u00edch. Zm\u011bny se t\u00fdkaj\u00ed zejm\u00e9na podnikatel\u016f. <\/span><\/span><\/span><span style=\"color: #1f497d;\"><span style=\"font-family: Arial,sans-serif;\"><span style=\"font-size: small;\"><span lang=\"cs-CZ\">\u201e<\/span><\/span><\/span><\/span><span style=\"color: #1f497d;\"><span style=\"font-family: Arial,sans-serif;\"><span style=\"font-size: small;\"><span lang=\"cs-CZ\"><b>Pro podnikatele se ru\u0161\u00ed limit pokut p\u0159i ukon\u010den\u00ed smlouvy p\u0159ed uplynut\u00edm doby trv\u00e1n\u00ed, na kterou byla uzav\u0159ena.<\/b><\/span><\/span><\/span><\/span><span style=\"color: #1f497d;\"><span style=\"font-family: Arial,sans-serif;\"><span style=\"font-size: small;\"><span lang=\"cs-CZ\"> Dosud telefonn\u00ed oper\u00e1to\u0159i sm\u011bli \u00fa\u010dtovat jen p\u011btinu sou\u010dtu m\u011bs\u00ed\u010dn\u00edch pau\u0161\u00e1l\u016f zb\u00fdvaj\u00edc\u00edch do konce sjednan\u00e9 doby trv\u00e1n\u00ed smlouvy, nov\u011b nen\u00ed v\u00fd\u0161e pokuty stanovena, a oper\u00e1tor tak m\u016f\u017ee po\u017eadovat doplacen\u00ed v\u0161ech zb\u00fdvaj\u00edc\u00edch pau\u0161\u00e1l\u016f. <\/span><\/span><\/span><\/span><span style=\"color: #1f497d;\"><span style=\"font-family: Arial,sans-serif;\"><span style=\"font-size: small;\"><span lang=\"cs-CZ\"><b>Z\u00e1rove\u0148 se v\u00fdrazn\u011b sni\u017euje informa\u010dn\u00ed povinnost v\u016f\u010di podnikatel\u016fm.<\/b><\/span><\/span><\/span><\/span><span style=\"color: #1f497d;\"><span style=\"font-family: Arial,sans-serif;\"><span style=\"font-size: small;\"><span lang=\"cs-CZ\"> Oper\u00e1tor je u\u017e nemus\u00ed informovat o zm\u011bn\u011b smlouvy samotn\u00e9, ale jen o tom, \u017ee zm\u011bnu uve\u0159ejnil na internetov\u00fdch str\u00e1nk\u00e1ch a ve sv\u00fdch prodejn\u00e1ch. Jak konkr\u00e9tn\u011b se smlouva zm\u011bnila, si ale mus\u00ed klienti v obchodn\u00edch podm\u00ednk\u00e1ch dohledat sami,\u201c<\/span><\/span><\/span><\/span> <span style=\"font-family: Arial,sans-serif;\"><span style=\"font-size: small;\"><span lang=\"cs-CZ\">upozornil Ji\u0159\u00ed Hartmann.<\/span><\/span><\/span><\/p>\n<p class=\"western\" align=\"justify\"><span style=\"font-family: Arial,sans-serif;\"><span style=\"font-size: small;\"><b>M\u00e9n\u011b administrativy pro \u017eivnostn\u00edky<\/b><\/span><\/span><\/p>\n<p class=\"western\" align=\"justify\"><span style=\"font-family: Arial,sans-serif;\"><span style=\"font-size: small;\">Od 1. ledna p\u0159\u00ed\u0161t\u00edho roku dojde ke zm\u011bn\u00e1m v oblasti \u017eivnostensk\u00e9ho podnik\u00e1n\u00ed. C\u00edlem chystan\u00fdch zm\u011bn je usnadnit podnikatel\u016fm jejich \u010dinnost v oblasti administrativy.<\/span><\/span> <span style=\"color: #1f497d;\"><span style=\"font-family: Arial,sans-serif;\"><span style=\"font-size: small;\"><span lang=\"cs-CZ\"><b>\u201eOd Nov\u00e9ho roku nebude muset ohla\u0161ovatel \u017eivnosti \u010di \u017eadatel o koncesi p\u0159i dal\u0161\u00edm ohl\u00e1\u0161en\u00ed \u017eivnosti nebo p\u0159i pod\u00e1n\u00ed dal\u0161\u00ed \u017e\u00e1dosti o koncesi dokl\u00e1dat \u017eivnostensk\u00e9mu \u00fa\u0159adu \u0159adu dokument\u016f. <\/b><\/span><\/span><\/span><\/span><span style=\"color: #1f497d;\"><span style=\"font-family: Arial,sans-serif;\"><span style=\"font-size: small;\"><span lang=\"cs-CZ\">Mezi nimi je nap\u0159\u00edklad vysv\u011bd\u010den\u00ed, doklad o praxi, souhlas vlastn\u00edka s um\u00edst\u011bn\u00edm s\u00eddla na ur\u010dit\u00e9 adrese a podobn\u011b.<\/span><\/span><\/span><\/span><span style=\"color: #1f497d;\"><span style=\"font-family: Arial,sans-serif;\"><span style=\"font-size: small;\"><span lang=\"cs-CZ\"><b> To plat\u00ed ale pouze v\u00a0p\u0159\u00edpad\u011b, \u017ee tyto dokumenty p\u0159edlo\u017eil p\u0159i p\u0159edchoz\u00edm ohl\u00e1\u0161en\u00ed \u017eivnosti<\/b><\/span><\/span><\/span><\/span><span style=\"color: #1f497d;\"><span style=\"font-family: Arial,sans-serif;\"><span style=\"font-size: small;\"><span lang=\"cs-CZ\">,\u201c<\/span><\/span><\/span><\/span> <span style=\"font-family: Arial,sans-serif;\"><span style=\"font-size: small;\"><span lang=\"cs-CZ\">popsal Ji\u0159\u00ed Hartmann. <\/span><\/span><\/span><\/p>\n<p class=\"western\" align=\"justify\"><span style=\"font-family: Arial,sans-serif;\"><span style=\"font-size: small;\"><b>Levn\u011bj\u0161\u00ed potraviny pro celiaky<\/b><\/span><\/span><\/p>\n<p class=\"western\" align=\"justify\"><span style=\"font-family: Arial,sans-serif;\"><span style=\"font-size: small;\"><span lang=\"cs-CZ\">Desetiprocentn\u00ed sazba dan\u011b z\u00a0p\u0159idan\u00e9 hodnoty byla p\u016fvodn\u011b ur\u010dena jen pro l\u00e9ky, knihy a kojeneckou v\u00fd\u017eivu<\/span><\/span><\/span><span style=\"color: #1f497d;\"><span style=\"font-family: Arial,sans-serif;\"><span style=\"font-size: small;\"><span lang=\"cs-CZ\">. <\/span><\/span><\/span><\/span><span style=\"font-family: Arial,sans-serif;\"><span style=\"font-size: small;\"><span lang=\"cs-CZ\">Od nov\u00e9ho roku by ale mohla zahrnovat i bezlepkov\u00e9 potraviny.<\/span><\/span><\/span><span style=\"color: #1f497d;\"><span style=\"font-family: Arial,sans-serif;\"><span style=\"font-size: small;\"><span lang=\"cs-CZ\"> \u201ePotraviny pro lidi dr\u017e\u00edc\u00ed bezlepkovou dietu by m\u011bly od ledna 2015 v\u00fdrazn\u011b zlevnit. <\/span><\/span><\/span><\/span><span style=\"color: #1f497d;\"><span style=\"font-family: Arial,sans-serif;\"><span style=\"font-size: small;\"><span lang=\"cs-CZ\"><b>D\u00edky nov\u00e9mu n\u00e1vrhu z\u00e1kona, kter\u00fd u\u017e za\u010d\u00e1tkem listopadu poslanci schv\u00e1lili, by toti\u017e suroviny ur\u010den\u00e9 k v\u00fdrob\u011b potravin pro celiaky m\u011bly nov\u011b pat\u0159it do ni\u017e\u0161\u00ed, desetiprocentn\u00ed sazby dan\u011b z p\u0159idan\u00e9 hodnoty<\/b><\/span><\/span><\/span><\/span><span style=\"color: #1f497d;\"><span style=\"font-family: Arial,sans-serif;\"><span style=\"font-size: small;\"><span lang=\"cs-CZ\">,\u201c<\/span><\/span><\/span><\/span> <span style=\"font-family: Arial,sans-serif;\"><span style=\"font-size: small;\"><span lang=\"cs-CZ\">\u0159ekl Ji\u0159\u00ed Hartmann.<\/span><\/span><\/span><\/p>\n<p>&nbsp;<\/p>\n<p class=\"western\" align=\"justify\"><span style=\"font-family: Arial,sans-serif;\"><span style=\"font-size: small;\"><b>O advok\u00e1tn\u00ed kancel\u00e1\u0159i HARTMANN, JEL\u00cdNEK, FR\u00c1\u0147A a partne\u0159i, <\/b><\/span><\/span><span style=\"color: #0000ff;\"><span style=\"text-decoration: underline;\"><a href=\"http:\/\/www.hjf.cz\/\"><span style=\"font-family: Arial,sans-serif;\"><span style=\"font-size: small;\"><b>www.hjf.cz<\/b><\/span><\/span><\/a><\/span><\/span><\/p>\n<p class=\"western\" align=\"justify\"><span style=\"font-family: Arial,sans-serif;\"><span style=\"font-size: small;\">Pr\u00e1vn\u00ed zastoupen\u00ed nab\u00edz\u00ed na \u00fazem\u00ed \u010cesk\u00e9 republiky prost\u0159ednictv\u00edm dvou pracovi\u0161\u0165 v Praze a Hradci Kr\u00e1lov\u00e9. Pr\u00e1vn\u00ed slu\u017eby poskytovan\u00e9 advok\u00e1tn\u00ed kancel\u00e1\u0159\u00ed jsou poskytov\u00e1ny v cel\u00e9m spektru pr\u00e1va soukrom\u00e9ho i ve\u0159ejn\u00e9ho.<\/span><\/span><\/p>\n<p class=\"western\" align=\"justify\"><span style=\"font-family: Arial,sans-serif;\"><span style=\"font-size: small;\">\u00a0<\/span><\/span><\/p>\n","protected":false},"excerpt":{"rendered":"<div class=\"mh-excerpt\"><p>I kdy\u017e obyvatele \u010ceska od ledna 2015 ne\u010dek\u00e1 takov\u00e9 mno\u017estv\u00ed legislativn\u00edch zm\u011bn, jako tomu bylo za\u010d\u00e1tkem tohoto roku, na n\u011bkolik novinek se p\u0159ipravit mus\u00ed. N\u011bkter\u00e9 <a class=\"mh-excerpt-more\" href=\"https:\/\/www.invarena.cz\/?p=18865\" title=\"Legislativn\u00ed novinky 2015: administrativn\u00ed \u00falevy, levn\u011bj\u0161\u00ed bezlepkov\u00e9 potraviny\">[&#8230;]<\/a><\/p>\n<\/div>","protected":false},"author":1,"featured_media":18866,"comment_status":"open","ping_status":"closed","sticky":false,"template":"","format":"standard","meta":{"footnotes":""},"categories":[9],"tags":[],"class_list":["post-18865","post","type-post","status-publish","format-standard","has-post-thumbnail","hentry","category-zpravy"],"_links":{"self":[{"href":"https:\/\/www.invarena.cz\/index.php?rest_route=\/wp\/v2\/posts\/18865","targetHints":{"allow":["GET"]}}],"collection":[{"href":"https:\/\/www.invarena.cz\/index.php?rest_route=\/wp\/v2\/posts"}],"about":[{"href":"https:\/\/www.invarena.cz\/index.php?rest_route=\/wp\/v2\/types\/post"}],"author":[{"embeddable":true,"href":"https:\/\/www.invarena.cz\/index.php?rest_route=\/wp\/v2\/users\/1"}],"replies":[{"embeddable":true,"href":"https:\/\/www.invarena.cz\/index.php?rest_route=%2Fwp%2Fv2%2Fcomments&post=18865"}],"version-history":[{"count":0,"href":"https:\/\/www.invarena.cz\/index.php?rest_route=\/wp\/v2\/posts\/18865\/revisions"}],"wp:featuredmedia":[{"embeddable":true,"href":"https:\/\/www.invarena.cz\/index.php?rest_route=\/wp\/v2\/media\/18866"}],"wp:attachment":[{"href":"https:\/\/www.invarena.cz\/index.php?rest_route=%2Fwp%2Fv2%2Fmedia&parent=18865"}],"wp:term":[{"taxonomy":"category","embeddable":true,"href":"https:\/\/www.invarena.cz\/index.php?rest_route=%2Fwp%2Fv2%2Fcategories&post=18865"},{"taxonomy":"post_tag","embeddable":true,"href":"https:\/\/www.invarena.cz\/index.php?rest_route=%2Fwp%2Fv2%2Ftags&post=18865"}],"curies":[{"name":"wp","href":"https:\/\/api.w.org\/{rel}","templated":true}]}}