{"id":18888,"date":"2014-12-11T07:32:03","date_gmt":"2014-12-11T06:32:03","guid":{"rendered":"http:\/\/www.invarena.cz\/?p=18888"},"modified":"2014-12-11T07:32:12","modified_gmt":"2014-12-11T06:32:12","slug":"osobnosti-roku-casopisu-time-jsou-lide-bojujici-proti-ebole","status":"publish","type":"post","link":"https:\/\/www.invarena.cz\/?p=18888","title":{"rendered":"Osobnost\u00ed roku \u010dasopisu Time jsou lid\u00e9 bojuj\u00edc\u00ed proti ebole"},"content":{"rendered":"<p><strong>Redakce americk\u00e9ho \u010dasopisu Time ozna\u010dila za osobnost roku l\u00e9ka\u0159e, zdravotn\u00edky a dal\u0161\u00ed lidi bojuj\u00edc\u00ed proti ebole. Titul v tradi\u010dn\u00ed anket\u011b si podle editor\u016f magaz\u00ednu zaslou\u017eili t\u00edm, jak riskuj\u00ed sv\u00e9 zdrav\u00ed a \u017eivoty, aby zabr\u00e1nili \u0161\u00ed\u0159en\u00ed t\u00e9to zhoubn\u00e9 choroby.<\/strong><!--more--><\/p>\n<p>Mezi dal\u0161\u00edmi osobnostmi se um\u00edstili lid\u00e9 protestuj\u00edc\u00ed v americk\u00e9m Fergusonu \u010di rusk\u00fd prezident Vladimir Putin. V lo\u0148sk\u00e9m roce z\u00edskal cen\u011bn\u00fd titul pape\u017e Franti\u0161ek.<\/p>\n<p>&#8222;Riskovali a vytrvali, ob\u011btovali se a zachra\u0148ovali&#8230; Zeptejte se, co je motivovalo, a n\u011bkte\u0159\u00ed budou mluvit o Bohu; jin\u00ed o sv\u00e9 zemi, dal\u0161\u00ed o instinktu, kter\u00fd jim vel\u00ed b\u011b\u017eet sm\u011brem k ohni a ne pry\u010d,&#8220; uvedla ve zd\u016fvodn\u011bn\u00ed leto\u0161n\u00ed volby \u0161\u00e9fredaktorka magaz\u00ednu Nancy Gibbsov\u00e1.<\/p>\n<p>Epidemie z\u00e1ke\u0159n\u00e9 krv\u00e1civ\u00e9 hore\u010dky si dosud v z\u00e1padn\u00ed Africe vybrala 6331 ob\u011bt\u00ed a celkem se j\u00ed nakazilo zhruba 17.800 lid\u00ed. \u0158adu z nich tvo\u0159\u00ed pr\u00e1v\u011b l\u00e9ka\u0159i, zdravotnick\u00fd person\u00e1l, mision\u00e1\u0159i a dal\u0161\u00ed dobrovoln\u00edci, kte\u0159\u00ed se hlavn\u011b v Lib\u00e9rii, Guineji a Sie\u0159e Leone sna\u017e\u00ed p\u0159isp\u011bt k tomu, aby se epidemie ne\u0161\u00ed\u0159ila a co nejv\u00edce pacient\u016f se poda\u0159ilo uzdravit.<\/p>\n<p>Osobnost\u00ed roku se obvykle st\u00e1v\u00e1 \u010dlov\u011bk, kter\u00fd v uplynul\u00e9m roce nejv\u00edce ovl\u00e1dl zpravodajstv\u00ed a ve\u0159ejn\u00fd \u017eivot. Druh\u00e9 m\u00edsto letos podle \u010dasopisu Time pat\u0159\u00ed lidem protestuj\u00edc\u00edm v americk\u00e9m Fergusonu proti p\u0159\u00edli\u0161n\u00e9mu pou\u017e\u00edv\u00e1n\u00ed n\u00e1sil\u00ed ze strany americk\u00e9 policie. T\u0159et\u00ed p\u0159\u00ed\u010dku pak z\u00edskal rusk\u00fd prezident Putin, kter\u00fd se do pozornosti sv\u011bta dostal zvl\u00e1\u0161t\u011b kv\u016fli rusk\u00e9 anexi Krymu a n\u00e1sledn\u00e9mu konfliktu Moskvou podporovan\u00fdch povstalc\u016f s ukrajinskou arm\u00e1dou na v\u00fdchod\u011b Ukrajiny.<\/p>\n<p>\u0160\u00e9f Kremlu p\u0159ed m\u011bs\u00edcem usp\u011bl i v dal\u0161\u00edm presti\u017en\u00edm \u017eeb\u0159\u00ed\u010dku v\u00fdznamn\u00e9ho \u010dasopisu: Forbes jej v listopadu vyhl\u00e1sil nejmocn\u011bj\u0161\u00ed osobnost\u00ed sv\u011bta pro tento rok.<\/p>\n<p>Mezi dal\u0161\u00edmi finalisty ankety \u010dasopisu Time byli prezident ir\u00e1ck\u00e9ho Kurdist\u00e1nu Mas\u00fad Barz\u00e1n\u00ed a zakladatel nejv\u011bt\u0161\u00ed \u010d\u00ednsk\u00e9 internetov\u00e9 spole\u010dnosti Alibaba a z\u00e1rove\u0148 nejbohat\u0161\u00ed \u010c\u00ed\u0148an Jack Ma.<\/p>\n","protected":false},"excerpt":{"rendered":"<div class=\"mh-excerpt\"><p>Redakce americk\u00e9ho \u010dasopisu Time ozna\u010dila za osobnost roku l\u00e9ka\u0159e, zdravotn\u00edky a dal\u0161\u00ed lidi bojuj\u00edc\u00ed proti ebole. Titul v tradi\u010dn\u00ed anket\u011b si podle editor\u016f magaz\u00ednu zaslou\u017eili <a class=\"mh-excerpt-more\" href=\"https:\/\/www.invarena.cz\/?p=18888\" title=\"Osobnost\u00ed roku \u010dasopisu Time jsou lid\u00e9 bojuj\u00edc\u00ed proti ebole\">[&#8230;]<\/a><\/p>\n<\/div>","protected":false},"author":1,"featured_media":0,"comment_status":"open","ping_status":"closed","sticky":false,"template":"","format":"standard","meta":{"footnotes":""},"categories":[9],"tags":[],"class_list":["post-18888","post","type-post","status-publish","format-standard","hentry","category-zpravy"],"_links":{"self":[{"href":"https:\/\/www.invarena.cz\/index.php?rest_route=\/wp\/v2\/posts\/18888","targetHints":{"allow":["GET"]}}],"collection":[{"href":"https:\/\/www.invarena.cz\/index.php?rest_route=\/wp\/v2\/posts"}],"about":[{"href":"https:\/\/www.invarena.cz\/index.php?rest_route=\/wp\/v2\/types\/post"}],"author":[{"embeddable":true,"href":"https:\/\/www.invarena.cz\/index.php?rest_route=\/wp\/v2\/users\/1"}],"replies":[{"embeddable":true,"href":"https:\/\/www.invarena.cz\/index.php?rest_route=%2Fwp%2Fv2%2Fcomments&post=18888"}],"version-history":[{"count":0,"href":"https:\/\/www.invarena.cz\/index.php?rest_route=\/wp\/v2\/posts\/18888\/revisions"}],"wp:attachment":[{"href":"https:\/\/www.invarena.cz\/index.php?rest_route=%2Fwp%2Fv2%2Fmedia&parent=18888"}],"wp:term":[{"taxonomy":"category","embeddable":true,"href":"https:\/\/www.invarena.cz\/index.php?rest_route=%2Fwp%2Fv2%2Fcategories&post=18888"},{"taxonomy":"post_tag","embeddable":true,"href":"https:\/\/www.invarena.cz\/index.php?rest_route=%2Fwp%2Fv2%2Ftags&post=18888"}],"curies":[{"name":"wp","href":"https:\/\/api.w.org\/{rel}","templated":true}]}}