{"id":18896,"date":"2014-12-11T17:01:54","date_gmt":"2014-12-11T16:01:54","guid":{"rendered":"http:\/\/www.invarena.cz\/?p=18896"},"modified":"2014-12-11T17:01:54","modified_gmt":"2014-12-11T16:01:54","slug":"skauti-pomahaji-diakonii","status":"publish","type":"post","link":"https:\/\/www.invarena.cz\/?p=18896","title":{"rendered":"Skauti pom\u00e1haj\u00ed Diakonii"},"content":{"rendered":"<p><strong>A\u017e do 17. prosince budou m\u00edt plze\u0148\u0161t\u00ed skauti v centru m\u011bsta st\u00e1nek, a to na rohu Franti\u0161k\u00e1nsk\u00e9 ulice a Kopeck\u00e9ho sad\u016f. Prod\u00e1vaj\u00ed v n\u011bm ru\u010dn\u011b vyr\u00e1b\u011bn\u00e9 d\u00e1rky a z pen\u011bz utr\u017een\u00fdch za prodan\u00e9 zbo\u017e\u00ed p\u0159isp\u00edvaj\u00ed na dobrou v\u011bc.<\/strong> <!--more--><br \/>\nSt\u00e1nek budou m\u00edt skauti v centru Plzn\u011b do t\u00e9to soboty a pak je\u0161t\u011b v term\u00ednu 15. \u2013 17. prosince (od 11:30 do 17:00 hodin. Tuto sobotu pak od 12:00 do 16:30 hod).<\/p>\n<p>V\u00fdt\u011b\u017eek z prodeje d\u00e1rk\u016f p\u016fjde na konto Diakonie Z\u00e1pad, konkr\u00e9tn\u011b na projekt H2\u00d3da na Radost. Ten usiluje o z\u00edsk\u00e1n\u00ed pen\u011bz na vybudov\u00e1n\u00ed nov\u00e9ho zdroje pitn\u00e9 vody v merkl\u00ednsk\u00e9m Domov\u011b Radost, kter\u00fd se p\u0159edev\u0161\u00edm star\u00e1 o autistick\u00e9 klienty.<\/p>\n<p>Skauti si ka\u017ed\u00fd rok vyberou jinou organizaci, j\u00ed\u017e v\u011bnuj\u00ed vybranou \u010d\u00e1stku. Vloni z\u00edskali 35 tis\u00edc korun a darovali je plze\u0148sk\u00e9 Mate\u0159sk\u00e9 \u0161kole pro zrakov\u011b posti\u017een\u00e9. Sou\u010d\u00e1st\u00ed akce je rovn\u011b\u017e charitativn\u00ed koncert, kter\u00fd se kon\u00e1 12. prosince u st\u00e1nku. Od 17 hodin zde vystoup\u00ed hudebn\u00ed duo Bob a Tygr a tak\u00e9 dvojice V\u00e1clav a \u00c9la.<\/p>\n<p>invArena<\/p>\n","protected":false},"excerpt":{"rendered":"<div class=\"mh-excerpt\"><p>A\u017e do 17. prosince budou m\u00edt plze\u0148\u0161t\u00ed skauti v centru m\u011bsta st\u00e1nek, a to na rohu Franti\u0161k\u00e1nsk\u00e9 ulice a Kopeck\u00e9ho sad\u016f. Prod\u00e1vaj\u00ed v n\u011bm ru\u010dn\u011b <a class=\"mh-excerpt-more\" href=\"https:\/\/www.invarena.cz\/?p=18896\" title=\"Skauti pom\u00e1haj\u00ed Diakonii\">[&#8230;]<\/a><\/p>\n<\/div>","protected":false},"author":1,"featured_media":0,"comment_status":"open","ping_status":"closed","sticky":false,"template":"","format":"standard","meta":{"footnotes":""},"categories":[9],"tags":[],"class_list":["post-18896","post","type-post","status-publish","format-standard","hentry","category-zpravy"],"_links":{"self":[{"href":"https:\/\/www.invarena.cz\/index.php?rest_route=\/wp\/v2\/posts\/18896","targetHints":{"allow":["GET"]}}],"collection":[{"href":"https:\/\/www.invarena.cz\/index.php?rest_route=\/wp\/v2\/posts"}],"about":[{"href":"https:\/\/www.invarena.cz\/index.php?rest_route=\/wp\/v2\/types\/post"}],"author":[{"embeddable":true,"href":"https:\/\/www.invarena.cz\/index.php?rest_route=\/wp\/v2\/users\/1"}],"replies":[{"embeddable":true,"href":"https:\/\/www.invarena.cz\/index.php?rest_route=%2Fwp%2Fv2%2Fcomments&post=18896"}],"version-history":[{"count":0,"href":"https:\/\/www.invarena.cz\/index.php?rest_route=\/wp\/v2\/posts\/18896\/revisions"}],"wp:attachment":[{"href":"https:\/\/www.invarena.cz\/index.php?rest_route=%2Fwp%2Fv2%2Fmedia&parent=18896"}],"wp:term":[{"taxonomy":"category","embeddable":true,"href":"https:\/\/www.invarena.cz\/index.php?rest_route=%2Fwp%2Fv2%2Fcategories&post=18896"},{"taxonomy":"post_tag","embeddable":true,"href":"https:\/\/www.invarena.cz\/index.php?rest_route=%2Fwp%2Fv2%2Ftags&post=18896"}],"curies":[{"name":"wp","href":"https:\/\/api.w.org\/{rel}","templated":true}]}}