{"id":18898,"date":"2014-12-11T16:47:55","date_gmt":"2014-12-11T15:47:55","guid":{"rendered":"http:\/\/www.invarena.cz\/?p=18898"},"modified":"2014-12-11T16:47:55","modified_gmt":"2014-12-11T15:47:55","slug":"sen-o-tanci-mu-prervala-vazna-autonehoda-nasel-se-v-malbe","status":"publish","type":"post","link":"https:\/\/www.invarena.cz\/?p=18898","title":{"rendered":"Sen o tanci mu p\u0159ervala v\u00e1\u017en\u00e1 autonehoda, na\u0161el se v malb\u011b"},"content":{"rendered":"<p><strong>S t\u011b\u017ek\u00fdm osudem se \u00fasp\u011b\u0161n\u011b pere osmadvacetilet\u00fd Zden\u011bk Hornof z Kladna. Mu\u017e, kter\u00fd snil o kari\u00e9\u0159e architekta a tane\u010dn\u00edka, z\u016fstal po t\u011b\u017ek\u00e9 autonehod\u011b upout\u00e1n na invalidn\u00ed voz\u00edk. Poda\u0159ilo se mu ale vr\u00e1tit ke sv\u00e9 z\u00e1lib\u011b z ml\u00e1d\u00ed malov\u00e1n\u00ed.<\/strong> <!--more--><\/p>\n<p>&nbsp;<\/p>\n<p><a href=\"http:\/\/www.denik.cz\/stredocesky-kraj\/sen-o-tanci-mu-prervala-vazna-autonehoda-nasel-se-v-malbe-20141211.html\">cel\u00fd \u010dl\u00e1nek http:\/\/www.denik.cz\/stredocesky-kraj\/sen-o-tanci-mu-prervala-vazna-autonehoda-nasel-se-v-malbe-20141211.html<\/a><\/p>\n<p>http:\/\/www.kladensky.denik.cz\/<\/p>\n","protected":false},"excerpt":{"rendered":"<div class=\"mh-excerpt\"><p>S t\u011b\u017ek\u00fdm osudem se \u00fasp\u011b\u0161n\u011b pere osmadvacetilet\u00fd Zden\u011bk Hornof z Kladna. Mu\u017e, kter\u00fd snil o kari\u00e9\u0159e architekta a tane\u010dn\u00edka, z\u016fstal po t\u011b\u017ek\u00e9 autonehod\u011b upout\u00e1n na <a class=\"mh-excerpt-more\" href=\"https:\/\/www.invarena.cz\/?p=18898\" title=\"Sen o tanci mu p\u0159ervala v\u00e1\u017en\u00e1 autonehoda, na\u0161el se v malb\u011b\">[&#8230;]<\/a><\/p>\n<\/div>","protected":false},"author":1,"featured_media":0,"comment_status":"open","ping_status":"closed","sticky":false,"template":"","format":"standard","meta":{"footnotes":""},"categories":[9],"tags":[],"class_list":["post-18898","post","type-post","status-publish","format-standard","hentry","category-zpravy"],"_links":{"self":[{"href":"https:\/\/www.invarena.cz\/index.php?rest_route=\/wp\/v2\/posts\/18898","targetHints":{"allow":["GET"]}}],"collection":[{"href":"https:\/\/www.invarena.cz\/index.php?rest_route=\/wp\/v2\/posts"}],"about":[{"href":"https:\/\/www.invarena.cz\/index.php?rest_route=\/wp\/v2\/types\/post"}],"author":[{"embeddable":true,"href":"https:\/\/www.invarena.cz\/index.php?rest_route=\/wp\/v2\/users\/1"}],"replies":[{"embeddable":true,"href":"https:\/\/www.invarena.cz\/index.php?rest_route=%2Fwp%2Fv2%2Fcomments&post=18898"}],"version-history":[{"count":0,"href":"https:\/\/www.invarena.cz\/index.php?rest_route=\/wp\/v2\/posts\/18898\/revisions"}],"wp:attachment":[{"href":"https:\/\/www.invarena.cz\/index.php?rest_route=%2Fwp%2Fv2%2Fmedia&parent=18898"}],"wp:term":[{"taxonomy":"category","embeddable":true,"href":"https:\/\/www.invarena.cz\/index.php?rest_route=%2Fwp%2Fv2%2Fcategories&post=18898"},{"taxonomy":"post_tag","embeddable":true,"href":"https:\/\/www.invarena.cz\/index.php?rest_route=%2Fwp%2Fv2%2Ftags&post=18898"}],"curies":[{"name":"wp","href":"https:\/\/api.w.org\/{rel}","templated":true}]}}