{"id":18905,"date":"2014-12-11T11:25:34","date_gmt":"2014-12-11T10:25:34","guid":{"rendered":"http:\/\/www.invarena.cz\/?p=18905"},"modified":"2014-12-11T11:25:34","modified_gmt":"2014-12-11T10:25:34","slug":"deti-se-uci-zpivat-ve-znakove-reci","status":"publish","type":"post","link":"https:\/\/www.invarena.cz\/?p=18905","title":{"rendered":"D\u011bti se u\u010d\u00ed zp\u00edvat ve znakov\u00e9 \u0159e\u010di"},"content":{"rendered":"<p><strong>D\u011bti ze Z\u00e1kladn\u00ed \u0161koly Ale\u0161e Hrdli\u010dky v Ostrav\u011b-Porub\u011b se u\u010d\u00ed zp\u00edvat ve znakov\u00e9 \u0159e\u010di. Report\u00e1\u017e \u010cesk\u00e9 televize<\/strong><!--more--><\/p>\n<p>Cht\u011bj\u00ed se tak p\u0159ibl\u00ed\u017eit handicapovan\u00fdm d\u011btem, kter\u00e9 se s vadou sluchu mnohdy pot\u00fdkaj\u00ed u\u017e od narozen\u00ed. Takzvan\u00e9 tich\u00e9 zp\u00edv\u00e1n\u00ed pak zkou\u0161ej\u00ed d\u011bti spole\u010dn\u011b, aby mohly vystupovat i na ve\u0159ejnosti.<\/p>\n<p>Tereza \u010cervenkov\u00e1 je jednou z 16 \u017e\u00e1ky\u0148, kter\u00e9 se do projektu tich\u00e9ho zp\u00edv\u00e1n\u00ed dobrovoln\u011b p\u0159ihl\u00e1sily. Nejd\u0159\u00edve si p\u00edsni\u010dky ve znakov\u00e9 \u0159e\u010di zkou\u0161ela doma, dnes u\u017e je tr\u00e9nuje ve t\u0159\u00edd\u011b spole\u010dn\u011b s ostatn\u00edmi.<\/p>\n<p>&#8222;Pro m\u011b je to fajn. Beru to tak, \u017ee se jim m\u016f\u017eu p\u0159ibl\u00ed\u017eit,&#8220; sv\u011b\u0159uje se \u017e\u00e1kyn\u011b 9. t\u0159\u00eddy.<\/p>\n<p>Skupina \u017e\u00e1ky\u0148 v\u011bnuje tr\u00e9ninku ka\u017edou volnou chvilku, v\u010detn\u011b p\u0159est\u00e1vek. Zp\u011bv ve znakov\u00e9m jazyce ve \u0161kole p\u0159ed 4 lety zavedly jejich b\u00fdval\u00e9 spolu\u017ea\u010dky, kter\u00e9 jsou dnes u\u017e na st\u0159edn\u00edch \u0161kol\u00e1ch. Od t\u00e9 doby spolu tich\u00e9 p\u00edsni\u010dky d\u011bti nacvi\u010duj\u00ed ka\u017ed\u00fd rok p\u0159ed V\u00e1noci.<\/p>\n<p>&#8222;V americk\u00e9m muzik\u00e1lu byla pr\u00e1v\u011b uk\u00e1zka takov\u00e9hoto zp\u00edv\u00e1n\u00ed, kde zp\u00edvaly sly\u0161\u00edc\u00ed d\u011bti s nesly\u0161\u00edc\u00edmi, d\u011bti to hrozn\u011b zaujalo,&#8220; podot\u00fdk\u00e1 u\u010ditelka angli\u010dtiny Petra Trunk\u00e1tov\u00e1.<\/p>\n<p>Zp\u011bv ve znakov\u00e9 \u0159e\u010di dnes \u017e\u00e1kyn\u011b Z\u00e1kladn\u00ed \u0161koly Ale\u0161e Hrdli\u010dky s handicapovan\u00fdmi d\u011btmi nacvi\u010duj\u00ed pot\u0159et\u00ed. Spole\u010dn\u011b je pak \u010dek\u00e1 n\u011bkolik vystoupen\u00ed na ve\u0159ejnosti. Zat\u00edmco sluchov\u011b posti\u017een\u00e9 d\u011bti u\u017e znaj\u00ed p\u00edsni\u010dky zpam\u011bti, \u017e\u00e1ci ze z\u00e1kladn\u00ed \u0161koly se ka\u017ed\u00fd rok st\u0159\u00eddaj\u00ed a u\u010d\u00ed se tak v\u017edy \u00fapln\u011b v\u0161e od p\u00edky.<\/p>\n<p>&#8222;D\u0159\u00edv se n\u00e1m to zd\u00e1lo, jako\u017ee dost t\u011b\u017ek\u00e9, ale postupem \u010dasu n\u00e1m to p\u0159i\u0161lo jednodu\u0161\u0161\u00ed a te\u010f u\u017e to celkem ovl\u00e1d\u00e1me, ty p\u00edsni\u010dky,&#8220; \u0159\u00edk\u00e1 Regina Riznerov\u00e1, \u017e\u00e1kyn\u011b 9. t\u0159\u00eddy.<\/p>\n<p>A nad\u0161en\u00e9 jsou i sluchov\u011b posti\u017een\u00e9 d\u011bti, kter\u00e9 maj\u00ed d\u00edky projektu \u0161anci se zapojit do b\u011b\u017en\u00e9ho \u017eivota. Zdrav\u00fdm d\u011btem pak mohou na opl\u00e1tku p\u0159edat sv\u00e9 zku\u0161enosti i znalost znakov\u00e9ho jazyka.<\/p>\n<p>Dominik Matis, \u017e\u00e1k Z\u0160 pro sluchov\u011b posti\u017een\u00e9 \u0159\u00edk\u00e1: &#8222;Se mi l\u00edb\u00ed, \u017ee, jako\u017ee d\u011bl\u00e1me dohromady jako to a \u017ee se r\u00e1d s nima sezn\u00e1m\u00edm.&#8220;<\/p>\n<p>&#8222;P\u00edsni\u010dky vyb\u00edr\u00e1me jednak podle tempa. Nem\u016f\u017eou to b\u00fdt p\u00edsni\u010dky ani \u00fapln\u011b pomal\u00e9, ale samoz\u0159ejm\u011b ani ne \u00fapln\u011b rychl\u00e9, no, a hlavn\u00ed slovo maj\u00ed samoz\u0159ejm\u011b d\u011bti, to, co je zaujme, to, co se jim l\u00edb\u00ed,&#8220; sd\u011bluje vychovatelka Simona Pelh\u0159imovsk\u00e1.<\/p>\n<p>B\u011bhem t\u00fddne \u017e\u00e1ci spole\u010dn\u011b vystoup\u00ed na n\u011bkolika adventn\u00edch koncertech v Ostrav\u011b. V pr\u016fb\u011bhu p\u0159\u00ed\u0161t\u00edho roku je pak \u010dek\u00e1 n\u011bkolik vystoupen\u00ed, nap\u0159\u00edklad na charitativn\u00ed akci Lid\u00e9 lidem, nebo v domovech senior\u016f, kde si klienti spole\u010dn\u00e9 vystoupen\u00ed d\u011bt\u00ed moc chv\u00e1l\u00ed.<\/p>\n<p>Lucie Poni\u0161tov\u00e1, \u010cesk\u00e1 televize.<\/p>\n","protected":false},"excerpt":{"rendered":"<div class=\"mh-excerpt\"><p>D\u011bti ze Z\u00e1kladn\u00ed \u0161koly Ale\u0161e Hrdli\u010dky v Ostrav\u011b-Porub\u011b se u\u010d\u00ed zp\u00edvat ve znakov\u00e9 \u0159e\u010di. Report\u00e1\u017e \u010cesk\u00e9 televize<\/p>\n<\/div>","protected":false},"author":1,"featured_media":18796,"comment_status":"open","ping_status":"closed","sticky":false,"template":"","format":"standard","meta":{"footnotes":""},"categories":[9],"tags":[],"class_list":["post-18905","post","type-post","status-publish","format-standard","has-post-thumbnail","hentry","category-zpravy"],"_links":{"self":[{"href":"https:\/\/www.invarena.cz\/index.php?rest_route=\/wp\/v2\/posts\/18905","targetHints":{"allow":["GET"]}}],"collection":[{"href":"https:\/\/www.invarena.cz\/index.php?rest_route=\/wp\/v2\/posts"}],"about":[{"href":"https:\/\/www.invarena.cz\/index.php?rest_route=\/wp\/v2\/types\/post"}],"author":[{"embeddable":true,"href":"https:\/\/www.invarena.cz\/index.php?rest_route=\/wp\/v2\/users\/1"}],"replies":[{"embeddable":true,"href":"https:\/\/www.invarena.cz\/index.php?rest_route=%2Fwp%2Fv2%2Fcomments&post=18905"}],"version-history":[{"count":0,"href":"https:\/\/www.invarena.cz\/index.php?rest_route=\/wp\/v2\/posts\/18905\/revisions"}],"wp:featuredmedia":[{"embeddable":true,"href":"https:\/\/www.invarena.cz\/index.php?rest_route=\/wp\/v2\/media\/18796"}],"wp:attachment":[{"href":"https:\/\/www.invarena.cz\/index.php?rest_route=%2Fwp%2Fv2%2Fmedia&parent=18905"}],"wp:term":[{"taxonomy":"category","embeddable":true,"href":"https:\/\/www.invarena.cz\/index.php?rest_route=%2Fwp%2Fv2%2Fcategories&post=18905"},{"taxonomy":"post_tag","embeddable":true,"href":"https:\/\/www.invarena.cz\/index.php?rest_route=%2Fwp%2Fv2%2Ftags&post=18905"}],"curies":[{"name":"wp","href":"https:\/\/api.w.org\/{rel}","templated":true}]}}