{"id":18931,"date":"2014-12-12T14:00:04","date_gmt":"2014-12-12T13:00:04","guid":{"rendered":"http:\/\/www.invarena.cz\/?p=18931"},"modified":"2014-12-12T14:07:50","modified_gmt":"2014-12-12T13:07:50","slug":"hygiena-v-liberci-ma-rekordni-pocet-oznameni-o-vsich-a-blechach","status":"publish","type":"post","link":"https:\/\/www.invarena.cz\/?p=18931","title":{"rendered":"Hygiena v Liberci m\u00e1 rekordn\u00ed po\u010det ozn\u00e1men\u00ed o v\u0161\u00edch a blech\u00e1ch"},"content":{"rendered":"<p><strong>Rekordn\u00ed po\u010det ozn\u00e1men\u00ed o v\u00fdskytu ektoparazit\u016f, kam pat\u0159\u00ed z\u00e1ko\u017eka svrabov\u00e1, ve\u0161 \u0161atn\u00ed, blechy, \u0161t\u011bnice \u010di rus dom\u00e1c\u00ed, p\u0159ijala letos Krajsk\u00e1 hygienick\u00e1 stanice v Liberci. Do konce listopadu jich bylo 40, loni za stejn\u00e9 obdob\u00ed 24.<\/strong> <!--more--><\/p>\n<p>Novin\u00e1\u0159\u016fm to dnes \u0159ekla Du\u0161ana Kafkov\u00e1 z protiepidemick\u00e9ho odboru.<br \/>\nPodle vedouc\u00ed protiepidemick\u00e9ho odboru Jany Prattingerov\u00e9 jde ale jen o \u0161pi\u010dku ledovce. &#8222;K n\u00e1m se dost\u00e1vaj\u00ed v\u011bci, kter\u00e9 jsou t\u011b\u017eko \u0159e\u0161iteln\u00e9, slo\u017eit\u00e9 nebo ve velk\u00e9m rozsahu,&#8220; uvedla. Mezi hl\u00e1\u0161en\u00fdmi p\u0159\u00edpady se tak skoro v\u016fbec neobjevuj\u00ed v\u0161i d\u011btsk\u00e9, s nimi\u017e se pot\u00fdk\u00e1 nezanedbateln\u00e9 mno\u017estv\u00ed \u0161kol a \u0161kolek.<\/p>\n<p>S ozn\u00e1men\u00edm na ektoparazity se v minulosti libere\u010dt\u00ed hygienici ve v\u011bt\u0161\u00ed m\u00ed\u0159e nesetk\u00e1vali. &#8222;Je to pom\u011brn\u011b nov\u00fd fenom\u00e9n, kter\u00fd asi souvis\u00ed s t\u00edm, jak na\u0161e populace chudne, to znamen\u00e1 st\u00e1le v\u00edce lid\u00ed se objevuje na okraji spole\u010dnosti, a tak\u00e9 migrac\u00ed osob,&#8220; uvedla Prattingerov\u00e1.<\/p>\n<p>Podle Kafkov\u00e9 se ale probl\u00e9my s ektoparazity mohou objevit nejen u bezdomovc\u016f a v ubytovn\u00e1ch nevaln\u00e9 \u00farovn\u011b, ale i v dom\u00e1cnostech a hotel\u00edch s vysok\u00fdm hygienick\u00fdm standardem. T\u0159eba u panelov\u00e9ho domu sta\u010d\u00ed jeden probl\u00e9mov\u00fd n\u00e1jemn\u00edk. &#8222;D\u016fle\u017eitou prevenc\u00ed je dodr\u017eov\u00e1n\u00ed b\u011b\u017en\u00fdch hygienick\u00fdch opat\u0159en\u00ed,&#8220; konstatovala Kafkov\u00e1. V n\u011bkter\u00fdch p\u0159\u00edpadech, nap\u0159\u00edklad p\u0159i likvidaci \u0161t\u011bnic je podle n\u00ed z\u00e1sadn\u00ed, aby z\u00e1sah provedl odborn\u00edk.<\/p>\n<p>&#8222;Post\u0159ik insekticidy b\u011b\u017en\u011b dostupn\u00fdmi v prodejn\u00ed s\u00edti drogerie \u0161t\u011bnice nezahub\u00ed, naopak m\u016f\u017ee p\u0159isp\u011bt k jejich \u0161\u00ed\u0159en\u00ed do okol\u00ed. \u0160t\u011bnice se toti\u017e rozprchnou z o\u0161et\u0159en\u00e9ho m\u00edsta,&#8220; vysv\u011btlila.<\/p>\n<p>Za alarmuj\u00edc\u00ed pova\u017euje stoupaj\u00edc\u00ed v\u00fdskyt v\u0161i \u0161atn\u00ed u bezdomovc\u016f. Na rozd\u00edl od v\u0161i d\u011btsk\u00e9 se toti\u017e m\u016f\u017ee pod\u00edlet na \u0161\u00ed\u0159en\u00ed m\u011bstsk\u00e9 z\u00e1kopov\u00e9 hore\u010dky. Posledn\u00ed takov\u00e9 p\u0159\u00edpady se v kraji objevily p\u0159ed \u0161esti lety. Za d\u016fle\u017eit\u00e9 pova\u017euje i l\u00e9\u010dbu svrabu, co\u017e je onemocn\u011bn\u00ed k\u016f\u017ee zp\u016fsoben\u00e9 z\u00e1ko\u017ekou svrabovou.<\/p>\n<p> &#8222;U zanedban\u00fdch osob se m\u016f\u017ee projevit jako t\u011b\u017ek\u00e9 ko\u017en\u00ed onemocn\u011bn\u00ed, naopak u lid\u00ed s dobr\u00fdmi hygienick\u00fdm standardem m\u016f\u017ee j\u00edt pouze o n\u011bkolik pup\u00ednk\u016f a takto posti\u017een\u00e1 osoba pak m\u016f\u017ee b\u00fdt dlouho zdrojem n\u00e1kazy,&#8220; upozornila.<\/p>\n","protected":false},"excerpt":{"rendered":"<div class=\"mh-excerpt\"><p>Rekordn\u00ed po\u010det ozn\u00e1men\u00ed o v\u00fdskytu ektoparazit\u016f, kam pat\u0159\u00ed z\u00e1ko\u017eka svrabov\u00e1, ve\u0161 \u0161atn\u00ed, blechy, \u0161t\u011bnice \u010di rus dom\u00e1c\u00ed, p\u0159ijala letos Krajsk\u00e1 hygienick\u00e1 stanice v Liberci. Do <a class=\"mh-excerpt-more\" href=\"https:\/\/www.invarena.cz\/?p=18931\" title=\"Hygiena v Liberci m\u00e1 rekordn\u00ed po\u010det ozn\u00e1men\u00ed o v\u0161\u00edch a blech\u00e1ch\">[&#8230;]<\/a><\/p>\n<\/div>","protected":false},"author":1,"featured_media":0,"comment_status":"open","ping_status":"closed","sticky":false,"template":"","format":"standard","meta":{"footnotes":""},"categories":[9],"tags":[],"class_list":["post-18931","post","type-post","status-publish","format-standard","hentry","category-zpravy"],"_links":{"self":[{"href":"https:\/\/www.invarena.cz\/index.php?rest_route=\/wp\/v2\/posts\/18931","targetHints":{"allow":["GET"]}}],"collection":[{"href":"https:\/\/www.invarena.cz\/index.php?rest_route=\/wp\/v2\/posts"}],"about":[{"href":"https:\/\/www.invarena.cz\/index.php?rest_route=\/wp\/v2\/types\/post"}],"author":[{"embeddable":true,"href":"https:\/\/www.invarena.cz\/index.php?rest_route=\/wp\/v2\/users\/1"}],"replies":[{"embeddable":true,"href":"https:\/\/www.invarena.cz\/index.php?rest_route=%2Fwp%2Fv2%2Fcomments&post=18931"}],"version-history":[{"count":0,"href":"https:\/\/www.invarena.cz\/index.php?rest_route=\/wp\/v2\/posts\/18931\/revisions"}],"wp:attachment":[{"href":"https:\/\/www.invarena.cz\/index.php?rest_route=%2Fwp%2Fv2%2Fmedia&parent=18931"}],"wp:term":[{"taxonomy":"category","embeddable":true,"href":"https:\/\/www.invarena.cz\/index.php?rest_route=%2Fwp%2Fv2%2Fcategories&post=18931"},{"taxonomy":"post_tag","embeddable":true,"href":"https:\/\/www.invarena.cz\/index.php?rest_route=%2Fwp%2Fv2%2Ftags&post=18931"}],"curies":[{"name":"wp","href":"https:\/\/api.w.org\/{rel}","templated":true}]}}