{"id":18939,"date":"2014-12-14T15:42:39","date_gmt":"2014-12-14T14:42:39","guid":{"rendered":"http:\/\/www.invarena.cz\/?p=18939"},"modified":"2014-12-14T15:42:39","modified_gmt":"2014-12-14T14:42:39","slug":"restaurace-zacaly-zverejnovat-alergeny-v-jidle","status":"publish","type":"post","link":"https:\/\/www.invarena.cz\/?p=18939","title":{"rendered":"Restaurace za\u010daly zve\u0159ej\u0148ovat alergeny v j\u00eddle"},"content":{"rendered":"<p><strong>\u010cesk\u00e9 pohostinstv\u00ed se od tohoto v\u00edkendu dot\u00fdk\u00e1 z\u00e1sadn\u00ed zm\u011bna. Za\u010dala toti\u017e platit povinnost zve\u0159ej\u0148ovat alergeny, kter\u00e9 nab\u00edzen\u00e1 j\u00eddla obsahuj\u00ed. Na\u0159\u00edzen\u00ed Evropsk\u00e9 unie se t\u00fdk\u00e1 jak luxusn\u00edch restaurac\u00ed, tak i pouli\u010dn\u00edch st\u00e1nk\u016f s rychl\u00fdm ob\u010derstven\u00edm, nebo \u0161koln\u00edch j\u00eddelen.<\/strong><!--more--><\/p>\n<p><em><strong>Televize Barrandov &#8211; report\u00e1\u017e<br \/>\n<\/strong><br \/>\nilustra\u010dn\u00ed foto: Reggie Bibbs \/ Flickr.com <\/em><\/p>\n<p>Lid\u00e9, kte\u0159\u00ed n\u011bjakou alergi\u00ed trp\u00ed, nebo mus\u00ed dodr\u017eovat bezlepkovou dietu, si tak budou moci l\u00e9pe vybrat co si v restauraci objednaj\u00ed.<\/p>\n<p>Na\u0159\u00edzen\u00ed Evropsk\u00e9 komise u n\u00e1s v\u00edtaj\u00ed hlavn\u011b lid\u00e9 trp\u00edc\u00ed nesn\u00e1\u0161enlivost\u00ed k lepku, takzvanou celiaki\u00ed. Podle odhad\u016f nemoc\u00ed trp\u00ed asi jedno procento populace, probl\u00e9m ale je, \u017ee o sv\u00e9m onemocn\u011bn\u00ed v\u00ed jen asi patn\u00e1ct procent z nich. P\u0159\u00edznak\u016f nemoci je p\u0159itom cel\u00e1 \u0159ada, od za\u017e\u00edvac\u00edch pot\u00ed\u017e\u00ed, p\u0159es chornickou \u00fanavu a\u017e po psychick\u00e9 probl\u00e9my.<\/p>\n<p>Ivana L\u00c1\u0160KOV\u00c1, p\u0159edsedkyn\u011b Spole\u010dnosti pro bezlepkovou dietu:\u00a0 Celiakie je podce\u0148ovan\u00e1 diagn\u00f3za, tak\u017ee v\u011bt\u0161ina celiak\u016f nen\u00ed diagnostikovan\u00fdch. Jedn\u00e1 se o d\u011bdi\u010dn\u00e9 nemocn\u011bn\u00ed, tak\u017ee v p\u0159\u00edpad\u011b, \u017ee u n\u011bkoho v rodin\u011b je nalezena celiakie, m\u011bla by se vy\u0161et\u0159it cel\u00e1 rodina.<\/p>\n<p>Jednou z diagnostikovan\u00fdch celia\u010dek je tak\u00e9 Kate\u0159ina Moravcov\u00e1 z Prahy. A\u017e doned\u00e1vna o sv\u00e9 nemoci nev\u011bd\u011bla a pot\u00fdkala se s \u0159adou <span class=\"highlight\">zdravotn\u00edch<\/span> obt\u00ed\u017e\u00ed a hlavn\u011b neust\u00e1lou \u00fanavou. Diagn\u00f3zu zjistila v podstat\u011b n\u00e1hodou.<\/p>\n<p>Kate\u0159ina MORAVCOV\u00c1 :\u00a0 Sedm, osm let jsem v\u016fbec netu\u0161ila, \u017ee tou nemoc\u00ed trp\u00edm. Od \u00fanora se u\u010d\u00edm \u017e\u00edt \u00fapln\u011b jinak a hlavn\u011b va\u0159it jinak.<\/p>\n<p>Novou vyhl\u00e1\u0161ku o zve\u0159ej\u0148ov\u00e1n\u00ed alergen\u016f v\u00edt\u00e1. V sou\u010dasn\u00e9 situaci m\u00e1 velk\u00fd probl\u00e9m nap\u0159\u00edklad s v\u00fdb\u011brem restaurace.<\/p>\n<p>MORAVCOV\u00c1 : Se mi st\u00e1v\u00e1 velmi \u010dasto v restaurac\u00edch, \u017ee v\u016fbec nev\u011bd\u00ed jak mi poradit, \u0161patn\u011b mi porad\u00ed a jsou z toho potom samoz\u0159ejm\u011b velk\u00fd <span class=\"highlight\">zdravotn\u00ed<\/span> n\u00e1sledky.<\/p>\n<p>Vyhl\u00e1\u0161ka by lidem s potravinovou intoleranc\u00ed m\u011bla od nov\u00e9ho roku pomoci i v obchodech. N\u011bkte\u0159\u00ed prodejci u\u017e dnes maj\u00ed k nahl\u00e9dnut\u00ed seznam alergen\u016f v nebalen\u00fdch potravin\u00e1ch, jako jsou s\u00fdry, \u0161unky, nebo z\u00e1kusky. Krom\u011b b\u00edlkovin obsa\u017een\u00fdch v obilovin\u00e1ch, tedy lepku, bude na seznamu alergen\u016f povinn\u00e9 zve\u0159ej\u0148ovat i t\u0159eba kor\u00fd\u0161e, vejce, o\u0159echy, nebo sojov\u00e9 boby.<\/p>\n<p>Z j\u00eddeln\u00edch l\u00edstk\u016f tak\u00e9 zmiz\u00ed lah\u016fdky jako Kat\u016fv \u0161leh, nebo P\u0159ekvapen\u00ed pan\u00ed dom\u00e1c\u00ed. Takov\u00e9 n\u00e1zvy nov\u011b mus\u00ed b\u00fdt dovysv\u011btleny, z \u010deho p\u0159esn\u011b je j\u00eddlo p\u0159ipraveno.<\/p>\n<p>Televize Barrandov<\/p>\n","protected":false},"excerpt":{"rendered":"<div class=\"mh-excerpt\"><p>\u010cesk\u00e9 pohostinstv\u00ed se od tohoto v\u00edkendu dot\u00fdk\u00e1 z\u00e1sadn\u00ed zm\u011bna. Za\u010dala toti\u017e platit povinnost zve\u0159ej\u0148ovat alergeny, kter\u00e9 nab\u00edzen\u00e1 j\u00eddla obsahuj\u00ed. Na\u0159\u00edzen\u00ed Evropsk\u00e9 unie se t\u00fdk\u00e1 jak <a class=\"mh-excerpt-more\" href=\"https:\/\/www.invarena.cz\/?p=18939\" title=\"Restaurace za\u010daly zve\u0159ej\u0148ovat alergeny v j\u00eddle\">[&#8230;]<\/a><\/p>\n<\/div>","protected":false},"author":1,"featured_media":18700,"comment_status":"open","ping_status":"closed","sticky":false,"template":"","format":"standard","meta":{"footnotes":""},"categories":[11],"tags":[],"class_list":["post-18939","post","type-post","status-publish","format-standard","has-post-thumbnail","hentry","category-zdravi"],"_links":{"self":[{"href":"https:\/\/www.invarena.cz\/index.php?rest_route=\/wp\/v2\/posts\/18939","targetHints":{"allow":["GET"]}}],"collection":[{"href":"https:\/\/www.invarena.cz\/index.php?rest_route=\/wp\/v2\/posts"}],"about":[{"href":"https:\/\/www.invarena.cz\/index.php?rest_route=\/wp\/v2\/types\/post"}],"author":[{"embeddable":true,"href":"https:\/\/www.invarena.cz\/index.php?rest_route=\/wp\/v2\/users\/1"}],"replies":[{"embeddable":true,"href":"https:\/\/www.invarena.cz\/index.php?rest_route=%2Fwp%2Fv2%2Fcomments&post=18939"}],"version-history":[{"count":0,"href":"https:\/\/www.invarena.cz\/index.php?rest_route=\/wp\/v2\/posts\/18939\/revisions"}],"wp:featuredmedia":[{"embeddable":true,"href":"https:\/\/www.invarena.cz\/index.php?rest_route=\/wp\/v2\/media\/18700"}],"wp:attachment":[{"href":"https:\/\/www.invarena.cz\/index.php?rest_route=%2Fwp%2Fv2%2Fmedia&parent=18939"}],"wp:term":[{"taxonomy":"category","embeddable":true,"href":"https:\/\/www.invarena.cz\/index.php?rest_route=%2Fwp%2Fv2%2Fcategories&post=18939"},{"taxonomy":"post_tag","embeddable":true,"href":"https:\/\/www.invarena.cz\/index.php?rest_route=%2Fwp%2Fv2%2Ftags&post=18939"}],"curies":[{"name":"wp","href":"https:\/\/api.w.org\/{rel}","templated":true}]}}