{"id":18940,"date":"2014-12-15T12:39:23","date_gmt":"2014-12-15T11:39:23","guid":{"rendered":"http:\/\/www.invarena.cz\/?p=18940"},"modified":"2014-12-15T12:39:23","modified_gmt":"2014-12-15T11:39:23","slug":"od-ledna-2015-se-valorizuji-vsechny-druhy-duchodu-i-priplatky-k-duchodum","status":"publish","type":"post","link":"https:\/\/www.invarena.cz\/?p=18940","title":{"rendered":"Od ledna 2015 se valorizuj\u00ed v\u0161echny druhy d\u016fchod\u016f i p\u0159\u00edplatky k d\u016fchod\u016fm"},"content":{"rendered":"<p><strong>Od lednov\u00e9 spl\u00e1tky roku 2015 se zv\u00fd\u0161\u00ed v\u0161echny d\u016fchody vypl\u00e1cen\u00e9 z \u010desk\u00e9ho d\u016fchodov\u00e9ho syst\u00e9mu, kter\u00e9 byly p\u0159izn\u00e1ny p\u0159ed 1. 1. 2015. Zv\u00fd\u0161en\u00ed provede \u010cesk\u00e1 spr\u00e1va soci\u00e1ln\u00edho zabezpe\u010den\u00ed (\u010cSSZ) automaticky, nen\u00ed pot\u0159eba o n\u011b \u017e\u00e1dat.<\/strong><br \/>\n<!--more--><br \/>\nV\u0161ichni klienti, kter\u00fdm \u010cSSZ vypl\u00e1c\u00ed d\u016fchod, obdr\u017e\u00ed ozn\u00e1men\u00ed o jeho zv\u00fd\u0161en\u00ed. Lidem, kter\u00fdm d\u016fchod vypl\u00e1c\u00ed v hotovosti \u010cesk\u00e1 po\u0161ta, p\u0159ed\u00e1 ozn\u00e1men\u00ed po\u0161tovn\u00ed doru\u010dovatel spolu s v\u00fdplatn\u00edm dokladem p\u0159i v\u00fdplat\u011b d\u016fchodu za leden 2015. Klient\u016fm s bezhotovostn\u00ed v\u00fdplatou d\u016fchodu za\u0161le \u010cSSZ ozn\u00e1men\u00ed b\u011b\u017enou listovn\u00ed z\u00e1silkou na adresu evidovanou \u010cSSZ a valorizovan\u00fd d\u016fchod jim bude p\u0159ips\u00e1n na \u00fa\u010det v lednu 2015.<\/p>\n<p>Jak\u00e9 d\u016fchody se zvy\u0161uj\u00ed a o kolik<\/p>\n<p>Zvy\u0161uj\u00ed se d\u016fchody starobn\u00ed, v\u010detn\u011b p\u0159ed\u010dasn\u00fdch starobn\u00edch d\u016fchod\u016f, d\u016fchody invalidn\u00ed (pro invaliditu prvn\u00edho, druh\u00e9ho i t\u0159et\u00edho stupn\u011b), vdovsk\u00e9, vdoveck\u00e9 a sirot\u010d\u00ed d\u016fchody. Z\u00e1kladn\u00ed v\u00fdm\u011bra d\u016fchodu (stejn\u00e1 pro v\u0161echny druhy d\u016fchod\u016f) se zv\u00fd\u0161\u00ed o 60 K\u010d (z 2 340 K\u010d na 2 400 K\u010d). Procentn\u00ed v\u00fdm\u011bra d\u016fchodu, kter\u00e1 je individu\u00e1ln\u00ed v z\u00e1vislosti na z\u00edskan\u00fdch dob\u00e1ch d\u016fchodov\u00e9ho poji\u0161t\u011bn\u00ed a dosahovan\u00fdch p\u0159\u00edjmech, vzroste o 1,6 %. V z\u00e1\u0159\u00ed 2014 o tomto zv\u00fd\u0161en\u00ed rozhodlo Ministerstvo pr\u00e1ce a soci\u00e1ln\u00edch v\u011bc\u00ed vyhl\u00e1\u0161kou \u010d. 208\/2014 Sb.<\/p>\n<p>P\u0159\u00edklad valorizace starobn\u00edho d\u016fchodu<\/p>\n<p>Pob\u00edr\u00e1-li v roce 2014 d\u016fchodce starobn\u00ed d\u016fchod nap\u0159\u00edklad 11 066 K\u010d (pr\u016fm\u011brn\u00e1 v\u00fd\u0161e starobn\u00edho d\u016fchodu ke konci z\u00e1\u0159\u00ed 2014), tvo\u0159\u00ed ho z\u00e1kladn\u00ed v\u00fdm\u011bra 2 340 K\u010d a procentn\u00ed v\u00fdm\u011bra 8 726 K\u010d. Od lednov\u00e9 spl\u00e1tky d\u016fchodu v roce 2015 se z\u00e1kladn\u00ed v\u00fdm\u011bra zv\u00fd\u0161\u00ed o 60 K\u010d na 2 400 K\u010d, procentn\u00ed v\u00fdm\u011bra se zv\u00fd\u0161\u00ed o 1,6 %, tj. o 140 K\u010d (\u010d\u00e1stka zv\u00fd\u0161en\u00ed se v\u017edy zaokrouhluje na cel\u00e9 koruny sm\u011brem nahoru). Celkem tedy d\u016fchod vzroste o 200 K\u010d. Od lednov\u00e9 spl\u00e1tky v roce 2015 tak bude n\u00e1le\u017eet starobn\u00ed d\u016fchod ve v\u00fd\u0161i 11 266 K\u010d m\u011bs\u00ed\u010dn\u011b.<\/p>\n<p>Zv\u00fd\u0161en\u00ed tzv. d\u00edl\u010d\u00edch d\u016fchod\u016f<\/p>\n<p>Zv\u00fd\u0161en\u00ed d\u016fchod\u016f se t\u00fdk\u00e1 tak\u00e9 tzv. d\u00edl\u010d\u00edch d\u016fchod\u016f, kter\u00e9 byly p\u0159izn\u00e1ny podle koordina\u010dn\u00edch na\u0159\u00edzen\u00ed Evropsk\u00e9 unie nebo podle mezin\u00e1rodn\u00edch smluv o soci\u00e1ln\u00edm zabezpe\u010den\u00ed. V tomto p\u0159\u00edpad\u011b se procentn\u00ed v\u00fdm\u011bra d\u016fchodu zv\u00fd\u0161\u00ed tak\u00e9 o 1,6 % sv\u00e9 hodnoty. Z\u00e1kladn\u00ed v\u00fdm\u011bra d\u00edl\u010d\u00edho d\u016fchodu se v\u0161ak zv\u00fd\u0161\u00ed o pom\u011brnou \u010d\u00e1st z 60 K\u010d, kter\u00e1 odpov\u00edd\u00e1 pom\u011bru \u010desk\u00e9 doby v\u016f\u010di celkov\u011b z\u00edskan\u00e9 dob\u011b poji\u0161t\u011bn\u00ed.<\/p>\n<p>Zv\u00fd\u0161en\u00ed p\u0159\u00edplatk\u016f k d\u016fchodu<\/p>\n<p>Od lednov\u00e9 spl\u00e1tky 2015 se zv\u00fd\u0161\u00ed tak\u00e9 vypl\u00e1cen\u00e9 p\u0159\u00edplatky k d\u016fchodu p\u0159iznan\u00e9 podle na\u0159\u00edzen\u00ed vl\u00e1dy \u010d. 622\/2004 Sb., o poskytov\u00e1n\u00ed p\u0159\u00edplatku k d\u016fchodu ke zm\u00edrn\u011bn\u00ed n\u011bkter\u00fdch k\u0159ivd zp\u016fsoben\u00fdch komunistick\u00fdm re\u017eimem a d\u00e1le podle z\u00e1kona \u010d. 357\/2005 Sb., o ocen\u011bn\u00ed \u00fa\u010dastn\u00edk\u016f n\u00e1rodn\u00edho boje za vznik a osvobozen\u00ed \u010ceskoslovenska a n\u011bkter\u00fdch poz\u016fstal\u00fdch po nich. Tyto p\u0159\u00edplatky se zv\u00fd\u0161\u00ed o 1,6 % celkov\u00e9 v\u00fd\u0161e p\u0159\u00edplatku. Zv\u00fd\u0161en\u00ed se v\u0161ak net\u00fdk\u00e1 zvl\u00e1\u0161tn\u00edho p\u0159\u00edsp\u011bvku k d\u016fchodu podle z\u00e1kona \u010d. 357\/2005 Sb.<\/p>\n<p>Tiskov\u00e1 zpr\u00e1va \u010cSSZ<\/p>\n","protected":false},"excerpt":{"rendered":"<div class=\"mh-excerpt\"><p>Od lednov\u00e9 spl\u00e1tky roku 2015 se zv\u00fd\u0161\u00ed v\u0161echny d\u016fchody vypl\u00e1cen\u00e9 z \u010desk\u00e9ho d\u016fchodov\u00e9ho syst\u00e9mu, kter\u00e9 byly p\u0159izn\u00e1ny p\u0159ed 1. 1. 2015. Zv\u00fd\u0161en\u00ed provede \u010cesk\u00e1 spr\u00e1va <a class=\"mh-excerpt-more\" href=\"https:\/\/www.invarena.cz\/?p=18940\" title=\"Od ledna 2015 se valorizuj\u00ed v\u0161echny druhy d\u016fchod\u016f i p\u0159\u00edplatky k d\u016fchod\u016fm\">[&#8230;]<\/a><\/p>\n<\/div>","protected":false},"author":1,"featured_media":7608,"comment_status":"open","ping_status":"closed","sticky":false,"template":"","format":"standard","meta":{"footnotes":""},"categories":[1,9],"tags":[],"class_list":["post-18940","post","type-post","status-publish","format-standard","has-post-thumbnail","hentry","category-nezarazene","category-zpravy"],"_links":{"self":[{"href":"https:\/\/www.invarena.cz\/index.php?rest_route=\/wp\/v2\/posts\/18940","targetHints":{"allow":["GET"]}}],"collection":[{"href":"https:\/\/www.invarena.cz\/index.php?rest_route=\/wp\/v2\/posts"}],"about":[{"href":"https:\/\/www.invarena.cz\/index.php?rest_route=\/wp\/v2\/types\/post"}],"author":[{"embeddable":true,"href":"https:\/\/www.invarena.cz\/index.php?rest_route=\/wp\/v2\/users\/1"}],"replies":[{"embeddable":true,"href":"https:\/\/www.invarena.cz\/index.php?rest_route=%2Fwp%2Fv2%2Fcomments&post=18940"}],"version-history":[{"count":0,"href":"https:\/\/www.invarena.cz\/index.php?rest_route=\/wp\/v2\/posts\/18940\/revisions"}],"wp:featuredmedia":[{"embeddable":true,"href":"https:\/\/www.invarena.cz\/index.php?rest_route=\/wp\/v2\/media\/7608"}],"wp:attachment":[{"href":"https:\/\/www.invarena.cz\/index.php?rest_route=%2Fwp%2Fv2%2Fmedia&parent=18940"}],"wp:term":[{"taxonomy":"category","embeddable":true,"href":"https:\/\/www.invarena.cz\/index.php?rest_route=%2Fwp%2Fv2%2Fcategories&post=18940"},{"taxonomy":"post_tag","embeddable":true,"href":"https:\/\/www.invarena.cz\/index.php?rest_route=%2Fwp%2Fv2%2Ftags&post=18940"}],"curies":[{"name":"wp","href":"https:\/\/api.w.org\/{rel}","templated":true}]}}