{"id":18943,"date":"2014-12-15T12:12:54","date_gmt":"2014-12-15T11:12:54","guid":{"rendered":"http:\/\/www.invarena.cz\/?p=18943"},"modified":"2014-12-15T12:49:18","modified_gmt":"2014-12-15T11:49:18","slug":"kubik-ma-sanci-zacit-chodit-lide-mu-prispeli-na-rehabilitaci-d","status":"publish","type":"post","link":"https:\/\/www.invarena.cz\/?p=18943","title":{"rendered":"Kub\u00edk m\u00e1 \u0161anci za\u010d\u00edt chodit. Lid\u00e9 mu p\u0159isp\u011bli na rehabilitaci"},"content":{"rendered":"<p><strong>Velkou \u0161anc\u00ed pro zlep\u0161en\u00ed jeho zdravotn\u00edho stavu je rehabilita\u010dn\u00ed pobyt Klim-Therapy v Klimkovic\u00edch, kter\u00fd nehrad\u00ed \u010desk\u00e9 zdravotn\u00ed poji\u0161\u0165ovny. Zam\u011bstnanci Skupiny \u010cez spole\u010dn\u011b s Nadac\u00ed \u010cez mu proto v\u011bnovali 50 tis\u00edc korun.<\/strong><!--more--><\/p>\n<p>DUKOVANY P\u011btilet\u00fd Kub\u00edk se narodil c\u00edsa\u0159sk\u00fdm \u0159ezem v 37. t\u00fddnu t\u011bhotenstv\u00ed. Z d\u016fvodu nep\u0159ib\u00edr\u00e1n\u00ed a zjevn\u00e9ho podvy\u017eiven\u00ed se l\u00e9ka\u0159i rozhodli jeho p\u0159\u00edchod na sv\u011bt usp\u00ed\u0161it. Jeho porodn\u00ed v\u00e1ha byla 1790 gram\u016f a l\u00e9ka\u0159i mu diagnostikovali ochabl\u00e9 svalstvo ve spojen\u00ed s ment\u00e1ln\u00edm opo\u017ed\u011bn\u00edm.<\/p>\n<p>Kub\u00edk d\u011bl\u00e1 pokroky, i kdy\u017e si na n\u011b rodi\u010de mus\u00ed v\u017edy del\u0161\u00ed dobu po\u010dkat. To, co se jin\u00e9 d\u011bti nau\u010d\u00ed za n\u011bkolik t\u00fddn\u016f, Kub\u00edkovi s velk\u00fdm \u00fasil\u00edm trv\u00e1 n\u011bkolikan\u00e1sobn\u011b d\u00e9le. &#8222;Te\u010f, v p\u011bti letech se um\u00ed posadit, plaz\u00ed se, leze po \u010dty\u0159ech, u opory se dostane do vysok\u00e9ho kleku, stoupne si a sna\u017e\u00ed se obch\u00e1zet n\u00e1bytek. Rehabilita\u010dn\u00ed l\u00e9ka\u0159i nevid\u00ed d\u016fvod, pro\u010d by nem\u011bl chodit, chce to ale \u010das a neust\u00e1l\u00e9 cvi\u010den\u00ed,&#8220; vysv\u011btluj\u00ed Kub\u00edkovi rodi\u010de.<\/p>\n<p>Kub\u00edka do projektu &#8222;Pln\u00edme p\u0159\u00e1n\u00ed, mysl\u00edme na druh\u00e9&#8220; doporu\u010dila zam\u011bstnankyn\u011b, kter\u00e1 poch\u00e1z\u00ed ze stejn\u00e9ho m\u00edsta jako Kubova rodina, tedy ze Zb\u00fd\u0161ova u Brna. Petra L\u00e1zni\u010dkov\u00e1 pracuje v JE Dukovany jako specialistka pro n\u00e1bor. &#8222;Poprv\u00e9 jsem se s mal\u00fdm Kubou a jeho maminkou setkala, kdy\u017e jsme jim s kolegy z elektr\u00e1rny p\u0159ed\u00e1vali v\u00ed\u010dka z plastov\u00fdch lahv\u00ed, jejich\u017e sb\u011brem z\u00edsk\u00e1v\u00e1 rodina pen\u00edze na l\u00e9\u010dbu. Kdy\u017e jsem se dozv\u011bd\u011bla t\u00e9ma leto\u0161n\u00edho Pln\u00edme p\u0159\u00e1n\u00ed, hned jsem si na n\u011b vzpomn\u011bla. M\u00fdm hlavn\u00edm c\u00edlem nebylo vybrat co nejv\u00edc pen\u011bz, ale d\u00e1t mamince i jej\u00edmu synovi najevo,\u017ee v tom nejsou sami,\u017ee se maj\u00ed na koho obr\u00e1tit,&#8220; popsala.<\/p>\n<p>Zam\u011bstnanci JE Dukovany pomohli zmi\u0148ovan\u00fdm sb\u011brem v\u00ed\u010dek, p\u0159\u00edmou finan\u010dn\u00ed pomoc\u00ed sr\u00e1\u017ekou z platu, ale tak\u00e9 v\u00fdrobou p\u0159i organizovan\u00fdch &#8222;d\u00edlni\u010dk\u00e1ch&#8220; a n\u00e1sledn\u00fdm n\u00e1kupem v\u00fdrobk\u016f p\u0159i tradi\u010dn\u00edch v\u00e1no\u010dn\u00edch trz\u00edch. Ty organizuje JE Dukovany pro sv\u00e9 zam\u011bstnance a partnersk\u00e9 charitativn\u00ed organizace. &#8222;V leto\u0161n\u00edm roce se prost\u0159ednictv\u00edm t\u011bchto trh\u016f vybralo 44 416 korun, z toho &#8222;vyd\u011blala&#8220; maminka na l\u00e9\u010debn\u00fd pobyt Kub\u00edka v\u00edce ne\u017e 11 tis\u00edc korun,&#8220; sd\u011bluje Krist\u00fdna Vohl\u00eddkov\u00e1 z \u00fatvaru komunikace, kter\u00e1 trhy zaji\u0161\u0165ovala. &#8222;Ka\u017edoro\u010dn\u011b u n\u00e1s prod\u00e1vaj\u00ed v\u00fdrobky sv\u00fdch klient\u016f organizace Diakonie Myslibo\u0159ice, Oblastn\u00ed charita T\u0159eb\u00ed\u010d (za\u0159\u00edzen\u00ed \u00dasm\u011bv a Domovinka), Circle of Life z Kon\u011b\u0161\u00edna, Vr\u00e1tka T\u0159eb\u00ed\u010d, Barevn\u00fd sv\u011bt a Denn\u00ed rehabilita\u010dn\u00ed stacion\u00e1\u0159e pro t\u011blesn\u011b a ment\u00e1ln\u011b posti\u017een\u00e9 v T\u0159eb\u00ed\u010di,&#8220; dod\u00e1v\u00e1 Vohl\u00eddkov\u00e1.<\/p>\n<p>Zam\u011bstnanci Skupiny \u010cez spole\u010dn\u011b s Nadac\u00ed \u010cez pomohou v r\u00e1mci charitativn\u00edho projektu &#8222;Pln\u00edme p\u0159\u00e1n\u00ed, mysl\u00edme na druh\u00e9&#8220; 56 handicapovan\u00fdm d\u011btem a jejich rodin\u00e1m z cel\u00e9 \u010cesk\u00e9 republiky.<\/p>\n<p>B\u011bhem pouh\u00fdch \u0161esti t\u00fddn\u016f nast\u0159\u00e1dali 1 486 728 K\u010d a Nadace \u010cez tuto sumu zdvojn\u00e1sobila na kone\u010dn\u00fdch 2 973 456 K\u010d. &#8222;Moc si v\u00e1\u017e\u00edm p\u0159\u00edsp\u011bvku ka\u017ed\u00e9ho z 1036 zam\u011bstnanc\u016f. Na za\u010d\u00e1tku jsme zam\u00fd\u0161leli pomoci 20 d\u011btem, ale d\u00edky obrovsk\u00e9mu zap\u00e1len\u00ed na\u0161ich lid\u00ed, jsme nakonec jejich po\u010det mohli roz\u0161\u00ed\u0159it na 56,&#8220; pod\u011bkovala sv\u00fdm koleg\u016fm \u010dlenka p\u0159edstavenstva Michaela Chaloupkov\u00e1.<\/p>\n<p>T\u0159eb\u00ed\u010dsk\u00fd den\u00edk<\/p>\n","protected":false},"excerpt":{"rendered":"<div class=\"mh-excerpt\"><p>Velkou \u0161anc\u00ed pro zlep\u0161en\u00ed jeho zdravotn\u00edho stavu je rehabilita\u010dn\u00ed pobyt Klim-Therapy v Klimkovic\u00edch, kter\u00fd nehrad\u00ed \u010desk\u00e9 zdravotn\u00ed poji\u0161\u0165ovny. Zam\u011bstnanci Skupiny \u010cez spole\u010dn\u011b s Nadac\u00ed \u010cez <a class=\"mh-excerpt-more\" href=\"https:\/\/www.invarena.cz\/?p=18943\" title=\"Kub\u00edk m\u00e1 \u0161anci za\u010d\u00edt chodit. Lid\u00e9 mu p\u0159isp\u011bli na rehabilitaci\">[&#8230;]<\/a><\/p>\n<\/div>","protected":false},"author":1,"featured_media":0,"comment_status":"open","ping_status":"closed","sticky":false,"template":"","format":"standard","meta":{"footnotes":""},"categories":[9],"tags":[],"class_list":["post-18943","post","type-post","status-publish","format-standard","hentry","category-zpravy"],"_links":{"self":[{"href":"https:\/\/www.invarena.cz\/index.php?rest_route=\/wp\/v2\/posts\/18943","targetHints":{"allow":["GET"]}}],"collection":[{"href":"https:\/\/www.invarena.cz\/index.php?rest_route=\/wp\/v2\/posts"}],"about":[{"href":"https:\/\/www.invarena.cz\/index.php?rest_route=\/wp\/v2\/types\/post"}],"author":[{"embeddable":true,"href":"https:\/\/www.invarena.cz\/index.php?rest_route=\/wp\/v2\/users\/1"}],"replies":[{"embeddable":true,"href":"https:\/\/www.invarena.cz\/index.php?rest_route=%2Fwp%2Fv2%2Fcomments&post=18943"}],"version-history":[{"count":0,"href":"https:\/\/www.invarena.cz\/index.php?rest_route=\/wp\/v2\/posts\/18943\/revisions"}],"wp:attachment":[{"href":"https:\/\/www.invarena.cz\/index.php?rest_route=%2Fwp%2Fv2%2Fmedia&parent=18943"}],"wp:term":[{"taxonomy":"category","embeddable":true,"href":"https:\/\/www.invarena.cz\/index.php?rest_route=%2Fwp%2Fv2%2Fcategories&post=18943"},{"taxonomy":"post_tag","embeddable":true,"href":"https:\/\/www.invarena.cz\/index.php?rest_route=%2Fwp%2Fv2%2Ftags&post=18943"}],"curies":[{"name":"wp","href":"https:\/\/api.w.org\/{rel}","templated":true}]}}