{"id":18957,"date":"2014-12-16T09:24:38","date_gmt":"2014-12-16T08:24:38","guid":{"rendered":"http:\/\/www.invarena.cz\/?p=18957"},"modified":"2014-12-16T09:24:38","modified_gmt":"2014-12-16T08:24:38","slug":"mpsv-planuje-tzv-verejnou-pojistovnu","status":"publish","type":"post","link":"https:\/\/www.invarena.cz\/?p=18957","title":{"rendered":"MPSV pl\u00e1nuje tzv. ve\u0159ejnou poji\u0161\u0165ovnu"},"content":{"rendered":"<p><strong>Kv\u016fli \u00farazov\u00e9mu poji\u0161t\u011bn\u00ed zam\u011bstnavatel\u016f by mohla vzniknout takzvan\u00e1 ve\u0159ejn\u00e1 poji\u0161\u0165ovna. Takov\u00e9 \u0159e\u0161en\u00ed by uv\u00edtalo ministerstvo pr\u00e1ce a soci\u00e1ln\u00edch v\u011bc\u00ed, i odbor\u00e1\u0159i. Zp\u016fsob, jak\u00fdm se bude vypl\u00e1cet od\u0161kodn\u011bn\u00ed za pracovn\u00ed \u00farazy, je ale zat\u00edm po\u0159\u00e1d ve f\u00e1zi p\u0159\u00edprav.<\/strong> <!--more--><em>ilustra\u010dn\u00ed foto: PhotoRack<\/em><\/p>\n<p><em><strong>\u010cesk\u00e1 televize<\/strong><\/em><br \/>\nJosef ST\u0158EDULA, p\u0159edseda, \u010cMKOS: Pokud je povinn\u00e9 poji\u0161t\u011bn\u00ed, tak\u017ee by si st\u00e1t na ty pen\u00edze m\u011bl dohl\u00eddnout a m\u011bl by to \u0159e\u0161it prost\u0159ednictv\u00edm ve\u0159ejnopr\u00e1vn\u00edho syst\u00e9mu.<\/p>\n<p>Michaela MARKSOV\u00c1, ministryn\u011b pr\u00e1ce a soci\u00e1ln\u00edch v\u011bc\u00ed \/\u010cSSD\/:<br \/>\nMateri\u00e1l se te\u010f p\u0159ipravuje a bude o n\u011bm jednat koali\u010dn\u00ed rada. Nev\u00edm, jestli je\u0161t\u011b te\u010f do konce roku nebo pokud ne, tak to bude asi nejsp\u00ed\u0161 ta prvn\u00ed lednov\u00e1.<\/p>\n<p>Z p\u0159ebytk\u016f na \u00fa\u010dtu ve\u0159ejn\u00e9 poji\u0161\u0165ovny by odbor\u00e1\u0159i cht\u011bli d\u00e1vat pen\u00edze i na prevenci v oblasti bezpe\u010dnosti pr\u00e1ce. Zam\u011bstnavatel\u00e9 ale podporuj\u00ed st\u00e1vaj\u00edc\u00ed model. Z\u00e1konn\u00e9 poji\u0161t\u011bn\u00ed odpov\u011bdnosti nab\u00edz\u00ed podnik\u016fm dv\u011b komer\u010dn\u00ed poji\u0161\u0165ovny.<\/p>\n<p>Jaroslav HAN\u00c1K, prezident, Svaz pr\u016fmyslu a dopravy \/1. 12. 2014\/: To jsou na\u0161e pen\u00edze, to jsou pen\u00edze podnikatel\u016f a j\u00e1 m\u00e1m nerad, kdy\u017e n\u011bkdo extr\u00e9mn\u011b mluv\u00ed do pen\u011bz, kter\u00e9 mu nepat\u0159\u00ed.<\/p>\n<p>Pr\u00e1v\u011b pracovn\u00edk\u016fm, kte\u0159\u00ed obsluhuj\u00ed t\u011b\u017ek\u00e9 stroje, hroz\u00ed podle statistik pracovn\u00ed \u00faraz nej\u010dast\u011bji. Celkov\u011b loni p\u0159i pr\u00e1ci n\u00e1sledkem \u00farazu v \u010cesku zem\u0159elo v\u00edc ne\u017e 100 lid\u00ed.<\/p>\n<p>&nbsp;<\/p>\n","protected":false},"excerpt":{"rendered":"<div class=\"mh-excerpt\"><p>Kv\u016fli \u00farazov\u00e9mu poji\u0161t\u011bn\u00ed zam\u011bstnavatel\u016f by mohla vzniknout takzvan\u00e1 ve\u0159ejn\u00e1 poji\u0161\u0165ovna. Takov\u00e9 \u0159e\u0161en\u00ed by uv\u00edtalo ministerstvo pr\u00e1ce a soci\u00e1ln\u00edch v\u011bc\u00ed, i odbor\u00e1\u0159i. Zp\u016fsob, jak\u00fdm se bude <a class=\"mh-excerpt-more\" href=\"https:\/\/www.invarena.cz\/?p=18957\" title=\"MPSV pl\u00e1nuje tzv. ve\u0159ejnou poji\u0161\u0165ovnu\">[&#8230;]<\/a><\/p>\n<\/div>","protected":false},"author":1,"featured_media":18087,"comment_status":"open","ping_status":"closed","sticky":false,"template":"","format":"standard","meta":{"footnotes":""},"categories":[6],"tags":[],"class_list":["post-18957","post","type-post","status-publish","format-standard","has-post-thumbnail","hentry","category-politika"],"_links":{"self":[{"href":"https:\/\/www.invarena.cz\/index.php?rest_route=\/wp\/v2\/posts\/18957","targetHints":{"allow":["GET"]}}],"collection":[{"href":"https:\/\/www.invarena.cz\/index.php?rest_route=\/wp\/v2\/posts"}],"about":[{"href":"https:\/\/www.invarena.cz\/index.php?rest_route=\/wp\/v2\/types\/post"}],"author":[{"embeddable":true,"href":"https:\/\/www.invarena.cz\/index.php?rest_route=\/wp\/v2\/users\/1"}],"replies":[{"embeddable":true,"href":"https:\/\/www.invarena.cz\/index.php?rest_route=%2Fwp%2Fv2%2Fcomments&post=18957"}],"version-history":[{"count":0,"href":"https:\/\/www.invarena.cz\/index.php?rest_route=\/wp\/v2\/posts\/18957\/revisions"}],"wp:featuredmedia":[{"embeddable":true,"href":"https:\/\/www.invarena.cz\/index.php?rest_route=\/wp\/v2\/media\/18087"}],"wp:attachment":[{"href":"https:\/\/www.invarena.cz\/index.php?rest_route=%2Fwp%2Fv2%2Fmedia&parent=18957"}],"wp:term":[{"taxonomy":"category","embeddable":true,"href":"https:\/\/www.invarena.cz\/index.php?rest_route=%2Fwp%2Fv2%2Fcategories&post=18957"},{"taxonomy":"post_tag","embeddable":true,"href":"https:\/\/www.invarena.cz\/index.php?rest_route=%2Fwp%2Fv2%2Ftags&post=18957"}],"curies":[{"name":"wp","href":"https:\/\/api.w.org\/{rel}","templated":true}]}}