{"id":18978,"date":"2014-12-17T12:30:44","date_gmt":"2014-12-17T11:30:44","guid":{"rendered":"http:\/\/www.invarena.cz\/?p=18978"},"modified":"2014-12-17T12:30:44","modified_gmt":"2014-12-17T11:30:44","slug":"ministerstvo-prace-a-socialnich-veci-cerpa-z-evropskeho-socialniho-fondu-podle-planu","status":"publish","type":"post","link":"https:\/\/www.invarena.cz\/?p=18978","title":{"rendered":"Ministerstvo pr\u00e1ce a soci\u00e1ln\u00edch v\u011bc\u00ed \u010derp\u00e1 z Evropsk\u00e9ho soci\u00e1ln\u00edho fondu podle pl\u00e1nu"},"content":{"rendered":"<p><strong>Ministerstvo pr\u00e1ce a soci\u00e1ln\u00edch v\u011bc\u00ed (MPSV) je dlouhodob\u011b \u00fasp\u011b\u0161n\u00e9 v \u010derp\u00e1n\u00ed finan\u010dn\u00edch prost\u0159edk\u016f z Evropsk\u00e9 unie. Da\u0159\u00ed se mu toti\u017e dodr\u017eet z\u00e1vazek plynul\u00e9ho \u010derp\u00e1n\u00ed Evropsk\u00e9ho soci\u00e1ln\u00edho fondu (ESF), co\u017e v d\u016fsledku znamen\u00e1, \u017ee o \u017e\u00e1dn\u00e9 prost\u0159edky z tohoto fondu letos nep\u0159ijde.<\/strong><br \/>\n<!--more--><br \/>\nMinisterstvo pr\u00e1ce a soci\u00e1ln\u00edch v\u011bc\u00ed vyu\u017e\u00edv\u00e1 pen\u00edze z ESF prost\u0159ednictv\u00edm Opera\u010dn\u00edho programu Lidsk\u00e9 zdroje a zam\u011bstnanost (OP LZZ). Celkov\u00e1 alokace na OP LZZ, kter\u00fd se nach\u00e1z\u00ed v z\u00e1v\u011bre\u010dn\u00e9 f\u00e1zi, \u010din\u00ed zhruba 58,6 miliardy korun. Jedn\u00edm z po\u017eadavk\u016f ze strany Evropsk\u00e9 unie je z\u00e1vazek plynul\u00e9ho \u010derp\u00e1n\u00ed pen\u011bz, d\u00edky kter\u00e9mu doch\u00e1z\u00ed ke zv\u00fd\u0161en\u00ed \u00fa\u010dinnosti poskytovan\u00e9 podpory. V roce 2014 tak bylo nutn\u00e9 dos\u00e1hnout celkov\u00e9ho objemu \u010derpan\u00fdch prost\u0159edk\u016f ve v\u00fd\u0161i minim\u00e1ln\u011b 41,6 miliardy korun. Z OP LZZ je aktu\u00e1ln\u011b vy\u010derp\u00e1no 42,2 miliardy korun.<\/p>\n<p>\u201eJsem velmi r\u00e1d, \u017ee Ministerstvo pr\u00e1ce a soci\u00e1ln\u00edch v\u011bc\u00ed tento n\u00e1ro\u010dn\u00fd c\u00edl splnilo, a \u017ee dok\u00e1\u017ee efektivn\u011b vyu\u017e\u00edvat unijn\u00ed prost\u0159edky. \u010cesko m\u00e1 obecn\u011b s \u010derp\u00e1n\u00edm probl\u00e9my, podle odhad\u016f se v leto\u0161n\u00edm roce nestihne vy\u010derpat ze v\u0161ech opera\u010dn\u00edch program\u016f zhruba dvacet miliard korun. Proto m\u011b dvojn\u00e1sob t\u011b\u0161\u00ed, \u017ee n\u00e1\u0161 resort tohoto c\u00edle dosahuje opakovan\u011b,\u201c \u0159ekl k tomu n\u00e1m\u011bstek ministryn\u011b pro ekonomiku a EU fondy Martin Ku\u010dera. Na listopadov\u00e9m jedn\u00e1n\u00ed monitorovac\u00edho v\u00fdboru, kter\u00fd sleduje pr\u016fb\u011bh \u010derp\u00e1n\u00ed, byli o tomto \u00fasp\u011bchu informov\u00e1ni z\u00e1stupci soci\u00e1ln\u00edch partner\u016f i Evropsk\u00e9 komise.<\/p>\n<p>Je\u0161t\u011b v prvn\u00edm pololet\u00ed roku 2014 p\u0159itom \u010derp\u00e1n\u00ed OP LZZ za nastaven\u00fdm harmonogramem zaost\u00e1valo. Situace byla o to t\u011b\u017e\u0161\u00ed, \u017ee v letech 2012 a 2013 byla na z\u00e1klad\u011b rozhodnut\u00ed vl\u00e1dy \u010cR nav\u00fd\u0161ena jeho celkov\u00e1 alokace p\u0159esunem finan\u010dn\u00edch prost\u0159edk\u016f z Opera\u010dn\u00edho programu Vzd\u011bl\u00e1v\u00e1n\u00ed pro konkurenceschopnost (\u0159\u00edzen\u00e9ho ministerstvem \u0161kolstv\u00ed, ml\u00e1de\u017ee a t\u011blov\u00fdchovy) o cca 1,7 miliardy korun.<\/p>\n<p>Velk\u00fd pod\u00edl na \u00fasp\u011b\u0161n\u00e9m \u010derp\u00e1n\u00ed m\u00e1 nap\u0159\u00edklad strategick\u00fd projekt \u201eVzd\u011bl\u00e1vejte se pro r\u016fst \u2013 pracovn\u00ed p\u0159\u00edle\u017eitosti!\u201c, jeho\u017e c\u00edlovou skupinou jsou dlouhodob\u011b nezam\u011bstnan\u00ed. Prost\u0159ednictv\u00edm jednotliv\u00fdch pracovi\u0161\u0165 \u00da\u0159adu pr\u00e1ce \u010cR jsou za\u0159azov\u00e1ni na ve\u0159ejn\u011b prosp\u011b\u0161n\u00e9 pr\u00e1ce a na spole\u010densky \u00fa\u010deln\u00e1 pracovn\u00ed m\u00edsta. D\u00edky p\u0159ijat\u00fdm opat\u0159en\u00edm ze strany MPSV se \u010derp\u00e1n\u00ed poda\u0159ilo urychlit. \u201eMinisterstvo p\u0159istupuje k roli \u0159\u00edd\u00edc\u00edho org\u00e1nu opravdu velmi zodpov\u011bdn\u011b,\u201c komentoval to n\u00e1m\u011bstek Ku\u010dera.<\/p>\n<p>Posl\u00e1n\u00edm ESF je zlep\u0161en\u00ed \u0161anc\u00ed lid\u00ed znev\u00fdhodn\u011bn\u00fdch na trhu pr\u00e1ce, boj proti soci\u00e1ln\u00edmu vylu\u010dov\u00e1n\u00ed a podpora konkurenceschopnosti zam\u011bstnanc\u016f a podnik\u016f. Na nov\u00fd Opera\u010dn\u00ed program Zam\u011bstnanost, kter\u00fd je v gesci MPSV a bude realizov\u00e1n v obdob\u00ed 2015 a\u017e 2023, je vy\u010dlen\u011bno p\u0159ibli\u017en\u011b 70 miliard korun. \u010cerp\u00e1n\u00ed pen\u011bz v nov\u00e9m obdob\u00ed, respektive vyhl\u00e1\u0161en\u00ed v\u00fdzev k p\u0159edkl\u00e1d\u00e1n\u00ed projekt\u016f, za\u010dne pravd\u011bpodobn\u011b v dubnu p\u0159\u00ed\u0161t\u00edho roku.<\/p>\n<p>Petr Hab\u00e1\u0148<br \/>\ntiskov\u00fd mluv\u010d\u00ed MPSV<\/p>\n","protected":false},"excerpt":{"rendered":"<div class=\"mh-excerpt\"><p>Ministerstvo pr\u00e1ce a soci\u00e1ln\u00edch v\u011bc\u00ed (MPSV) je dlouhodob\u011b \u00fasp\u011b\u0161n\u00e9 v \u010derp\u00e1n\u00ed finan\u010dn\u00edch prost\u0159edk\u016f z Evropsk\u00e9 unie. Da\u0159\u00ed se mu toti\u017e dodr\u017eet z\u00e1vazek plynul\u00e9ho \u010derp\u00e1n\u00ed Evropsk\u00e9ho <a class=\"mh-excerpt-more\" href=\"https:\/\/www.invarena.cz\/?p=18978\" title=\"Ministerstvo pr\u00e1ce a soci\u00e1ln\u00edch v\u011bc\u00ed \u010derp\u00e1 z Evropsk\u00e9ho soci\u00e1ln\u00edho fondu podle pl\u00e1nu\">[&#8230;]<\/a><\/p>\n<\/div>","protected":false},"author":1,"featured_media":14284,"comment_status":"open","ping_status":"closed","sticky":false,"template":"","format":"standard","meta":{"footnotes":""},"categories":[1,9],"tags":[],"class_list":["post-18978","post","type-post","status-publish","format-standard","has-post-thumbnail","hentry","category-nezarazene","category-zpravy"],"_links":{"self":[{"href":"https:\/\/www.invarena.cz\/index.php?rest_route=\/wp\/v2\/posts\/18978","targetHints":{"allow":["GET"]}}],"collection":[{"href":"https:\/\/www.invarena.cz\/index.php?rest_route=\/wp\/v2\/posts"}],"about":[{"href":"https:\/\/www.invarena.cz\/index.php?rest_route=\/wp\/v2\/types\/post"}],"author":[{"embeddable":true,"href":"https:\/\/www.invarena.cz\/index.php?rest_route=\/wp\/v2\/users\/1"}],"replies":[{"embeddable":true,"href":"https:\/\/www.invarena.cz\/index.php?rest_route=%2Fwp%2Fv2%2Fcomments&post=18978"}],"version-history":[{"count":0,"href":"https:\/\/www.invarena.cz\/index.php?rest_route=\/wp\/v2\/posts\/18978\/revisions"}],"wp:featuredmedia":[{"embeddable":true,"href":"https:\/\/www.invarena.cz\/index.php?rest_route=\/wp\/v2\/media\/14284"}],"wp:attachment":[{"href":"https:\/\/www.invarena.cz\/index.php?rest_route=%2Fwp%2Fv2%2Fmedia&parent=18978"}],"wp:term":[{"taxonomy":"category","embeddable":true,"href":"https:\/\/www.invarena.cz\/index.php?rest_route=%2Fwp%2Fv2%2Fcategories&post=18978"},{"taxonomy":"post_tag","embeddable":true,"href":"https:\/\/www.invarena.cz\/index.php?rest_route=%2Fwp%2Fv2%2Ftags&post=18978"}],"curies":[{"name":"wp","href":"https:\/\/api.w.org\/{rel}","templated":true}]}}