{"id":18995,"date":"2014-12-18T10:31:36","date_gmt":"2014-12-18T09:31:36","guid":{"rendered":"http:\/\/www.invarena.cz\/?p=18995"},"modified":"2014-12-18T10:31:36","modified_gmt":"2014-12-18T09:31:36","slug":"soud-s-byvalymi-uredniky-mpsv","status":"publish","type":"post","link":"https:\/\/www.invarena.cz\/?p=18995","title":{"rendered":"Soud s b\u00fdval\u00fdmi \u00fa\u0159edn\u00edky MPSV"},"content":{"rendered":"<p><strong>Kauzu b\u00fdval\u00fdch \u00fa\u0159edn\u00edk\u016f ministerstva pr\u00e1ce Vladim\u00edra \u0160i\u0161ky a Milana Hojera za\u010dal znovu projedn\u00e1vat soud.<\/strong><!--more--><\/p>\n<p><em>soudn\u00ed s\u00ed\u0148 &#8211; ilustra\u010dn\u00ed foto: Veronica ML \/ Flickr.com <\/em><\/p>\n<p><em><strong>\u010cT 1<\/strong><\/em><\/p>\n<p>Podle ob\u017ealoby \u017e\u00e1dali od firmy OKsystem sta\u017een\u00ed st\u00ed\u017enosti na resort, jinak by nedostala zak\u00e1zku. Oba mu\u017ei dopoledne vypov\u00eddali a st\u00e1le trvaj\u00ed na sv\u00e9 nevin\u011b.<\/p>\n<p>Prvn\u00ed z ob\u017ealovan\u00fdch Milan Hojer se u soudu sna\u017eil obh\u00e1jit sv\u00e9 jedn\u00e1n\u00ed. \u0158ekl, \u017ee ve st\u00e1tn\u00ed spr\u00e1v\u011b nikdy p\u0159edt\u00edm nepracoval a z\u0159ejm\u011b tak ve st\u00e1tn\u00ed spr\u00e1v\u011b plat\u00ed pravidla, kter\u00e1 jednodu\u0161e neznal. Podle n\u011bj prost\u011b dostal \u00fakol a ten se sna\u017eil co nejl\u00e9pe splnit.<\/p>\n<p>Dodal tak\u00e9, \u017ee pan Proch\u00e1zka si za OKsystem na jeho chov\u00e1n\u00ed nikdy nest\u011b\u017eoval. Podle n\u011bj to prost\u011b bylo obchodn\u00ed jedn\u00e1n\u00ed a ve stejn\u00e9m smyslu se vyj\u00e1d\u0159il tak\u00e9 druh\u00fd z ob\u017ealovan\u00fdch Vladim\u00edr \u0160i\u0161ka. Podle n\u011bj prost\u011b obchodn\u00ed jedn\u00e1n\u00ed a obchodn\u00ed sch\u016fzky n\u011bkdy b\u00fdvaj\u00ed tvrd\u00e9.<\/p>\n<p>U soudu \u0160i\u0161ka tak\u00e9 popisoval postaven\u00ed spole\u010dnosti OKsystem na trhu, jeho respektive monopoln\u00ed postaven\u00ed. D\u00e1l tak\u00e9 vysv\u011btloval pozad\u00ed na ministerstvu pr\u00e1ce a soci\u00e1ln\u00edch v\u011bc\u00ed v zad\u00e1v\u00e1n\u00ed ve\u0159ejn\u00fdch zak\u00e1zek. T\u00edm konkr\u00e9tn\u011b nar\u00e1\u017eel na ten druh\u00fd probl\u00e9m, a sice spole\u010dnost OKsystem a spole\u010dnost Fujitsu.<\/p>\n<p>T\u00edm se dost\u00e1v\u00e1me k dal\u0161\u00edmu t\u00e9matu cel\u00e9ho soudu. Ten toti\u017e dostal od Vrchn\u00edho soudu v Praze zad\u00e1n\u00ed, aby vysv\u011btlil nebo dok\u00e1zal v\u00fd\u0161i \u0161kody, kter\u00e1 p\u0159\u00edpadn\u011b byla spole\u010dnosti OKsystem zp\u016fsoben\u00e1. Za t\u00edm \u00fa\u010delem p\u0159i\u0161el k soudu sv\u011bd\u010dit tak\u00e9 Martin Proch\u00e1zka, kter\u00fd \u0159ekl nap\u0159\u00edklad, \u017ee spole\u010dnost musela propustit zhruba 20 % zam\u011bstnanc\u016f, to znamen\u00e1 asi 50 lid\u00ed, nicm\u00e9n\u011b si netroufl takhle z hlavy stanovit, jak vysok\u00e1 v\u00fd\u0161e \u0161kody byla spole\u010dnosti OKsystem zp\u016fsobena, proto soud mu ulo\u017eil do p\u0159\u00ed\u0161t\u00edho jedn\u00e1n\u00ed vy\u010d\u00edslit konkr\u00e9tn\u00ed sumu.<\/p>\n<p>D\u00e1l k tomu samotn\u00e9mu jedn\u00e1n\u00ed \u0159ekl, \u017ee se c\u00edtil b\u00fdt pod tlakem a tak\u00e9 \u017ee mu bylo vyhro\u017eov\u00e1no, nicm\u00e9n\u011b po konzultaci, po konzultaci s pr\u00e1vn\u00edkem do\u0161li k tomu, \u017ee to jedn\u00e1n\u00ed bylo protipr\u00e1vn\u00ed a za\u010dali proto jednat.<\/p>\n<p>Na dotaz obh\u00e1jce ob\u017ealovan\u00fdch ale \u0159ekl, \u017ee spole\u010dnost, \u017ee z\u00e1stupc\u016fm ministerstva pr\u00e1ce a soci\u00e1ln\u00edch v\u011bc\u00ed nikdy sv\u00e9 pocity nesd\u011blil. My se tady na pra\u017esk\u00fd m\u011bstsk\u00fd soud vr\u00e1t\u00edme znovu 18. \u00fanora.<\/p>\n","protected":false},"excerpt":{"rendered":"<div class=\"mh-excerpt\"><p>Kauzu b\u00fdval\u00fdch \u00fa\u0159edn\u00edk\u016f ministerstva pr\u00e1ce Vladim\u00edra \u0160i\u0161ky a Milana Hojera za\u010dal znovu projedn\u00e1vat soud.<\/p>\n<\/div>","protected":false},"author":1,"featured_media":17508,"comment_status":"open","ping_status":"closed","sticky":false,"template":"","format":"standard","meta":{"footnotes":""},"categories":[9],"tags":[],"class_list":["post-18995","post","type-post","status-publish","format-standard","has-post-thumbnail","hentry","category-zpravy"],"_links":{"self":[{"href":"https:\/\/www.invarena.cz\/index.php?rest_route=\/wp\/v2\/posts\/18995","targetHints":{"allow":["GET"]}}],"collection":[{"href":"https:\/\/www.invarena.cz\/index.php?rest_route=\/wp\/v2\/posts"}],"about":[{"href":"https:\/\/www.invarena.cz\/index.php?rest_route=\/wp\/v2\/types\/post"}],"author":[{"embeddable":true,"href":"https:\/\/www.invarena.cz\/index.php?rest_route=\/wp\/v2\/users\/1"}],"replies":[{"embeddable":true,"href":"https:\/\/www.invarena.cz\/index.php?rest_route=%2Fwp%2Fv2%2Fcomments&post=18995"}],"version-history":[{"count":0,"href":"https:\/\/www.invarena.cz\/index.php?rest_route=\/wp\/v2\/posts\/18995\/revisions"}],"wp:featuredmedia":[{"embeddable":true,"href":"https:\/\/www.invarena.cz\/index.php?rest_route=\/wp\/v2\/media\/17508"}],"wp:attachment":[{"href":"https:\/\/www.invarena.cz\/index.php?rest_route=%2Fwp%2Fv2%2Fmedia&parent=18995"}],"wp:term":[{"taxonomy":"category","embeddable":true,"href":"https:\/\/www.invarena.cz\/index.php?rest_route=%2Fwp%2Fv2%2Fcategories&post=18995"},{"taxonomy":"post_tag","embeddable":true,"href":"https:\/\/www.invarena.cz\/index.php?rest_route=%2Fwp%2Fv2%2Ftags&post=18995"}],"curies":[{"name":"wp","href":"https:\/\/api.w.org\/{rel}","templated":true}]}}