{"id":18997,"date":"2014-12-18T10:55:52","date_gmt":"2014-12-18T09:55:52","guid":{"rendered":"http:\/\/www.invarena.cz\/?p=18997"},"modified":"2014-12-18T10:55:52","modified_gmt":"2014-12-18T09:55:52","slug":"vyjimka-pro-klokanky-konci","status":"publish","type":"post","link":"https:\/\/www.invarena.cz\/?p=18997","title":{"rendered":"V\u00fdjimka pro Klok\u00e1nky kon\u010d\u00ed"},"content":{"rendered":"<p><strong>Jak\u00e1 je v \u010cesku p\u00e9\u010de o ohro\u017een\u00e9 d\u011bti, d\u011bti v t\u00edsni a jak v praxi funguje a jak na n\u011bj dol\u00e9h\u00e1 novela z\u00e1kona o soci\u00e1ln\u011b pr\u00e1vn\u00ed ochran\u011b d\u011bt\u00ed? Zvon\u00ed zn\u00e1m\u00fdm Klok\u00e1nk\u016fm hrana? Hostem Hyde Parku byla p\u0159edsedkyn\u011b Fondu ohro\u017een\u00fdch d\u011bt\u00ed, provozovatele Klok\u00e1nk\u016f Marie Vodi\u010dkov\u00e1.<\/strong><!--more--><\/p>\n<p>&nbsp;<\/p>\n<p><strong>&#8222;Nedal by se protiklok\u00e1nkov\u00fd z\u00e1kon,&#8220; jak ho tento div\u00e1k naz\u00fdv\u00e1, &#8222;jednodu\u0161e obej\u00edt tak, \u017ee by se ka\u017ed\u00fd jeden Klok\u00e1nek form\u00e1ln\u011b rozd\u011blil na 2? Pak u\u017e by limit na po\u010det d\u011bt\u00ed spl\u0148oval, ne?&#8220;<\/strong><\/p>\n<p>Marie VODI\u010cKOV\u00c1, p\u0159edsedkyn\u011b, Fond ohro\u017een\u00fdch d\u011bt\u00ed:<br \/>\nto by se bohu\u017eel nedalo, proto\u017ee ministerstvo tedy m\u00e1 v\u00fdklad, \u017ee v jednom are\u00e1lu, nejen v jedn\u00e9 budov\u011b, ale v jednom are\u00e1lu vlastn\u011b, \u017ee nem\u016f\u017ee b\u00fdt v\u00edc ne\u017e 28 d\u011bt\u00ed v za\u0159\u00edzen\u00ed pro d\u011bti vy\u017eaduj\u00edc\u00ed okam\u017eitou pomoc, ale sou\u010dasn\u011b tam mohou b\u00fdt d\u011bti t\u0159eba v \u00fastavn\u00ed v\u00fdchov\u011b, m\u016f\u017ee jich b\u00fdt t\u0159eba 40, 50, a to jaksi nevad\u00ed, ale pokud jde o Klok\u00e1nky, tak tam se je\u0161t\u011b do kapacity zapo\u010d\u00edt\u00e1vaj\u00ed d\u011bti, kter\u00e9 u\u017e tam nejsou a u\u017e se nevr\u00e1t\u00ed, proto\u017ee jsou u sv\u00fdch u\u017e rodi\u010d\u016f nebo u budouc\u00edch p\u011bstoun\u016f, osvojitel\u016f a \u010dek\u00e1 se jenom na pr\u00e1vn\u00ed moc, rozhodnut\u00ed soudu a na to rozhodnut\u00ed tedy. A na ty d\u011bti teda nen\u00e1le\u017e\u00ed \u017e\u00e1dn\u00fd st\u00e1tn\u00ed p\u0159\u00edsp\u011bvek, ale sou\u010dasn\u011b, kdy\u017e je obsad\u00edme, tak vlastn\u011b ten v\u00fdklad je takov\u00fd, \u017ee jsou tam nez\u00e1konn\u011b, i kdy\u017e je to t\u0159eba na rozhodnut\u00ed soudu nebo na \u017e\u00e1dost o sporu. Tak\u017ee t\u0159eba konkr\u00e9tn\u011b ty \u0160t\u011brboholy, tam tedy by m\u011blo b\u00fdt 28 d\u011bt\u00ed minus 11, kter\u00e9 jsou na t\u011bch dlouhodob\u00fdch propustk\u00e1ch, tedy ze 48 d\u011bt\u00ed by tam nebo tam zbude potom 17 d\u011bt\u00ed.<\/p>\n<p>: No, ale v\u00edte, v\u011bc, na kterou upozor\u0148uje i ministryn\u011b pr\u00e1ce a soci\u00e1ln\u00edch v\u011bc\u00ed, Klok\u00e1nky u\u017e m\u011bly v\u00fdjimku na spln\u011bn\u00ed podm\u00ednek toho z\u00e1kona, t\u00e9 novely o soci\u00e1ln\u011b pr\u00e1vn\u00ed ochran\u011b d\u011bt\u00ed, podle n\u00ed\u017e tedy m\u016f\u017ee v t\u011bchto za\u0159\u00edzen\u00edch b\u00fdt maxim\u00e1ln\u011b 28 d\u011bt\u00ed, tak na spln\u011bn\u00ed toho jste m\u011bli, v\u00e1\u0161 fond, 2 roky. Nem\u011bli jste p\u0159ece jen ty 2 roky vyu\u017e\u00edt na to, abyste podm\u00ednky z\u00e1kona splnili, ne\u017e te\u010f na posledn\u00ed chv\u00edli \u017e\u00e1dat o prodlou\u017een\u00ed v\u00fdjimky?<\/p>\n<p>Marie VODI\u010cKOV\u00c1:<br \/>\nmy jsme ne\u017e\u00e1dali \u00fapln\u011b na posledn\u00ed chv\u00edli, ale ono jde o to, \u017ee \u017e\u00e1dn\u00e1 jin\u00e1 za\u0159\u00edzen\u00ed nemusela sni\u017eovat kapacitu, proto\u017ee ta za\u0159\u00edzen\u00ed, kter\u00e1 jsou provozovan\u00e1 neziskov\u00fdmi organizacemi, tak ta maj\u00ed v\u011bt\u0161inou 8, 12, 10 m\u00edst a pak to je ov\u0161em, j\u00e1 nev\u00edm, takov\u00fdch 80, 60 m\u00edst celkem, ale pak asi 500 m\u00edst je provozov\u00e1no v r\u00e1mci d\u011btsk\u00fdch domov\u016f a kojeneck\u00fdch \u00fastav\u016f a tam je vlastn\u011b pod jednou st\u0159echou mnohem v\u00edc d\u011bt\u00ed, ne\u017e je v t\u011bch p\u0159espo\u010detn\u00fdch Klok\u00e1nk\u00e1ch, proto\u017ee je tam t\u0159eba 20 d\u011bt\u00ed v tom za\u0159\u00edzen\u00ed a sou\u010dasn\u011b v jedn\u00e9 budov\u011b je tam, m\u016f\u017ee b\u00fdt podle z\u00e1kona 48 d\u011bt\u00ed, ale do roku 2017 je\u0161t\u011b v\u00edc. Tak\u017ee my jsme logicky p\u0159edpokl\u00e1dali, \u017ee kdy\u017e v t\u011bchto, v polovin\u011b zhruba za\u0159\u00edzen\u00ed v\u0161ech nevad\u00ed, \u017ee pod jednou st\u0159echou je t\u0159eba 140 m\u00edst, konkr\u00e9tn\u011b v jednom t\u0159eba kojeneck\u00e9m \u00fastavu, tak pro\u010d by, nebo d\u011bt\u00ed teda pod jednou st\u0159echou a t\u011bm d\u011btem je jedno, v jak\u00e9m jsou tam re\u017eimu, jestli jsou tam za\u0159\u00edzen\u00ed pro d\u011bti vy\u017eaduj\u00edc\u00ed okam\u017eitou pomoc nebo tedy v \u00fastavn\u00ed v\u00fdchov\u011b, tak\u017ee tu v\u00fdjimku dostaneme, proto\u017ee tu tam pr\u00e1v\u011b p\u0159idali do toho z\u00e1kona poslanci a pr\u00e1v\u011b proto, aby to Klok\u00e1nky n\u011bjak nepo\u0161kodilo. Nav\u00edc my jsme o tu v\u00fdjimku po\u017e\u00e1dali v roce. V \u00fanoru 2013 a bylo o n\u00ed rozhodnuto pravomocn\u011b a\u017e v \u010dervnu 2014 a byla to jedna v\u00fdjimka tedy ve dvoustup\u0148ov\u00e9m \u0159\u00edzen\u00ed. Mus\u00edm \u0159\u00edct, \u017ee poslanci mnoz\u00ed uva\u017euj\u00ed o novele t\u00e9to novely, kter\u00e1 se ne p\u0159\u00edli\u0161 dob\u0159e, mysl\u00edm, projevuje v soci\u00e1ln\u011b pr\u00e1vn\u00ed ochran\u011b d\u011bt\u00ed a tak\u017ee jsme doufali, \u017ee t\u0159eba ta v\u00fdjimka je\u0161t\u011b 1 rok potrv\u00e1, mezit\u00edm bude novela, proto\u017ee celkem nech\u00e1pu a mnoz\u00ed poslanci te\u010f t\u0159eba v soci\u00e1ln\u00edm v\u00fdboru tak\u00e9 ne, pro\u010d se to t\u0159eba vztahuje i na ta za\u0159\u00edzen\u00ed, kter\u00e1 vznikla d\u00e1vno p\u0159ed novelou. My m\u00e1me celkem 28 Klok\u00e1nk\u016f a z toho jenom 6 je t\u011bch, kter\u00e9 maj\u00ed v\u00edc ne\u017e 28 m\u00edst, tak\u017ee logick\u00e9 by bylo, aby ten z\u00e1kon nem\u011bl zp\u011btnou \u00fa\u010dinnost a aby se nevztahoval na za\u0159\u00edzen\u00ed, kter\u00e1 vznikla v roce, j\u00e1 nev\u00edm, 2005, 2006, d\u00e1vno p\u0159ed tou novelou.<\/p>\n<p>: No novela, sleduje vlastn\u011b modern\u00ed trend, t\u0159eba to, \u017ee v zahrani\u010d\u00ed, v za\u0159\u00edzen\u00edch podobn\u00e9ho typu b\u00fdv\u00e1, jak je uv\u00e1d\u011bno a argumentuje tak ministerstvo pr\u00e1ce a soci\u00e1ln\u00edch v\u011bc\u00ed, b\u00fdv\u00e1 tam mezi 8 a 10 d\u011btmi, nen\u00ed to snad trend, kter\u00fd by m\u011bly sledovat i Klok\u00e1nky?<\/p>\n<p>Marie VODI\u010cKOV\u00c1:<br \/>\nKlok\u00e1nky o d\u011bti pe\u010duj\u00ed v samostatn\u00fdch bytech, kde t\u0159eba jsou jenom 2 byty na pat\u0159e, tak\u017ee to je norm\u00e1ln\u00ed rodinn\u00e1 p\u00e9\u010de. K n\u00e1m do Klok\u00e1nku jezd\u00ed, speci\u00e1ln\u011b zejm\u00e9na do t\u011bch \u0160t\u011brbohol r\u016fzn\u00e9 zahrani\u010dn\u00ed n\u00e1v\u0161t\u011bvy, t\u0159eba u\u017e jsme tam m\u011bli asi 10 autobus\u016f studentsk\u00fd, student\u016f soci\u00e1ln\u00edch \u0161kol z Francie, byli tam Norov\u00e9, byli tam ze \u0160v\u00fdcarska, z r\u016fzn\u00fdch dal\u0161\u00edch zem\u00ed, It\u00e1lie a v\u0161ichni t\u00edm zp\u016fsobem p\u00e9\u010de jsou nad\u0161en\u00fd, proto\u017ee bohu\u017eel nikde nen\u00ed dostatek p\u011bstoun\u016f a tady vlastn\u011b je to takov\u00e1 p\u00e9\u010de, kde teda se st\u0159\u00eddaj\u00ed vlastn\u011b dv\u011b tety v samostatn\u00e9m byt\u011b, va\u0159\u00ed, nakupuj\u00ed, s d\u011btmi si hraj\u00ed, chod\u00ed s nimi na vych\u00e1zky, \u00fapln\u011b tak jako v rodin\u011b, tak\u017ee konkr\u00e9tn\u011b t\u0159eba pan\u00ed Gapany, kter\u00e1 je z\u00e1stupkyn\u011b \u0159editele Mezin\u00e1rodn\u00edho institutu pr\u00e1v d\u00edt\u011bte ve \u0160v\u00fdcarsku, tak napsala, \u017ee ani u nich ve \u0160v\u00fdcarsku nevid\u011bla za\u0159\u00edzen\u00ed na tak vysok\u00e9 \u00farovni, jako teda t\u0159eba v tom Klok\u00e1nku, tak j\u00e1 celkem nech\u00e1pu, pro\u010d d\u011bti od n\u00e1s, kdy\u017e jich tam nesm\u00ed b\u00fdt ani 29 nebo dokonce 18, kdy\u017e se odpo\u010d\u00edtaj\u00ed ty propustky, bu\u010f p\u016fjdou tam, kde jich bude t\u0159eba 40 nebo 50.<\/p>\n<p>: Dal\u0161\u00ed dotaz: &#8222;Je mi l\u00edto, \u017ee st\u00e1t h\u00e1z\u00ed klacky pod nohy n\u011bkomu, kdo pomoci d\u011btem v nouzi ob\u011btoval kus \u017eivota. Dok\u00e1\u017eete si vysv\u011btlit, pro\u010d to ti st\u00e1tn\u00ed \u00fa\u0159edn\u00edci d\u011blaj\u00ed? Nen\u00ed d\u011btem l\u00e9pe u v\u00e1s ne\u017e v neosobn\u00edch \u00fastavech?&#8220;<\/p>\n<p>Marie VODI\u010cKOV\u00c1:<br \/>\nj\u00e1 rozhodn\u011b nechci tady n\u011bjak jaksi dehonestovat \u00fastavy, proto\u017ee pro mnoh\u00e9 d\u011bti je to skute\u010dn\u011b z\u00e1chrana a je jim tam mnohem l\u00e9pe ne\u017e v rodin\u00e1ch, kde byly t\u00fdran\u00e9, zanedb\u00e1van\u00e9 a podobn\u011b, ale zejm\u00e9na, pokud jde o mal\u00e9 d\u011bti, o miminka, batolata, p\u0159ed\u0161koln\u00ed d\u011bti, tak pro n\u011b je ur\u010dit\u011b lep\u0161\u00ed Klok\u00e1nek, ne\u017e, proto\u017ee vlastn\u011b v tom byt\u011b je v\u011bt\u0161inou 1 miminko, 1 nebo 2 batolata, tak jako to je v rodin\u011b, tak\u017ee ty d\u011bti maj\u00ed hodn\u011b podn\u011bt\u016f a maj\u00ed vlastn\u011b v t\u00e9 dosp\u011bl\u00e9 osob\u011b, kter\u00e1 je tam s nimi ve dne, v noci cel\u00fd t\u00fdden a pak ta druh\u00e1 teta, tak v n\u00ed maj\u00ed takovou jistotu a bezpe\u010d\u00ed. Pr\u00e1v\u011b to se mi nel\u00edb\u00ed na \u00fastavn\u00ed v\u00fdchov\u011b, kdy\u017e je, kdy\u017e jsou d\u011bti stejn\u00e9ho v\u011bku, mal\u00e9 d\u011bti, vlastn\u011b ve v\u011bt\u0161\u00ed skupin\u011b. V \u00fastavn\u00ed v\u00fdchov\u011b je jedno, vlastn\u011b 1 dosp\u011bl\u00fd na 8 d\u011bt\u00ed, u n\u00e1s je to 1 dosp\u011bl\u00fd na 4 d\u011bti.<\/p>\n<p>: Na Facebooku se v\u00e1s pt\u00e1 Josef Nov\u00e1k: &#8222;Z vlastn\u00ed zku\u0161enosti v\u00edm,&#8220; p\u00ed\u0161e, &#8222;\u017ee se d\u011bti ve st\u00e1tn\u00edch d\u011btsk\u00fdch domovech nemaj\u00ed \u0161patn\u011b. To, \u017ee se tam maj\u00ed h\u016f\u0159e, je pouze \u00fa\u010delov\u00e9 tvrzen\u00ed, dost\u00e1vaj\u00ed tam stejnou l\u00e1sku jako v Klok\u00e1nku.&#8220; Je to tak?<\/p>\n<p>Marie VODI\u010cKOV\u00c1:<br \/>\nv Klok\u00e1nku je to, zejm\u00e9na pr\u00e1v\u011b pro tyto mal\u00e9 d\u011bti lep\u0161\u00ed v tom, \u017ee ta pe\u010duj\u00edc\u00ed osoba je s nimi i v noci a pr\u00e1v\u011b v noci pot\u0159ebuj\u00ed d\u011bti, aby u nich byl ten dosp\u011bl\u00fd, maj\u00ed r\u016fzn\u00e9 \u00fazkosti, maj\u00ed no\u010dn\u00ed d\u011bsy, o to je to t\u0159eba lep\u0161\u00ed, proto\u017ee v \u00fastavn\u00edch t\u011bch nebo d\u011btsk\u00fdch domovech a kojeneck\u00fdch \u00fastavech nen\u00ed v noci 1 osoba na 4 d\u011bti, dokonce ani ne v t\u011bchto za\u0159\u00edzen\u00edch pro d\u011bti vy\u017eaduj\u00edc\u00ed okam\u017eitou pomoc, i kdy\u017e z\u00e1kon \u0159\u00edk\u00e1, \u017ee m\u016f\u017ee 1 osoba pe\u010dovat pouze o 4 d\u011bti, tak ministerstvo vydalo v\u00fdklad, \u017ee v noci se nejedn\u00e1 o p\u0159\u00edmou p\u00e9\u010di a m\u016f\u017ee teda b\u00fdt na 1 osobu i v t\u011bchto za\u0159\u00edzen\u00edch d\u011bt\u00ed mnohem, prost\u011b v\u00edc, neuvedli po\u010det. U n\u00e1s jsme i v noci vlastn\u011b, m\u00e1 ta teta ty 4 d\u011bti, tak\u017ee j\u00e1 si mysl\u00edm, \u017ee nen\u00ed dobr\u00e9 s d\u011btmi, d\u011bti n\u011bjak posouvat z jednoho za\u0159\u00edzen\u00ed do druh\u00e9ho, kdy\u017e u\u017e si n\u011bkde zvyknou a je jim tam dob\u0159e, tak jako ka\u017ed\u00fd, ka\u017ed\u00e1 zm\u011bna takov\u00e1 je pro n\u011b stres a \u00fapln\u011b zbyte\u010dn\u00e1.<\/p>\n<p>: Jak\u00fdm syst\u00e9mem se d\u011bti do Klok\u00e1nku dost\u00e1vaj\u00ed? Co rozhodne o tom, \u017ee p\u0159ijdou zrovna do za\u0159\u00edzen\u00ed Klok\u00e1nek?<\/p>\n<p>Marie VODI\u010cKOV\u00c1,:<br \/>\nAno. Tak v\u011bt\u0161inou to rozhoduj\u00ed org\u00e1ny soci\u00e1ln\u011b pr\u00e1vn\u00ed ochrany d\u011bt\u00ed, kter\u00e9 doporu\u010d\u00ed t\u0159eba rodi\u010d\u016fm, kte\u0159\u00ed se ocitli na ulici nebo z n\u011bjak\u00e9ho jin\u00e9ho d\u016fvodu se nemohou o d\u011bti postarat, aby tedy d\u00edt\u011b dali do Klok\u00e1nku nebo do n\u011bjak\u00e9ho jin\u00e9ho za\u0159\u00edzen\u00ed pro d\u011bti &#8230;<\/p>\n<p>: Kdo rozhodne o tom, \u017ee Klok\u00e1nek a ne jin\u00e9 za\u0159\u00edzen\u00ed tohoto typu?<\/p>\n<p>Marie VODI\u010cKOV\u00c1,<br \/>\nn\u011bkdy si to rozhodnou ti rodi\u010de sami, pokud to v\u011bd\u00ed a pokud teda ten org\u00e1n soci\u00e1ln\u011b pr\u00e1vn\u00ed ochrany d\u00e1 takzvan\u00e9, jako \u017ee to um\u00edst\u011bn\u00ed je d\u016fvodn\u00e9, takov\u00e9 stanovisko, tak\u017ee v podstat\u011b tam maj\u00ed hodn\u011b ty soci\u00e1ln\u00ed \u00fa\u0159ady velk\u00e9 slovo, proto\u017ee i oni navrhuj\u00ed t\u0159eba soudu, kam to d\u00edt\u011b m\u00e1 sv\u011b\u0159it, tak\u017ee do Klok\u00e1nku se m\u016f\u017ee d\u00edt\u011b dostat bu\u010f na \u017e\u00e1dost rodi\u010d\u016f, ale vlastn\u011b tedy s takov\u00fdm po\u017eehn\u00e1n\u00edm toho OSPODu nebo na \u017e\u00e1dost toho org\u00e1nu soci\u00e1ln\u011b pr\u00e1vn\u00ed ochrany d\u011bt\u00ed se souhlasem rodi\u010d\u016f nebo na rozhodnut\u00ed soudu, a tak\u00e9 dokonce na vlastn\u00ed \u017e\u00e1dost d\u00edt\u011bte, co\u017e se p\u0159\u00edli\u0161 nev\u00ed, ro\u010dn\u011b toho vyu\u017eije tak kolem 20 d\u011bt\u00ed.<\/p>\n<p>: Jak dlouho d\u011bti v Klok\u00e1nku z\u016fst\u00e1vaj\u00ed?<\/p>\n<p>Marie VODI\u010cKOV\u00c1:<br \/>\nPr\u016fm\u011brn\u011b u n\u00e1s, pr\u016fm\u011brn\u011b z\u016fst\u00e1vaj\u00ed p\u016fl roku, ale t\u0159etina d\u011bt\u00ed odch\u00e1z\u00ed do m\u011bs\u00edce, kdy\u017e se ta jejich situace vy\u0159e\u0161\u00ed, potom polovina odch\u00e1z\u00ed do 3 m\u011bs\u00edc\u016f a celkem dv\u011b t\u0159etiny odejdou do p\u016fl roku, ale ta posledn\u00ed t\u0159etina, ta prost\u011b se ta situace neda\u0159\u00ed vy\u0159e\u0161it do p\u016fl roku, tak\u017ee jsou u n\u00e1s d\u00e9le, t\u0159eba i n\u011bkolik let, ale j\u00e1 bych je\u0161t\u011b cht\u011bla \u0159\u00edct, \u017ee nen\u00ed pravda, co neust\u00e1le tvrd\u00ed ministerstvo pr\u00e1ce a soci\u00e1ln\u00edch v\u011bc\u00ed, \u017ee tyto, tato za\u0159\u00edzen\u00ed byla v\u017edy koncipov\u00e1na jako pro kr\u00e1tkodob\u00e9 pobyty, proto\u017ee a\u017e do roku 2012 platilo v z\u00e1kon\u011b o rodin\u011b, \u017ee p\u0159ednost p\u0159ed \u00fastavn\u00ed v\u00fdchovou m\u00e1 rodinn\u00e1 p\u00e9\u010de v za\u0159\u00edzen\u00edch pro d\u011bti vy\u017eaduj\u00edc\u00ed okam\u017eitou pomoc, co\u017e se vlastn\u011b t\u00fdkalo zpravidla teda Klok\u00e1nku. No, a potom na n\u00e1vrh dokonce ministerstva v roce 2012 pak platilo a\u017e do konce roku 2013, \u017ee jak\u00e1koliv p\u00e9\u010de v za\u0159\u00edzen\u00edch pro d\u011bti vy\u017eaduj\u00edc\u00ed okam\u017eitou pomoc, m\u00e1 p\u0159ednost p\u0159ed \u00fastavn\u00ed v\u00fdchovou a m\u016f\u017ee trvat 3 roky a s mo\u017enost\u00ed prodlou\u017een\u00ed tak jako \u00fastavn\u00ed v\u00fdchova, tak\u017ee celkem nech\u00e1pu, pro\u010d te\u010f se &#8230;<\/p>\n<p>: A m\u00e1te v Klok\u00e1nc\u00edch i star\u0161\u00ed d\u011bti, t\u0159eba opravdu a\u017e do v\u011bku 18 let?<\/p>\n<p>Marie VODI\u010cKOV\u00c1:<br \/>\njist\u011b, m\u00e1me tam d\u011bti i star\u0161\u00ed ne\u017e 18 let, pokud nemaj\u00ed kam j\u00edt, pokud t\u0159eba studuj\u00ed, ale na ty my u\u017e nem\u00e1me jako n\u00e1rok na n\u011bjak\u00fd st\u00e1tn\u00ed p\u0159\u00edsp\u011bvek.<\/p>\n<p>: No, ale to je pr\u00e1v\u011b proti t\u00e9 p\u0159edstav\u011b st\u00e1tu, \u017ee takto byste fungovat z\u0159ejm\u011b nem\u011bli.<\/p>\n<p>Marie VODI\u010cKOV\u00c1,:<br \/>\nty d\u011bti tam nejsou od narozen\u00ed do 18 let a my je nahla\u0161ujeme pro n\u00e1hradn\u00ed rodinnou p\u00e9\u010di, ale bohu\u017eel, dlouhodob\u00ed p\u011bstouni prost\u011b nejsou, my m\u00e1me &#8230;<\/p>\n<p>: V\u00edte, jak\u00e1 kritika n\u011bkdy proti Klok\u00e1nk\u016fm tak\u00e9 sm\u011b\u0159uje, \u017ee si vyb\u00edr\u00e1te d\u011bti bezprobl\u00e9mov\u00e9, hodn\u00e9, nekonfliktn\u00ed a ty ostatn\u00ed, \u017ee pr\u00e1v\u011b p\u0159ijdou do d\u011btsk\u00fdch domov\u016f.<\/p>\n<p>Marie VODI\u010cKOV\u00c1:<br \/>\nV\u00edte co, my v tom na\u0161em re\u017eimu nem\u016f\u017eeme m\u00edt n\u011bjak p\u0159\u00edli\u0161 probl\u00e9mov\u00e9 d\u011bti, to znamen\u00e1 takov\u00e9, kter\u00e9 se budou vracet v noci, kter\u00e9 budou na drog\u00e1ch, kter\u00e9 budou agresivn\u00ed a budou tam t\u0159eba \u0161ikanovat ty men\u0161\u00ed d\u011bti. To skute\u010dn\u011b pro takov\u00e9 d\u011bti jsou vhodn\u00e9 sp\u00ed\u0161 v\u00fdchovn\u00e9 \u00fastavy.<\/p>\n<p>: \u010cili je to tak, \u017ee Klok\u00e1nky jsou v jist\u00e9m smyslu takov\u00e9 v\u00fdb\u011brov\u00e9, kdy\u017e to tak \u0159eknu.<\/p>\n<p>Marie VODI\u010cKOV\u00c1:<br \/>\nNo, ani bych to ne\u0159ekla. M\u00e1me tam dost d\u011bt\u00ed, kter\u00e9 p\u0159ijdou s velik\u00fdmi probl\u00e9my a mus\u00edm \u0159\u00edct, \u017ee v\u011bt\u0161ina t\u011bch d\u011bt\u00ed se v podstat\u011b pak zklidn\u00ed a chov\u00e1 se jako p\u0159ijateln\u011b, ale to se t\u00fdk\u00e1 to, \u017ee, n\u011bkdo \u0159\u00edk\u00e1, \u017ee si vyb\u00edr\u00e1me, to v\u016fbec nen\u00ed pravda, my nev\u00edme ani, jak\u00e9 d\u011bti k n\u00e1m p\u0159ijdou, ale sp\u00ed\u0161 se to t\u00fdk\u00e1 t\u011bch pubert\u00e1ln\u00edch d\u011bt\u00ed, kter\u00e9 nejsou ochotn\u00e9 se tomu re\u017eimu na\u0161emu podrobit, to znamen\u00e1, cht\u011bly by chodit t\u0159eba v noci na diskot\u00e9ku, co\u017e t\u0159eba u n\u00e1s nen\u00ed mo\u017en\u00e9.<\/p>\n<p>: A to je \u0161patn\u011b?<\/p>\n<p>Marie VODI\u010cKOV\u00c1:<br \/>\nmy jsme tam sp\u00ed\u0161 zam\u011b\u0159en\u00fd a sp\u00ed\u0161 Klok\u00e1nky pot\u0159ebuj\u00ed pr\u00e1v\u011b ty mal\u00e9 d\u011bti a je to vid\u011bt velmi dob\u0159e, kdy\u017e p\u0159ijde ciz\u00ed n\u00e1v\u0161t\u011bva, tak ty mal\u00e9 d\u011bti se na n\u00ed nevrhaj\u00ed na ty ciz\u00ed lidi, necht\u011bj\u00ed s nimi odej\u00edt, ale naopak velmi \u010dasto jdou k t\u00e9 sv\u00e9 tet\u011b, cht\u011bj\u00ed na ruku, schov\u00e1vaj\u00ed se za n\u00ed, tak\u017ee z toho je vid\u011bt, \u017ee po t\u00e9 str\u00e1nce psychick\u00e9 a citov\u00e9 je pro n\u011b toto stabiln\u011bj\u0161\u00ed prost\u0159ed\u00ed jako lep\u0161\u00ed, \u017ee tam c\u00edt\u00ed v\u00edc bezpe\u010d\u00ed a jistoty.<\/p>\n<p>: Dal\u0161\u00ed dotaz od Romana: &#8222;\u00da\u0159edn\u00edk\u016fm st\u00e1tu evidentn\u011b vad\u00edte. Pro\u010d to d\u011blaj\u00ed? Komu by vyhovoval konec Klok\u00e1nk\u016f?&#8220;<\/p>\n<p>Marie VODI\u010cKOV\u00c1:<br \/>\nto j\u00e1 nem\u016f\u017eu tady n\u011bjak\u00e9 spekulace asi uv\u00e1d\u011bt. Nev\u00edm. J\u00e1 celkem nech\u00e1pu, pro\u010d d\u011bti, t\u0159eba t\u011bch 100 m\u00edst, 105 m\u00edst, kter\u00e9 vlastn\u011b, o kter\u00e9 mus\u00edme sn\u00ed\u017eit kapacitu, tak t\u011bmi by pro\u0161lo za rok 200 d\u011bt\u00ed, t\u011bch 200 d\u011bt\u00ed p\u016fjde do za\u0159\u00edzen\u00ed nebo v\u011bt\u0161ina z nich teda, kde jich bude je\u0161t\u011b v\u00edc. Nav\u00edc v podstat\u011b Klok\u00e1nky jsou jedin\u00e1 za\u0159\u00edzen\u00ed u n\u00e1s, kter\u00e1 p\u0159ij\u00edmaj\u00ed sourozence bez ohledu na v\u011bk, to znamen\u00e1, od narozen\u00ed a\u017e do 18 let a pokud ty d\u011bti jdou do \u00fastav\u016f st\u00e1tn\u00edch, tak tam miminka jdou prost\u011b do \u00fastav\u016f kojeneck\u00fdch, zdravotnick\u00fdch, star\u0161\u00ed d\u011bti do \u0161kolsk\u00fdch. Zrovna minul\u00fd t\u00fdden bylo, byla nad 4 d\u011btmi z Klok\u00e1nku na\u0159\u00edzena \u00fastavn\u00ed v\u00fdchova, 4m\u011bs\u00ed\u010dn\u00ed chlape\u010dek byl um\u00edst\u011bn\u00fd do kojeneck\u00e9ho \u00fastavu v Liberci a 3 star\u0161\u00ed d\u011bti do d\u011btsk\u00e9ho domova, co\u017e je pro n\u011b samoz\u0159ejm\u011b traumatizuj\u00edc\u00ed a nen\u00ed to dobr\u00e9, tak\u017ee tato m\u00edsta mohla b\u00fdt t\u0159eba vyu\u017e\u00edvan\u00e1 pro sourozence.<\/p>\n<p>: Jak\u00e9 jsou kvalifika\u010dn\u00ed p\u0159edpoklady pro pr\u00e1ci v Klok\u00e1nku? Proto\u017ee t\u0159eba v d\u011btsk\u00fdch domovech u\u017e vychovatelky dnes mus\u00ed m\u00edt vysoko\u0161kolsk\u00e9 vzd\u011bl\u00e1n\u00ed. Je to tak i v Klok\u00e1nc\u00edch?<\/p>\n<p>Marie VODI\u010cKOV\u00c1:<br \/>\nV Klok\u00e1nku m\u00e1 \u010d\u00e1st, asi t\u0159etina mo\u017en\u00e1, t\u011bch tet vysoko\u0161kolsk\u00e9 vzd\u011bl\u00e1n\u00edm, nevy\u017eadujeme ale pedagogick\u00e9ho sm\u011bru, proto\u017ee vlastn\u011b my hled\u00e1me lidi osobnostn\u011b asi tak vhodn\u00e9 jako pro p\u011bstounskou p\u00e9\u010di. Lidi, kte\u0159\u00ed jsou schopn\u00ed t\u011bm d\u011btem vytvo\u0159it vl\u00eddn\u00e9 prost\u0159ed\u00ed, jsou schopn\u00fd postarat se jak o ty d\u011bti, tak o dom\u00e1cnost a na to nen\u00ed pot\u0159eba, aby m\u011bl n\u011bkdo pedagogick\u00e9 vzd\u011bl\u00e1n\u00ed.<\/p>\n<p>: Na webu se pt\u00e1 Franti\u0161ek: &#8222;Napad\u00e1 m\u011b paralela s \u010desk\u00fdmi d\u011btmi v Norsku. Kritizov\u00e1no bylo mimo jin\u00e9 rozd\u011blen\u00ed sourozenc\u016f do r\u016fzn\u00fdch rodin, ale to \u010desk\u00fd st\u00e1t d\u011bl\u00e1 tak\u00e9, ne? Co s t\u00edm? Je v\u016fbec mo\u017en\u00e9 p\u0159i umis\u0165ov\u00e1n\u00ed d\u011bt\u00ed nechat sourozence spolu?&#8220;<\/p>\n<p>Marie VODI\u010cKOV\u00c1,:<br \/>\nPokud p\u0159i\u0161li do Klok\u00e1nku, tak ano, ale t\u0159eba jsme p\u0159ij\u00edmali, je to asi 3 m\u011bs\u00edce, 7 dokonce sourozenc\u016f r\u016fzn\u00e9ho v\u011bku, to jsou sourozenci od narozen\u00ed 2014 a\u017e tedy star\u0161\u00ed mnohem a u n\u00e1s to probl\u00e9m nen\u00ed, proto\u017ee na to jsme tam za\u0159\u00edzeni, zat\u00edmco skute\u010dn\u011b ty d\u011bti do 1 a\u017e n\u011bkdy 2 let jsou umis\u0165ovan\u00fd do zdravotnick\u00fdch za\u0159\u00edzen\u00ed a star\u0161\u00ed do \u0161kolsk\u00fdch. T\u0159eba z Klok\u00e1nku Janovice bylo 6 d\u011bt\u00ed, 6 sourozenc\u016f rozm\u00edst\u011bno do 3 \u00fastav\u016f dokonce podle v\u011bku, a to asi nen\u00ed dobr\u00e9, tak\u017ee j\u00e1 celkem nech\u00e1pu, \u017ee se pr\u00e1v\u011b sni\u017euje kapacita za\u0159\u00edzen\u00ed, kter\u00e1 jsou p\u0159izp\u016fsobena na to p\u0159ij\u00edmat d\u011bti bez ohledu na v\u011bk.<\/p>\n<p>: \u010cili \u0159ekla byste, \u017ee to je to, co odli\u0161uje Klok\u00e1nky od ostatn\u00edch za\u0159\u00edzen\u00ed, \u017ee vy sourozence ponech\u00e1v\u00e1te pospolu, zat\u00edmco v jin\u00fdch za\u0159\u00edzen\u00edch se d\u011bje to, co bylo kritizov\u00e1no, \u017ee je v Norsku, \u017ee sourozenci se rozd\u011bluj\u00ed?<\/p>\n<p>Marie VODI\u010cKOV\u00c1:<br \/>\nPokud je tam sourozenec skute\u010dn\u011b jako mlad\u0161\u00ed jednoho v\u011bku nebo prost\u011b je\u0161t\u011b takov\u00fd miminko a pokud jsou tam star\u0161\u00ed, tak se rozd\u011bluj\u00ed, ano. A dal\u0161\u00ed, co odli\u0161uje Klok\u00e1nky, je to, \u017ee je tam, jsou tam 4 d\u011bti v samostatn\u00fdch bytech a \u017ee ta teta je tam s nimi ve dne, v noci, cel\u00fd t\u00fdden, to je stra\u0161n\u011b d\u016fle\u017eit\u00e9 pro takov\u00fd pocit bezpe\u010d\u00ed a my chceme, aby se ty d\u011bti u n\u00e1s c\u00edtily tak jako t\u0159eba u sv\u00e9 vlastn\u00ed tety nebo u n\u011bjak\u00fdch p\u0159\u00edbuzn\u00fdch a jsme schopn\u00fd ty d\u011bti p\u0159ij\u00edmat vlastn\u011b kdykoliv, \u010dasto jsou to no\u010dn\u00ed p\u0159\u00edjmy, d\u011bti jsou ve velice \u010dasto \u0161patn\u00e9m stavu, dokonce z nich i n\u011bkdy padaj\u00ed \u0161t\u011bnice, maj\u00ed svrab a podobn\u011b a t\u0159eba pokud jde o p\u0159echodn\u00e9 p\u011bstouny, tak sice se \u0159\u00edkalo p\u0159i p\u0159ij\u00edm\u00e1n\u00ed t\u00e9 novely, \u017ee p\u0159echodn\u00ed p\u011bstouni budou takzvan\u00ed emergy a budou kdykoliv p\u0159ipraveni a schopni p\u0159ijmout d\u00edt\u011b, ale v z\u00e1kon\u011b to tak nen\u00ed. V z\u00e1kon\u011b oni, podle z\u00e1kona oni mus\u00ed \u010dekat na rozhodnut\u00ed soudu, tak\u017ee stejn\u011b zhruba 48 hodin nebo minim\u00e1ln\u011b 24 hodin to d\u00edt\u011b mus\u00ed b\u00fdt n\u011bkde jinde.<\/p>\n<p>: Te\u010f ten tlak na sn\u00ed\u017een\u00ed maxim\u00e1ln\u00edho po\u010dtu d\u011bt\u00ed v za\u0159\u00edzen\u00edch va\u0161eho typu, bude to znamenat i tlak na to, aby se sourozenci sp\u00ed\u0161 rozd\u011blovali, proto\u017ee kapacitn\u011b to nebude mo\u017en\u00e9 je ponechat pospolu?<\/p>\n<p>Marie VODI\u010cKOV\u00c1,<br \/>\nNo, tak j\u00e1 se toho ob\u00e1v\u00e1m, proto\u017ee u\u017e k tomu jako doch\u00e1z\u00ed, no, doch\u00e1zelo k tomu m\u00ed\u0148 a te\u010f asi, kdy\u017e tady bude pro 200 d\u011bt\u00ed ta kapacita chyb\u011bt ro\u010dn\u011b, tak se ob\u00e1v\u00e1m, \u017ee to, k tomu bude doch\u00e1zet \u010dast\u011bji.<\/p>\n<p>: Mimochodem, jak to vzniklo, \u017ee zrovna \u010d\u00edslo 28 je to prav\u00e9, to optim\u00e1ln\u00ed jako maximum pro po\u010det d\u011bt\u00ed, kter\u00e9 sm\u011bj\u00ed b\u00fdt v jednom \u00fastavu, v jednom za\u0159\u00edzen\u00ed? Pro\u010d 28 a ne 29 nebo 30?<\/p>\n<p>Marie VODI\u010cKOV\u00c1:<br \/>\nTo nev\u00edm, to vymyslelo ministerstvo pr\u00e1ce nebo ti \u00fa\u0159edn\u00edci tam, kte\u0159\u00ed tu novelu prosazovali, ale pravda je, \u017ee nikdo z t\u011bch zahrani\u010dn\u00edch n\u00e1v\u0161t\u011bv se nepodivoval tomu, \u017ee t\u0159eba v t\u011bch \u0160t\u011brbohol\u00edch nebo n\u011bkde jinde je 48 d\u011bt\u00ed, proto\u017ee pr\u00e1v\u011b proto, \u017ee jsou to, v t\u011bch bytech samostatn\u011b, po 4 ve dne, v noci. Oni nejsou v n\u011bjak\u00e9 velk\u00e9 m\u00edstnosti hromadn\u011b. V podstat\u011b kdyby my jsme m\u011bli Klok\u00e1nek, kde bude 28 d\u011bt\u00ed a budou t\u0159eba rozd\u011blen\u00e9 do n\u011bjak\u00fdch 3 velk\u00fdch m\u00edstnost\u00ed, kde bude s nimi teda p\u0159\u00edslu\u0161n\u00fd po\u010det, j\u00e1 nev\u00edm, n\u011bjak\u00fdch tet nebo dosp\u011bl\u00fdch, tak to bude v po\u0159\u00e1dku, ale to by asi nebyla moc dobr\u00e1 individu\u00e1ln\u00ed p\u00e9\u010de, kdyby byly n\u011bkde po 10, 10 post\u00fdlek a te\u010f tam s nimi budou 3, 3 lidi teda dosp\u011bl\u00ed.<\/p>\n<p>: Stanislav: &#8222;Jak\u00fd m\u00e1 n\u00e1\u0161 st\u00e1t pl\u00e1n s d\u011btmi, kter\u00e9 se d\u00edky jeho opat\u0159en\u00edm nevejdou do Klok\u00e1nku? V minulosti se bezhlav\u011b ru\u0161ily jesle, mate\u0159sk\u00e9 \u0161kolky a d\u011btsk\u00e9 vesni\u010dky a dnes nen\u00ed kam d\u00e1t ani d\u011bti, kter\u00e9 jsou bez rodi\u010d\u016f. Co s t\u011bmi p\u0159ebyte\u010dn\u00fdmi tedy chyst\u00e1?&#8220;<\/p>\n<p>Marie VODI\u010cKOV\u00c1:<br \/>\nNo, tak, oni p\u016fjdou do t\u011bch jin\u00fdch tedy za\u0159\u00edzen\u00ed, kde ov\u0161em paradoxn\u011b bude zpravidla t\u011bch d\u011bt\u00ed pod jednou st\u0159echou v\u00edc, ne\u017e jich je tedy u n\u00e1s, proto\u017ee tam jsou je\u0161t\u011b ty d\u011bti v t\u00e9 \u00fastavn\u00ed v\u00fdchov\u011b. Jinak j\u00e1 je\u0161t\u011b mus\u00edm \u0159\u00edct, \u017ee t\u0159eba v\u00fdbor OSN pro pr\u00e1va d\u00edt\u011bte u\u017e v roce 2003 vyzval \u010ceskou republiku, aby podpo\u0159ila p\u011bstounskou p\u00e9\u010di a jinou, rodinn\u011b orientovanou p\u00e9\u010di a j\u00e1 si mysl\u00edm, \u017ee tedy nikdo celkem nem\u016f\u017ee pop\u0159\u00edt, \u017ee Klok\u00e1nky jsou rodinn\u011b orientovan\u00e1 p\u00e9\u010de, a p\u0159esto pr\u00e1v\u011b ony teda na tu novelu te\u010f dopl\u00e1cej\u00ed.<\/p>\n<p>: vlastn\u011b t\u00edm je i argumentov\u00e1no v t\u00e9 novele z\u00e1kona, \u017ee rodinn\u00e1 p\u00e9\u010de i t\u0159eba v p\u011bstounsk\u00fdch rodin\u00e1ch m\u00e1 m\u00edt p\u0159ednost, m\u00e1 m\u00edt p\u0159ednost &#8230; . \u010dili je to takov\u00fd protimluv to, co obsahuj\u00ed ustanoven\u00ed t\u00e9to novely?<\/p>\n<p>Marie VODI\u010cKOV\u00c1:<br \/>\nNo, ne, to tak jako nen\u00ed tolik p\u011bstoun\u016f, aby se postarali o v\u0161echny d\u011bti, tak\u017ee ty d\u011bti chod\u00ed do r\u016fzn\u00fdch za\u0159\u00edzen\u00ed. A pro\u010d tedy se maj\u00ed ru\u0161it byty v za\u0159\u00edzen\u00edch, kter\u00e9 poskytuj\u00ed p\u00e9\u010di, kter\u00e1 je pr\u00e1v\u011b t\u00e9 rodin\u011b velmi bl\u00edzk\u00e1 a kde celkem ty d\u011bti velmi dob\u0159e prosp\u00edvaj\u00ed, jo. To je pr\u00e1v\u011b, a pro\u010d to obdivuje zahrani\u010d\u00ed, kdy\u017e se na druhou stranu tvrd\u00ed, \u017ee v zahrani\u010d\u00ed takov\u00e9to prost\u011b, takto velk\u00e1 za\u0159\u00edzen\u00ed nejsou. Je tam d\u016fle\u017eit\u00fd ten zp\u016fsob p\u00e9\u010de, \u017ee jsou ty d\u011bti po 4 v bytech.<\/p>\n<p>: A vyjas\u0148ovala jste si tyto n\u00e1zory takto t\u0159eba pr\u00e1v\u011b s ministryn\u00ed pr\u00e1ce a soci\u00e1ln\u00edch v\u011bc\u00ed Michaelou Marksovou?<\/p>\n<p>Marie VODI\u010cKOV\u00c1:<br \/>\nTak j\u00e1 jsem m\u011bla mo\u017enost s pan\u00ed ministryn\u00ed mluvit jenom 5 minut, ale to jsme si moc nevyjasnily, proto\u017ee ona \u0159ekla, \u017ee j\u00e1 j\u00ed n\u011bco \u0159\u00edk\u00e1m, \u00fa\u0159edn\u00edci j\u00ed \u0159\u00edkaj\u00ed n\u011bco jin\u00e9ho, a tak jsem \u0159\u00edkala, \u017ee by bylo dobr\u00e9 se sej\u00edt i s \u00fa\u0159edn\u00edky a k tomu nikdy nedo\u0161lo. Ona \u0159ekla, \u017ee teda ano, ale sna\u017eila jsem se se tam n\u011bjak dostat.<\/p>\n<p>: A s jej\u00edmi \u00fa\u0159edn\u00edky jste takovou diskusi vedla?<\/p>\n<p>Marie VODI\u010cKOV\u00c1:<br \/>\nNo, tak jej\u00ed \u00fa\u0159edn\u00edci po\u0159\u00e1d tvrd\u00ed, to taky, to jist\u011b, mnohokr\u00e1t. \u017de prost\u011b 28 je strop a \u017ee p\u0159es to nejede vlak.<\/p>\n<p>: No, a \u010d\u00edm v\u00e1m to zd\u016fvod\u0148uj\u00ed, jak v\u00e1m oponuj\u00ed?<\/p>\n<p>Marie VODI\u010cKOV\u00c1:<br \/>\nNo, pr\u00e1v\u011b t\u00edm zahrani\u010d\u00edm, kter\u00fd ov\u0161em kupodivu to zahrani\u010d\u00ed k n\u00e1m chod\u00ed to obdivovat, a dokonce i v n\u011bkolika p\u0159\u00edpadech napsali na ministerstvo, \u017ee to je p\u00e9\u010de, kter\u00e1 se jim jako l\u00edb\u00ed a nikdo to celkem nech\u00e1pe, pro\u010d zrovna toto se rozhodli jakoby sni\u017eovat. 100 m\u00edst, to je pom\u011brn\u011b hodn\u011b, to je desetina v\u0161ech m\u00edst v za\u0159\u00edzen\u00edch t\u011bchto pro d\u011bti vy\u017eaduj\u00edc\u00ed okam\u017eitou pomoc a p\u011btina na\u0161ich m\u00edst, tak\u017ee skute\u010dn\u011b se m\u016f\u017ee st\u00e1t, \u017ee to bude chyb\u011bt tak jako, tak jako to chyb\u00ed teda ty jesle a \u0161kolky a te\u010f mi \u0159\u00edkal jeden kolega z Klok\u00e1nku, teda zrovna \u0160t\u011brboholy, \u017ee mu volala soci\u00e1ln\u00ed pracovnice, \u017ee nem\u00e1 kam d\u00e1t 14letou d\u00edvku a tak\u017ee j\u00ed doporu\u010dili, aby j\u00ed dala bu\u010f do nemocnice, nebo do zotavovny, tak\u017ee tahle to mo\u017en\u00e1 pak bude kon\u010dit.<\/p>\n<p>: A funguj\u00ed n\u011bkde v Evrop\u011b za\u0159\u00edzen\u00ed typu Klok\u00e1nk\u016f?<\/p>\n<p>Marie VODI\u010cKOV\u00c1:<br \/>\nTak nev\u00edm o tom tedy, nev\u00edm o tom, proto v\u0161ichni jsou i t\u00edm docela i tak jako nad\u0161en\u00ed, \u017ee to je vlastn\u011b takov\u00e1 rodinn\u00e1 p\u00e9\u010de, kter\u00e1 je sou\u010dasn\u011b jako spojen\u00e1 s tou p\u00e9\u010d\u00ed, \u0159ekn\u011bme, profesion\u00e1ln\u00ed, proto\u017ee v Klok\u00e1nk\u00e1ch jsou jednak soci\u00e1ln\u00ed pracovnice, psycholo\u017eka, terapeuti, jo, v podstat\u011b je tam ta p\u00e9\u010de pr\u00e1v\u011b, kdy\u017e ty d\u011bti p\u0159ijdou z toho n\u011bjak\u00e9ho prost\u0159ed\u00ed t\u0159eba velmi \u0161patn\u00e9ho, tak pot\u0159ebuj\u00ed i p\u00e9\u010di odborn\u00edk\u016f, kterou my jsme schopni poskytnout.<\/p>\n<p>: Ale to zase d\u011btsk\u00e9 domovy jist\u011b nab\u00edzej\u00ed tak\u00e9 stejnou p\u00e9\u010di.<\/p>\n<p>Marie VODI\u010cKOV\u00c1:<br \/>\nTak jist\u011b, ale je jich tam v\u00edc t\u011bch d\u011bt\u00ed, tak pro\u010d se maj\u00ed ru\u0161it ty Klok\u00e1nky, kde je t\u011bch d\u011bt\u00ed m\u00ed\u0148?<\/p>\n<p>: Na Facebooku B\u00e1ra: &#8222;U\u017e byly n\u011bjak\u00e9 d\u011bti od v\u00e1s p\u0159esunuty? Jak na to reagovaly? Sledujete cestu t\u011bchto d\u011bt\u00ed i pot\u00e9, co od v\u00e1s odejdou p\u0159irozenou cestou?&#8220;<\/p>\n<p>Marie VODI\u010cKOV\u00c1,:<br \/>\nAno, u\u017e bylo dost d\u011bt\u00ed p\u0159ed\u00e1no do \u00fastavn\u00ed v\u00fdchovy, nap\u0159\u00edklad to byly asi 4 mal\u00e9 d\u011bti, kter\u00e9, kter\u00e9 odvedly rychl\u00fdm p\u0159edb\u011b\u017en\u00fdm opat\u0159en\u00edm do d\u011btsk\u00e9ho domova, 1 chlapec tenkr\u00e1t, kdy\u017e pro n\u011bj p\u0159i\u0161el vykonavatel, dostal takov\u00fd z\u00e1chvat, ml\u00e1til hlavou o zem, tekla mu krev z nosu, k\u0159i\u010del, tak jsme volali u\u017e z\u00e1chranku, ale ne\u017e z\u00e1chranka p\u0159ijela, tak ho tedy jaksi n\u00e1sil\u00edm odvedli, konkr\u00e9tn\u011b to byl Klok\u00e1nek Brno, 1 d\u00edvka t\u0159eba v Klok\u00e1nku \u0160t\u011brboholy, tak ta, kdy\u017e se dozv\u011bd\u011bla, \u017ee pravd\u011bpodobn\u011b mus\u00ed j\u00edt jinam, tak \u0159\u00edkala, \u017ee se rad\u0161i zabije, tak\u017ee ta je te\u010f v evidenci nebo chod\u00ed na terapie na psychiatrii, a to mi dokonce volala ta psychiatri\u010dka a \u0159\u00edkala, \u017ee je to hrozn\u00fd, co tedy tato situace s t\u011bmi d\u011btmi d\u011bl\u00e1.<\/p>\n<p>: ale vlastn\u011b ten tlak na sn\u00ed\u017een\u00ed po\u010dtu d\u011bt\u00ed i v Klok\u00e1nc\u00edch te\u010f tak to p\u0159ece nebude znamenat, \u017ee ty d\u011bti z Klok\u00e1nk\u016f budou muset odej\u00edt. Ministryn\u011b pr\u00e1ce a soci\u00e1ln\u00edch v\u011bc\u00ed \u0159\u00edk\u00e1: &#8222;D\u011bti budou moci v t\u011bchto Klok\u00e1nc\u00edch z\u016fstat, dokud se nevr\u00e1t\u00ed zp\u011bt do sv\u00e9 rodiny nebo se nep\u0159est\u011bhuj\u00ed do rodiny n\u00e1hradn\u00ed. Za\u0159\u00edzen\u00ed by u\u017e ale nem\u011bla p\u0159ij\u00edmat dal\u0161\u00ed d\u011bti nad stanovenou kapacitu.&#8220; \u010cili t\u011bch d\u011bt\u00ed, kter\u00e9 u\u017e v Klok\u00e1nc\u00edch jsou, by se to vlastn\u011b dotknout nem\u011blo.<\/p>\n<p>Marie VODI\u010cKOV\u00c1:<br \/>\nNo, bohu\u017eel se jich to dotkne, proto\u017ee te\u010f od toho nov\u00e9ho roku je to vlastn\u011b, ten pobyt omezen na p\u016fl roku a u rodi\u010d\u016f tedy vlastn\u011b na 3 m\u011bs\u00edce plus OSPOD mus\u00ed d\u00e1t souhlas k dal\u0161\u00ed dohod\u011b na 3 m\u011bs\u00edce nebo pobytu na 3 m\u011bs\u00edce a ty \u00fa\u0159ady tedy u\u017e pak d\u00e1vaj\u00ed n\u00e1vrhy rovnou na \u00fastavn\u00ed v\u00fdchovu.<\/p>\n<p>: Ne, v\u00edte, ale ten p\u0159\u00edb\u011bh, jak jste vypr\u00e1v\u011bla o t\u00e9 d\u00edvce, kter\u00e1 trp\u00ed t\u00edm, \u017ee musela odej\u00edt z Klok\u00e1nku, to p\u0159ece nem\u016f\u017ee b\u00fdt v souvislosti s t\u00edmto na\u0159\u00edzen\u00edm, jestli\u017ee ministryn\u011b takto mluv\u00ed.<\/p>\n<p>Marie VODI\u010cKOV\u00c1:<br \/>\nTo, to bude z\u00e1le\u017eet, to bude skute\u010dn\u011b z\u00e1le\u017eet jak na tom, jak ty \u00fa\u0159ady rozhodnou. My ty d\u011bti si ani nem\u016f\u017eeme n\u011bkde hledat na ulici, k n\u00e1m je umis\u0165uj\u00ed \u00fa\u0159ady a je\u0161t\u011b mus\u00edm \u0159\u00edct, \u017ee vlastn\u011b ministerstvo ale vydalo sou\u010dasn\u011b pokyn nebo takov\u00e9 stanovisko, \u017ee v\u0161echny, v\u0161echna za\u0159\u00edzen\u00ed pro d\u011bti vy\u017eaduj\u00edc\u00ed okam\u017eitou pomoc jsou povinna p\u0159ijmout d\u011bti i nad kapacitu, kdy\u017e se jedn\u00e1 o vlastn\u011b n\u011bjakou akutn\u00ed z\u00e1le\u017eitost, to znamen\u00e1, kdy\u017e je to na \u017e\u00e1dost OSPOD nebo na rozhodnut\u00ed soudu a nebo kdy\u017e je to na \u017e\u00e1dost d\u00edt\u011bte, tak\u017ee my jsme do t\u011bch p\u0159espo\u010detn\u00fdch Klok\u00e1nk\u016f p\u0159ij\u00edmali d\u011bti jenom na \u017e\u00e1dost vlastn\u011b \u00fa\u0159ad\u016f a my nem\u016f\u017eeme za to, \u017ee n\u00e1m je tam tedy umis\u0165ovali, proto\u017ee kdybychom je nep\u0159ijali, tak tam je hrozba pokutou nebo odn\u011bt\u00edm pov\u011b\u0159en\u00ed, ale mus\u00edm \u0159\u00edct, \u017ee te\u010f v posledn\u00edch m\u011bs\u00edc\u00edch nebo mo\u017en\u00e1 1 m\u011bs\u00edci u\u017e n\u00e1m \u00fa\u0159ady p\u0159estaly d\u011bti d\u00e1vat, tak\u017ee u\u017e 4 Klok\u00e1nky jsou na tom sv\u00fdm, tedy je tam t\u0159eba 28 nebo 29 d\u011bt\u00ed jenom fyzicky, ov\u0161em jsou tam je\u0161t\u011b t\u0159eba, je tam 10 d\u011bt\u00ed na dlouhodob\u00fdch propustk\u00e1ch, kter\u00e9 se n\u00e1m zapo\u010d\u00edtaj\u00ed do stavu, tak\u017ee je\u0161t\u011b dal\u0161\u00edch 10 bude muset odej\u00edt, jo, a p\u0159ece je to absurdn\u00ed, \u017ee u Klok\u00e1nku se do stavu t\u011bch 28 zapo\u010d\u00edt\u00e1vaj\u00ed d\u011bti nep\u0159\u00edtomn\u00e9, kter\u00e9 tam nejsou a zat\u00edmco v za\u0159\u00edzen\u00edch, kter\u00e1 jsou provozovan\u00e1 \u00fastavy, teda d\u011btsk\u00fdm domovem t\u0159eba a kojeneck\u00fdm \u00fastavem, tak se nezapo\u010d\u00edt\u00e1vaj\u00ed do toho, do t\u00e9 kapacity ty d\u011bti, kter\u00e9 tam fyzicky jsou, jo, tak to je mi tro\u0161ku, p\u0159ijde nepochopiteln\u00e9.<\/p>\n<p>: \u010cili to je ten d\u016fvod, pro\u010d \u0159\u00edk\u00e1te, \u017ee Klok\u00e1nky se budou muset zav\u0159\u00edt, \u017ee nep\u0159e\u017eij\u00ed finan\u010dn\u011b, \u017ee se v\u00e1m ode\u010d\u00edtaj\u00ed p\u0159\u00edsp\u011bvky, dotace za d\u011bti, kter\u00e9 moment\u00e1ln\u011b nejsou p\u0159\u00edtomny.<\/p>\n<p>Marie VODI\u010cKOV\u00c1:<br \/>\nNo, oni n\u00e1m na n\u011b ned\u00e1vaj\u00ed pen\u00edze. Ty d\u011bti, kter\u00e9 nejsou p\u0159\u00edtomn\u00e9, tak podle z\u00e1kona na n\u011b nen\u00e1le\u017e\u00ed &#8230; ale zaj\u00edmav\u00e9 je, \u017ee kdy\u017e jsme na \u017e\u00e1dost t\u011bch \u00fa\u0159ad\u016f tato uvoln\u011bn\u00e1 m\u00edsta, proto\u017ee to jsou t\u0159eba 3 byty v jednom Klok\u00e1nku, obsadili d\u011btmi, kter\u00e9 to pot\u0159ebovaly a kde by se t\u0159eba jinak sourozenci d\u011blili, tak ani na tyto d\u011bti, o kter\u00e9 se star\u00e1me, nedost\u00e1v\u00e1me, ze 2 kraj\u016f tedy st\u00e1tn\u00ed p\u0159\u00edsp\u011bvek, kupodivu t\u0159eba kraj St\u0159edo\u010desk\u00fd to plat\u00ed, ministerstvo jako to vzalo na v\u011bdom\u00ed, \u017ee n\u00e1m d\u00e1vaj\u00ed st\u00e1tn\u00ed p\u0159\u00edsp\u011bvek na d\u011bti, o kter\u00e9 se star\u00e1me z jejich \u017e\u00e1dost\u00ed, ale t\u0159eba Praha a Brno teda tvrd\u00ed, \u017ee jsou tam nez\u00e1konn\u011b a \u017ee n\u00e1m to pr\u00fd m\u00e1 platit m\u011bstsk\u00e1 \u010d\u00e1st nebo prost\u011b ta obec, ale nev\u00edm, z \u010deho by to m\u011bla doplatit.<\/p>\n<p>: No, jedna v\u011bc je, \u017ee to sni\u017eov\u00e1n\u00ed kapacity bude znamenat, \u017ee n\u011bkter\u00e9 d\u011bti, kter\u00e9 by se mohly do Klok\u00e1nk\u016f dostat, se tam nedostanou a druh\u00e1 v\u011bc je, jestli Klok\u00e1nky p\u0159e\u017eij\u00ed. M\u00e1te tedy sc\u00e9n\u00e1\u0159, jak vyj\u00edt i s t\u011bmito po\u010dty?<\/p>\n<p>Marie VODI\u010cKOV\u00c1:<br \/>\nTak j\u00e1 jsem se skute\u010dn\u011b ob\u00e1vala, \u017ee to bude velk\u00fd probl\u00e9m, \u017ee budeme muset hodn\u011b, vlastn\u011b des\u00edtky lid\u00ed propustit, ale mus\u00edm \u0159\u00edct, \u017ee mnoz\u00ed ode\u0161li sami tedy na dohodu, tam nejv\u00edc hrozilo, kdybysme museli vypl\u00e1cet odstupn\u00e9 a &#8230; tak\u017ee to te\u010f teda na\u0161t\u011bst\u00ed nehroz\u00ed, i kdy\u017e bude probl\u00e9m, a, bude probl\u00e9m ufinancovat ty budovy, tu velkou budovu, kde d\u0159\u00edv bylo t\u0159eba 48 d\u011bt\u00ed ze 17 p\u0159\u00edsp\u011bvk\u016f, ale j\u00e1 mus\u00edm \u0159\u00edct, \u017ee n\u00e1m hrozn\u011b pom\u00e1h\u00e1 ve\u0159ejnost a neb\u00fdt toho, \u017ee n\u00e1s podporuje ve\u0159ejnost, tak u\u017e stejn\u011b to d\u00e1vno skon\u010dilo, tak\u017ee je\u0161t\u011b jsme \u0159\u00edkali, \u017ee nebudeme v podstat\u011b, budeme m\u00edt d\u011bti, a u\u017e to tak je, \u017ee jsou tam d\u011bti t\u0159eba po dvou, po jednom, je to velmi individu\u00e1ln\u00ed p\u00e9\u010de, a\u010dkoliv n\u00e1m vy\u010d\u00edtaj\u00ed, \u017ee tedy nen\u00ed, kdy\u017e je jich 48.<\/p>\n<p>: A tak je\u0161t\u011b, abychom B\u00e1\u0159e odpov\u011bd\u011bli \u00fapln\u011b na v\u0161echno. Ona se v\u00e1s pt\u00e1, jestli sledujete i osudy d\u011bt\u00ed pot\u00e9, co od v\u00e1s odejdou p\u0159irozenou cestou. Vy jste zm\u00ednila n\u011bkter\u00e9 ty dramatick\u00e9 p\u0159\u00edpady, ale prost\u011b d\u011bti, kter\u00e9 p\u0159irozenou cestou odejdou, sledujete jejich dal\u0161\u00ed osudy?<\/p>\n<p>Marie VODI\u010cKOV\u00c1:<br \/>\nTak n\u011bkter\u00e9 ano, ale proto\u017ee n\u00e1m ro\u010dn\u011b projde 1200 d\u011bt\u00ed tedy Klok\u00e1nky, tak u v\u0161ech se to ned\u00e1 ani, samoz\u0159ejm\u011b ty \u00fastavy nebo ty, ta dal\u0161\u00ed za\u0159\u00edzen\u00ed u\u017e s n\u00e1mi p\u0159\u00edli\u0161 nekomunikuj\u00ed, ani t\u0159eba nem\u00e1me mo\u017enost ty d\u011bti tam nav\u0161t\u00edvit a podobn\u011b, n\u011bkdy ty d\u011bti n\u00e1m volaj\u00ed a pravda je, \u017ee tak\u00e9 jsou p\u0159\u00edpady, kdy to d\u00edt\u011b t\u0159eba samo chce do d\u011btsk\u00e9ho domova, proto\u017ee tam m\u00e1 sourozence nebo to m\u00e1 bl\u00ed\u017e k rodi\u010d\u016fm, a tak tomu samoz\u0159ejm\u011b v\u016fbec nebr\u00e1n\u00edme, ba naopak, ale mus\u00edm \u0159\u00edct, \u017ee v\u011bt\u0161ina d\u011bt\u00ed tedy nejde dobrovoln\u011b a je jim tedy to, je to pro n\u011b hodn\u011b traumatizuj\u00edc\u00ed.<\/p>\n<p>: Tom\u00e1\u0161: &#8222;Kdy\u017e se Dr\u00e1bk\u016fv z\u00e1kon,&#8220; z\u00e1kon tedy p\u0159ij\u00edman\u00fd za <span class=\"highlight\">ministra<\/span> <span class=\"highlight\">pr\u00e1ce<\/span> a soci\u00e1ln\u00edch v\u011bc\u00ed Jarom\u00edra Dr\u00e1bka, &#8222;o soci\u00e1ln\u011b pr\u00e1vn\u00ed ochran\u011b d\u011bt\u00ed tvo\u0159il, diskutoval ho n\u011bkdo s v\u00e1mi, ale nejen s v\u00e1mi?&#8220; Pt\u00e1 se v\u00e1s Tom\u00e1\u0161.<\/p>\n<p>Marie VODI\u010cKOV\u00c1:<br \/>\nTak my jsme k tomu z\u00e1konu pod\u00e1vali mnoho p\u0159ipom\u00ednek, stejn\u011b jako nap\u0159\u00edklad soudy, ale p\u0159\u00edli\u0161 jaksi vysly\u0161eny ty p\u0159ipom\u00ednky nebyly. Tam je je\u0161t\u011b zaj\u00edmav\u00e9, \u017ee pro tento z\u00e1kon vlastn\u011b nezvedl ruku nikdo z t\u011bch opozi\u010dn\u00edch poslanc\u016f, pro\u0161el pouze 4 hlasy poslanc\u016f, tedy neza\u0159azen\u00fdch, byl 2kr\u00e1t vr\u00e1cen, tak\u017ee je to z\u00e1kon, kter\u00fd skute\u010dn\u011b nebyl tak jednozna\u010dn\u011b kladn\u011b p\u0159ij\u00edm\u00e1n.<\/p>\n<p>: Tehdy opozi\u010dn\u00edch, de facto mnoz\u00ed z nich dnes vl\u00e1dn\u00ed poslanci.<\/p>\n<p>Marie VODI\u010cKOV\u00c1:<br \/>\nTak to byla tady \u010cSSD, kter\u00e1 je te\u010f ve vl\u00e1d\u011b. Ty byli proti tomu z\u00e1konu.<\/p>\n<p>: Tak zkus\u00edme, m\u00e1me-li dal\u0161\u00ed, nem\u00e1me dal\u0161\u00ed, dal\u0161\u00ed dotaz a u\u017e n\u00e1m nab\u011bhl, vid\u00edm, \u017ee to tak je. Je to dotaz od Laury: &#8222;Co si mysl\u00edte od z\u00e1m\u011brech Jarom\u00edra Dr\u00e1bka, kter\u00fd cht\u011bl zru\u0161it \u00fastavy a v\u0161echny d\u011bti, v\u010detn\u011b <span class=\"highlight\">posti\u017een\u00fdch<\/span> d\u00e1t do p\u011bstounsk\u00e9 p\u00e9\u010de? Kolik je dnes v\u016fbec k dispozici p\u011bstoun\u016f a kolik z nich je ochotno se starat o t\u011b\u017ece ment\u00e1ln\u011b a fyzicky handicapovan\u00e9, p\u0159\u00edpadn\u011b o cik\u00e1ny?&#8220; P\u00ed\u0161e Laura.<\/p>\n<p>Marie VODI\u010cKOV\u00c1:<br \/>\nTak jako ten z\u00e1m\u011br, \u017ee v\u0161echny d\u011bti budou bu\u010f ve sv\u00fdch vlastn\u00edch rodin\u00e1ch nebo v n\u00e1hradn\u00edch rodin\u00e1ch byl naprosto nere\u00e1ln\u00fd, nakonec Evropsk\u00e9 unii, a to jsme \u0159\u00edkali p\u0159i projedn\u00e1v\u00e1n\u00ed t\u00e9 novely, v Evropsk\u00e9 unii je celkem asi 140 \u00fastavn\u00edch d\u011bt\u00ed, 140 tis\u00edc d\u011bt\u00ed v \u00fastavn\u00edch v\u00fdchov\u011b a pokud jde pr\u00e1v\u011b o tu snahu tedy ty d\u011bti za ka\u017edou cenu dostat do p\u011bstounsk\u00fdch rodin, tak se to pak t\u0159eba projevuje v tom, \u017ee nap\u0159\u00edklad podle jednoho v\u00fdzkumu z roku 2010 ve Velk\u00e9 Brit\u00e1nii 10 procent d\u011bt\u00ed projde za rok 3 a v\u00edce rodinami a zjistili tam 1500 p\u0159\u00edpad\u016f, kdy ty d\u011bti pro\u0161ly 20 rodinami, tak to asi nen\u00ed dobr\u00e9, i kdy\u017e j\u00e1 mus\u00edm \u0159\u00edct, \u017ee pro d\u00edt\u011b samoz\u0159ejm\u011b, kter\u00e9 se nem\u016f\u017ee vr\u00e1tit dom\u016f, tak p\u011bstounsk\u00e1 rodina nebo osvojitelsk\u00e1 rodina, to je to nejv\u011bt\u0161\u00ed \u0161t\u011bst\u00ed, ale mus\u00ed to b\u00fdt opravdu dobr\u00e1 rodina, kter\u00e1 to d\u00edt\u011b p\u0159ijme a bude se k n\u011bmu chovat jako k vlastn\u00edmu a kde to d\u00edt\u011b prost\u011b vezmou i s n\u011bkter\u00fdmi handicapy nebo probl\u00e9my. P\u011bstoun\u016f je te\u010f asi &#8230; 11 tis\u00edc a kolik z nich je schopno, tak\u00e9 samoz\u0159ejm\u011b jsou p\u011bstouni, kte\u0159\u00ed se staraj\u00ed o t\u011b\u017ece <span class=\"highlight\">posti\u017een\u00e9<\/span> d\u011bti i d\u011bti romsk\u00e9. My jsme s p\u011bstouny pom\u011brn\u011b od po\u010d\u00e1tku zalo\u017een\u00ed fondu byli ve velice \u00fazk\u00e9m kontaktu, dokonce jsme i pr\u00e1v\u011b vyhled\u00e1vali p\u011bstounsk\u00e9 rodiny pro takzvan\u011b neum\u00edstiteln\u00e9 d\u011bti, to se povedlo asi pro \u0161est set asi pades\u00e1t d\u011bt\u00ed, ale letos n\u00e1m to ministerstvo zak\u00e1zalo, tak trochu mi to vad\u00ed, proto\u017ee ro\u010dn\u011b se n\u00e1m poda\u0159ilo naj\u00edt asi pro 30 d\u011bt\u00ed n\u00e1hradn\u00ed rodinu, takov\u00fdch neum\u00edstiteln\u00fdch, t\u011b\u017ece <span class=\"highlight\">posti\u017een\u00fdch<\/span>, t\u0159eba to byly d\u011bti <span class=\"highlight\">nevidom\u00e9<\/span>, na voz\u00edku, ment\u00e1ln\u011b handicapovan\u00e9 a tak t\u011bch 30 d\u011bt\u00ed ro\u010dn\u011b pr\u016fm\u011brn\u011b teda, te\u010f teda asi tu rodinu nenajde.<\/p>\n<p>: Vy \u0159\u00edk\u00e1te, \u017ee p\u011bstoun\u016f je v \u010cesku asi 11 tis\u00edc, ale uv\u00e1d\u00ed se, \u017ee t\u011bch profesion\u00e1ln\u00edch, prov\u011b\u0159en\u00fdch, t\u00e9 vlastn\u011b novele z\u00e1kona vyhovuj\u00edc\u00edch je 115.<\/p>\n<p>Marie VODI\u010cKOV\u00c1:<br \/>\nTo ano, to je celkem, hlavn\u011b ty dlouhodob\u00ed jsou tedy v t\u011bch 11 tis\u00edc\u00edch, jinak asi dv\u011b t\u0159etiny t\u011bch p\u011bstounsk\u00fdch rodin jsou rodiny p\u0159\u00edbuzensk\u00e9 a jenom jedna t\u0159etina jsou p\u011bstouni takzvan\u011b klasick\u00fd, kte\u0159\u00ed si berou d\u00edt\u011b nep\u0159\u00edbuzn\u00e9.<\/p>\n<p>: A kdy\u017e se ta novela p\u0159ij\u00edmala, tak vlastn\u011b ona byla prosazena p\u0159es veto tehdej\u0161\u00edho prezidenta V\u00e1clava Klause, kter\u00fd se ob\u00e1val, \u017ee ti p\u011bstouni sv\u00e9 posl\u00e1n\u00ed budou d\u011blat pro pen\u00edze a \u017ee kv\u016fli tomu pr\u00e1v\u011b \u017ee hroz\u00ed to ru\u0161en\u00ed kvalitn\u00edch \u00fastav\u016f, doch\u00e1z\u00ed na jeho slova, nebo nedoch\u00e1z\u00ed podle v\u00e1s?<\/p>\n<p>Marie VODI\u010cKOV\u00c1:<br \/>\nmysl\u00edm, \u017ee \u010d\u00e1ste\u010dn\u011b ano, proto\u017ee t\u0159eba podle statistiky <span class=\"highlight\">MPSV<\/span> z roku 2013 je u p\u0159echodn\u00fdch p\u011bstoun\u016f jaksi selh\u00e1v\u00e1 12,4 procenta, co\u017e je hodn\u011b tedy, j\u00e1 si, norm\u00e1ln\u011b u dlouhodob\u00fdch p\u011bstounsk\u00fdch p\u00e9\u010d\u00ed je ten, to, \u017ee se d\u00edt\u011b vr\u00e1t\u00ed nebo mus\u00ed b\u00fdt odebr\u00e1n, je asi 4 procenta. Ta p\u0159echodn\u00e1 p\u011bstounsk\u00e1 p\u00e9\u010de byla koncipovan\u00e1 velmi jakoby lukrativn\u011b, jak dokonce \u0159\u00edkal i pan Macela, to znamen\u00e1, \u017ee p\u011bstouni p\u0159echodn\u00ed maj\u00ed teda 20 tis\u00edc hrub\u00e9ho, i kdy\u017e t\u0159eba moment\u00e1ln\u011b nepe\u010duj\u00ed o \u017e\u00e1dn\u00e9 d\u00edt\u011b a pokud to d\u00edt\u011b je mlad\u0161\u00ed ne\u017e 4 roky, tak je je\u0161t\u011b n\u00e1rok na d\u00e1vky v mate\u0159stv\u00ed, kter\u00e9 mohou d\u011blat a\u017e 11 tis\u00edc plus teda p\u0159\u00edsp\u011bvek asi 4,5 tis\u00edce a\u017e 5,5 tis\u00edc na d\u00edt\u011b, tak takhle, t\u0159eba volala mi jedna exekutorka vyd\u011b\u0161en\u00e1, jak je mo\u017en\u00e9, \u017ee jako p\u0159echodn\u00e1 p\u011bstounka byla schv\u00e1lena pan\u00ed, kter\u00e1 m\u00e1 exekuce v \u0159\u00e1du milion\u016f a podobn\u011b, no. J\u00e1 mus\u00edm \u0159\u00edct, \u017ee v\u011bt\u0161ina p\u011bstoun\u016f, j\u00e1 si jich velice v\u00e1\u017e\u00edm, nakonec sama jsem taky byla p\u011bstounka, a tak v\u011bt\u0161ina p\u011bstoun\u016f to d\u011bl\u00e1 skute\u010dn\u011b pro ty d\u011bti a srdcem, ale jestli\u017ee se nastav\u00ed takov\u00e9to parametry a prost\u011b je tu velik\u00e1 snaha ty d\u011bti mermomoc\u00ed dostat do p\u011bstounsk\u00fdch rodin, tak samoz\u0159ejm\u011b se tam dostanou i lidi, kter\u00fd to ned\u011blaj\u00ed \u00fapln\u011b jenom pro ty d\u011bti, ale pro kter\u00e9 je t\u0159eba ta finan\u010dn\u00ed v\u00fdhodnost jako prioritn\u00ed.<\/p>\n<p>: Navazujeme dotazem do Blanky: &#8222;M\u00e1te p\u0159ehled o tom, kolik rodin m\u00e1 z\u00e1jem o p\u011bstounskou p\u00e9\u010di? Jak\u00e9 jsou to rodiny a jak\u00e1 krit\u00e9ria musej\u00ed spl\u0148ovat? Kdo rozhoduje o jejich vhodnosti, jak jsou tyto rodiny prov\u011b\u0159ov\u00e1ny a jak dlouho ten proces trv\u00e1? D\u011bti si vyberou nebo jsou do rodin p\u0159id\u011bleny?&#8220; No, tak, dotaz\u016f od Blanky cel\u00e1 \u0159ada, poj\u010fme postupn\u011b. Kolik rodin m\u00e1 z\u00e1jem o p\u011bstounskou p\u00e9\u010di, jestli o tom m\u00e1te p\u0159ehled?<\/p>\n<p>Marie VODI\u010cKOV\u00c1:<br \/>\nTak o tu p\u011bstounskou p\u00e9\u010di na p\u0159echodnou dobu je pom\u011brn\u011b velk\u00fd z\u00e1jem, o p\u011bstounskou p\u00e9\u010di dlouhodobou ten z\u00e1jem kles\u00e1, pr\u00e1v\u011b mi jedna soci\u00e1ln\u00ed pracovnice, kter\u00e1 pracuje na tomto \u00faseku, \u0159\u00edkala, \u017ee je probl\u00e9m pak ty d\u011bti z t\u00e9 p\u0159echodn\u00e9 p\u011bstounsk\u00e9 p\u00e9\u010de n\u011bkam um\u00edstit, proto\u017ee podle z\u00e1kona m\u016f\u017ee trvat jenom rok, tak\u017ee tam t\u0159eba v tom jednom kraji m\u011bli p\u0159\u00edpad, \u017ee to d\u00edt\u011b se znovu um\u00edstilo jako na tu, do t\u00e9 p\u0159echodn\u00e9 p\u00e9\u010de, ale asi pak hroz\u00ed, proto\u017ee skute\u010dn\u011b nejsou &#8230;<\/p>\n<p>: Takto se to b\u011b\u017en\u011b \u0159e\u0161\u00ed, \u017ee se jakoby prodlu\u017euje ta p\u0159echodn\u00e1 &#8230;<\/p>\n<p>Marie VODI\u010cKOV\u00c1:<br \/>\n\u017de se tam sv\u011b\u0159\u00ed znovu nebo potom je teda d\u011btsk\u00fd domov, no.<\/p>\n<p>Jak \u010dast\u00e9 jsou to p\u0159\u00edpady, \u017ee je probl\u00e9my tyto d\u011bti z p\u0159echodn\u00e9 p\u011bstounsk\u00e9 p\u00e9\u010de um\u00edstit.<\/p>\n<p>Marie VODI\u010cKOV\u00c1:<br \/>\nTak zat\u00edm to nen\u00ed asi \u00fapln\u011b tak \u010dast\u00e9, proto\u017ee vlastn\u011b ono to trv\u00e1 pom\u011brn\u011b kr\u00e1tkou dobu, tak\u017ee ten rok t\u0159eba v\u011bt\u0161in\u011b t\u011bch p\u0159echodn\u00fdch p\u011bstoun\u016f je\u0161t\u011b, prost\u011b neprob\u011bhl, ale j\u00e1 mysl\u00edm, \u017ee to je dobr\u00e9 t\u0159eba, a to \u0159\u00edkal nakonec i pan Macela, kter\u00fd prosazoval tu novelu na jednom, na jedn\u00e9 konferenci, \u017ee by do p\u0159echodn\u00e9 p\u011bstounsk\u00e9 p\u00e9\u010de m\u011bly b\u00fdt umis\u0165ovan\u00e9 d\u011bti, kter\u00e9, jako novorozenci, kte\u0159\u00ed pravd\u011bpodobn\u011b p\u016fjdou brzo do osvojen\u00ed nebo d\u011bti, kter\u00e9 se budou celkem, s velkou pravd\u011bpodobnost\u00ed vracet do vlastn\u00edch rodin, kdy\u017e rodi\u010de bu\u010f jsou n\u011bjak\u00fd kr\u00e1tkodob\u00fd v\u00fdkon trestu, nebo hospitalizov\u00e1ni, jo, proto\u017ee jestli\u017ee d\u00edt\u011b si zvykne v n\u011bjak\u00e9 rodin\u011b a pak se m\u00e1 zase umis\u0165ovat do jin\u00e9, tak to nen\u00ed moc dobr\u00e9, ale pokud se bude vracet dom\u016f, tak samoz\u0159ejm\u011b d\u011bti se dom\u016f vracej\u00ed r\u00e1dy.<\/p>\n<p>: Byly p\u0159ece pops\u00e1ny p\u0159\u00edpady nebo o nich byly nato\u010deny report\u00e1\u017ee, kdy matka v jak\u00e9msi v\u00fdkonu trestu m\u011bla d\u00edt\u011b i u sebe ve v\u011bzen\u00ed. Co je lep\u0161\u00ed pro takov\u00e9 d\u00edt\u011b? B\u00fdt s matkou, by\u0165 ve v\u011bzen\u00ed, anebo v do\u010dasn\u00e9 p\u011bstounsk\u00e9 p\u00e9\u010di?<\/p>\n<p>Marie VODI\u010cKOV\u00c1:<br \/>\nNo, tak, pokud to byla dobr\u00e1 matka, tak ur\u010dit\u011b je lep\u0161\u00ed, kdy\u017e bude s matkou.<\/p>\n<p>: Pokra\u010dujme v dotaz\u00edch, v dotazech od Blanky: &#8222;Jak\u00e1 krit\u00e9ria musej\u00ed spl\u0148ovat ty rodiny, kter\u00e9 maj\u00ed z\u00e1jem o p\u011bstounskou p\u00e9\u010di?&#8220;<\/p>\n<p>Marie VODI\u010cKOV\u00c1, :<br \/>\nTak ty rodiny by m\u011bly spl\u0148ovat hlavn\u011b krit\u00e9ria osobnostn\u00ed, m\u011bly by vlastn\u011b, nem\u011bly by si myslet, \u017ee to d\u00edt\u011b bude vzorn\u00e9, \u017ee jim bude d\u011blat jenom radost, \u017ee jim bude vd\u011b\u010dn\u00e9. Oni mus\u00ed po\u010d\u00edtat i s t\u011bmi probl\u00e9my a v podstat\u011b je um\u011bt n\u011bjak na n\u011b reagovat a k tomu d\u00edt\u011bti m\u00edt pozitivn\u00ed vztah, tak\u017ee &#8230;<\/p>\n<p>: Kdo a jak to, kdo a jak to posuzuje a &#8230;<\/p>\n<p>Marie VODI\u010cKOV\u00c1:<br \/>\nAno, posuzuj\u00ed to krajsk\u00e9 \u00fa\u0159ady, krajsk\u00e9 \u00fa\u0159ady a &#8230; To d\u0159\u00edv byl takov\u00fd sbor, ten byl zru\u0161en\u00fd, tam byli odborn\u00edci, to byl poradn\u00ed sbor pro n\u00e1hradn\u00ed rodinnou p\u00e9\u010di, to novela zru\u0161ila, tak\u017ee te\u010f to posuzuj\u00ed teda \u00fa\u0159edn\u00edci toho soci\u00e1ln\u00edho &#8230;<\/p>\n<p>: Co takov\u00e1 rodina mus\u00ed, mus\u00ed p\u0159edlo\u017eit, co mus\u00ed dolo\u017eit, \u017ee vyhovuje?<\/p>\n<p>Marie VODI\u010cKOV\u00c1<br \/>\nTak jednak by m\u011bla m\u00edt \u010dist\u00fd rejst\u0159\u00edk trest\u016f &#8230; vhodn\u00e9 bytov\u00e9 podm\u00ednky a hlavn\u011b tam tak\u00e9 prob\u00edh\u00e1 psychologick\u00e9 vy\u0161et\u0159en\u00ed, tak\u017ee by m\u011bli b\u00fdt osobnostn\u011b vhodn\u00ed tito lid\u00e9, harmonicky jaksi utv\u00e1\u0159eni, m\u011bli by b\u00fdt podle m\u00e9ho n\u00e1zoru aspo\u0148 pozitivn\u011b nalad\u011bn\u00fd a nem\u011bli by m\u00edt velik\u00e9 n\u00e1roky na to d\u00edt\u011b, aby ho zbyte\u010dn\u011b jaksi pak, j\u00e1 nev\u00edm, nestresovali.<\/p>\n<p>: Ten proces, to prov\u011b\u0159ov\u00e1n\u00ed, jak dlouho trv\u00e1?<\/p>\n<p>Marie VODI\u010cKOV\u00c1:<br \/>\nV\u011bt\u0161inou to trv\u00e1 tak rok, proto\u017ee ti p\u011bstouni nebo i ti osvojitel\u00e9 mus\u00ed je\u0161t\u011b proj\u00edt takzvan\u00fdm, teda takov\u00fdm \u0161kolen\u00edm, p\u0159\u00edpravou tedy t\u011bch n\u00e1hradn\u00edch rodi\u010d\u016f, a proto\u017ee ty p\u0159\u00edpravy se vlastn\u011b d\u011blaj\u00ed asi 2kr\u00e1t do roka, tak se mus\u00ed \u010dekat, a\u017e zase n\u011bjak\u00fd kurz prob\u011bhne.<\/p>\n<p>: A jak je to s t\u00edm umis\u0165ov\u00e1n\u00edm d\u011bt\u00ed, jestli si mohou, a\u0165 u\u017e ty rodiny vybrat, nebo t\u0159eba samy d\u011bti \u0159\u00edci: &#8222;Do t\u00e9to rodiny bych cht\u011bl, nebo necht\u011bl,&#8220; anebo je to prost\u011b na principu p\u0159id\u011blen\u00ed: &#8222;Berte nebo b\u011b\u017ete?&#8220;<\/p>\n<p>Marie VODI\u010cKOV\u00c1:<br \/>\nTak d\u011bti si u n\u00e1s moc vyb\u00edrat nemohou. Sp\u00ed\u0161 se ty d\u011bti, tak jak je to b\u011b\u017en\u00e9, jaksi se to d\u00edt\u011b nab\u00eddne, \u0159ekne se t\u011bm lidem, jestli takov\u00e9 d\u00edt\u011b, o to maj\u00ed z\u00e1jem, maj\u00ed mo\u017enost je\u0161t\u011b si to rozm\u00fd\u0161let, asi, mysl\u00edm, m\u011bs\u00edc, pak, tak\u017ee, neznamen\u00e1 to, \u017ee kdy\u017e jednou to d\u00edt\u011b odm\u00edtnou, tak \u017ee se znovu jaksi nemaj\u00ed \u0161anci z\u00edskat jin\u00e9, ale pokud n\u011bkdo asi odm\u00edt\u00e1 d\u00edt\u011b mnohokr\u00e1t, tak pak u\u017e asi to nen\u00ed \u00fapln\u011b nejvhodn\u011bj\u0161\u00ed.<\/p>\n<p>: Od jak\u00e9ho v\u011bku to je, star\u0161\u00ed d\u00edt\u011b?<\/p>\n<p>Marie VODI\u010cKOV\u00c1:<br \/>\nTak mnoho d\u011bt\u00ed, a m\u011bli jsme u n\u00e1s v Klok\u00e1nku, necht\u011bj\u00ed t\u0159eba, vr\u00e1cen\u00e9 z p\u011bstounsk\u00e9 p\u00e9\u010de, taky se k n\u00e1m samoz\u0159ejm\u011b dost\u00e1vaj\u00ed, tak ty t\u0159eba n\u011bjakou dobu \u0159\u00edkaj\u00ed, \u017ee u\u017e nikam jinam necht\u011bj\u00ed a pak je d\u016fle\u017eit\u00e9, jestli, kdy\u017e tam p\u0159ijdou jakoby z\u00e1jemci poslan\u00ed \u00fa\u0159adem, jestli tam p\u0159esko\u010d\u00ed takov\u00e1 n\u011bjak\u00e1 jisk\u0159i\u010dka, jestli t\u011bm d\u011btem jsou ti lid\u00e9 sympati\u010dt\u00ed a vlastn\u011b pak t\u0159eba po 2, 3 letech to d\u00edt\u011b nakonec se rozhodne, \u017ee tedy do t\u00e9 rodiny p\u016fjde, tak v\u011bt\u0161inou tedy kolem t\u011bch 10, 8 let u\u017e by to nem\u011blo b\u00fdt n\u011bjak\u00fdm n\u00e1sil\u00edm a v\u016fbec by to nem\u011blo b\u00fdt n\u00e1sil\u00edm, jo.<\/p>\n<p>: Jdeme za dal\u0161\u00edm dotazem od Pavla z Prahy, kter\u00fd p\u00ed\u0161e: &#8222;Pe\u010dujeme s man\u017eelkou u\u017e o osm\u00e9 d\u00edt\u011b v p\u011bstounsk\u00e9 p\u00e9\u010di, fungujeme jako pohotovost pro ka\u017edou situaci, pro odlo\u017een\u00e9 d\u00edt\u011b jsme jeli taky t\u0159eba na druh\u00fd konec st\u00e1tu. Pro\u010d by nemohla p\u011bstounsk\u00e1 p\u00e9\u010de Klok\u00e1nky postupn\u011b nahradit? T\u00edm nehan\u00edm va\u0161i u\u017eite\u010dnou pr\u00e1ci.&#8220;<\/p>\n<p>Marie VODI\u010cKOV\u00c1:<br \/>\nproto\u017ee t\u011bch p\u011bstoun\u016f je zat\u00edm m\u00e1lo, tak a\u017e jich bude dostatek, tak samoz\u0159ejm\u011b to mo\u017en\u00fd je, ale v podstat\u011b ten p\u0159echodn\u00fd p\u011bstoun mus\u00ed \u010dekat na rozhodnut\u00ed soudu, jo, pr\u00e1v\u011b proto si mysl\u00edm, \u017ee by m\u011bla bejt novela v tom smyslu, \u017ee i p\u0159echodn\u00ed p\u011bstouni p\u0159ij\u00edmaj\u00ed d\u011bti na \u017e\u00e1dost t\u0159eba rodi\u010d\u016f a tak, nebo na \u017e\u00e1dost OSPOD alespo\u0148, jo, tak je to mo\u017en\u00e9 t\u0159eba v Klok\u00e1nku, okam\u017eit\u011b, proto\u017ee n\u011bkdy se stane, \u017ee ty \u00fa\u0159ady k n\u00e1m d\u00edt\u011b um\u00edst\u00ed na 2 dny a a\u017e rozhodne soud, tak se d\u00e1v\u00e1 do p\u011bstounsk\u00e9 p\u00e9\u010de p\u0159echodn\u00e9, co\u017e si mysl\u00edm, \u017ee nen\u00ed \u00fapln\u011b dob\u0159e, proto\u017ee ka\u017ed\u00e1 takov\u00e1 zm\u011bna prohlubuje deprivaci d\u011bt\u00ed, jo, oni si n\u011bkde zvyknou, n\u011bkde se jim l\u00edb\u00ed, n\u011bkde nav\u00e1\u017eou vazby a ty d\u011bti navazuj\u00ed vazby rychle, by\u0165 povrchn\u00ed jsou, ale prost\u011b hned se na n\u011bkoho t\u0159eba upnout a te\u010f najednou zase maj\u00ed j\u00edt n\u011bkam jinam. Tak takov\u00e9 d\u00edt\u011b pak u\u017e \u017e\u00e1dn\u00e9 hlub\u0161\u00ed vazby rad\u011bji nenavazuje, aby op\u011bt nebylo zklam\u00e1no.<\/p>\n<p>: V\u011bra: &#8222;Sledujete p\u0159\u00edpady t\u00fdran\u00fdch d\u011bt\u00ed? Nemysl\u00edte, \u017ee leckdy zaspaly soci\u00e1ln\u00ed odbory? A jak hodnot\u00edte jejich pr\u00e1ci?&#8220; Tak sledujete p\u0159\u00edpady t\u00fdran\u00fdch d\u011bt\u00ed i d\u011bt\u00ed, kter\u00e9 se net\u00fdkaj\u00ed zrovna nebo nemaj\u00ed souvislost s Klok\u00e1nky.<\/p>\n<p>Marie VODI\u010cKOV\u00c1:<br \/>\nTak pokud, my nem\u00e1me mo\u017enost se dostat do spis\u016f, jenom to, co se t\u0159eba medializuje nebo ty d\u011bti, kter\u00e9 jsou u n\u00e1s, tak to samoz\u0159ejm\u011b o nich v\u00edme, no, tak te\u010f je &#8230;<\/p>\n<p>: Va\u0161e zku\u0161enost se soci\u00e1ln\u00edmi odbory? Odbory soci\u00e1ln\u00ed p\u00e9\u010de, pr\u00e1ce?<\/p>\n<p>Marie VODI\u010cKOV\u00c1:<br \/>\nTak my se odbory nebo se soci\u00e1ln\u00edmi pracovn\u00edky t\u011bch m\u011bstsk\u00fdch \u010d\u00e1st\u00ed a obecn\u00edch \u00fa\u0159ad\u016f vych\u00e1z\u00edme obvykle dob\u0159e a samoz\u0159ejm\u011b, \u017ee se stane n\u011bkdy p\u0159\u00edpad, kdy s jejich postupem nesouhlas\u00edme nebo kdy jsme v n\u011bjak\u00e9m konfliktu, ale p\u0159ev\u00e1\u017en\u011b, ov\u0161em te\u010f je toti\u017e takov\u00fd trend, \u017ee d\u011bti nemaj\u00ed b\u00fdt, nem\u00e1 b\u00fdt moc d\u011bt\u00ed v \u00fastavech, ani jin\u00fdch za\u0159\u00edzen\u00edch, ale maj\u00ed se nech\u00e1vat v rodin\u00e1ch, tak\u017ee za posledn\u00edch 5 let velice tedy se zv\u00fd\u0161il po\u010det d\u011bt\u00ed t\u00fdran\u00fdch, d\u011bt\u00ed, kter\u00e9 byly ut\u00fdran\u00e9, kter\u00e9 byly s t\u011b\u017ek\u00fdmi n\u00e1sledky hospitalizovan\u00e9 nebo v\u016fbec n\u011bjak\u00fdm t\u011blesn\u00fdm po\u0161kozen\u00edm, to dokonce n\u011bkolikan\u00e1sobn\u011b, tak\u017ee &#8230;<\/p>\n<p>: to je ot\u00e1zka, ono se n\u011bkdy uv\u00e1d\u00ed, jestli ten v\u011bt\u0161\u00ed po\u010det t\u00fdran\u00fdch d\u011bt\u00ed nap\u0159\u00edklad, jestli to nen\u00ed jenom v\u00fdsledek toho, \u017ee se ty v\u011bci v\u00edc sleduj\u00ed, \u017ee vlastn\u011b ty p\u0159\u00edpady, \u017ee jich je stejn\u011b jako v minulosti, jen se o nich d\u0159\u00edv nev\u011bd\u011blo a dnes ano.<\/p>\n<p>Marie VODI\u010cKOV\u00c1<br \/>\nto se ob\u00e1v\u00e1m, \u017ee asi nen\u00ed, proto\u017ee tam nar\u016fstaj\u00ed i po\u010dty d\u011bt\u00ed, kter\u00e9 jsou hospitalizovan\u00e9 a ty v\u0161echny vlastn\u011b se o nich v\u00ed, hospitalizovan\u00e9 v d\u016fsledku \u0161patn\u00e9ho zach\u00e1zen\u00ed nebo ty, kter\u00e9 maj\u00ed n\u011bjak\u00e9 pr\u00e1v\u011b t\u011blesn\u00e9 po\u0161kozen\u00ed, kter\u00e9 jsou traumatizovan\u00e9, posttraumatick\u00fd syndrom, a tak\u00e9 vlastn\u011b narostl docela v\u00fdrazn\u011b po\u010det d\u011bt\u00ed, kter\u00e9 byly ut\u00fdran\u00e9 nebo zem\u0159ely \u0161patnou p\u00e9\u010d\u00ed rodi\u010d\u016f, ov\u0161em tam, kde se to prok\u00e1zalo, kde byli odsouzeni ty rodi\u010de, zat\u00edmco n\u011bkdy v roce 2005, 6 a tak, to bylo t\u0159eba 3 p\u0159\u00edpady, kter\u00e9 byly prokazateln\u011b jaksi, bylo jasn\u00e9, \u017ee ty d\u011bti byly ut\u00fdran\u00e9, tak v roce 2012 to bylo 13 p\u0159\u00edpad\u016f a loni to bylo 9 p\u0159\u00edpad\u016f, tak\u017ee ty p\u0159\u00edpady, bohu\u017eel, nar\u016fstaj\u00ed.<\/p>\n<p>: Irma se v\u00e1s pt\u00e1: &#8222;Co je pravdy na tom, \u017ee zam\u011bstnankyn\u011b, tety, dost\u00e1vaj\u00ed v\u00fdplatu se zpo\u017ed\u011bn\u00edm n\u011bkolika m\u011bs\u00edc\u016f a \u017ee velmi \u010dasto d\u00e1vaj\u00ed v\u00fdpov\u011b\u010f, a tak se tety dost \u010dasto u d\u011bt\u00ed m\u011bn\u00ed?&#8220;<\/p>\n<p>Marie VODI\u010cKOV\u00c1:<br \/>\nbohu\u017eel tedy v\u00fdplatu pozd\u011b dost\u00e1vaj\u00ed v\u0161ichni na\u0161i zam\u011bstnanci, nejenom tety, proto\u017ee ten st\u00e1tn\u00ed p\u0159\u00edsp\u011bvek chod\u00ed se zpo\u017ed\u011bn\u00edm. My jsme nap\u0159\u00edklad je\u0161t\u011b nedostali 1 st\u00e1tn\u00ed p\u0159\u00edsp\u011bvek z 1 kraje za, za \u0159\u00edjen a je tedy druh\u00e1 p\u016flka prosince. Tam pr\u00e1v\u011b ta novela zru\u0161ila lh\u016ftu, do kter\u00e9 m\u011bl b\u00fdt st\u00e1tn\u00ed p\u0159\u00edsp\u011bvek vyplacen\u00fd, on se stejn\u011b vypl\u00e1cel 2 m\u011bs\u00edce pozadu, ale te\u010f ta lh\u016fta jaksi je zru\u0161ena, tak\u017ee to m\u016f\u017ee b\u00fdt i del\u0161\u00ed dobu. N\u011bkter\u00e9 tety kv\u016fli tomu odch\u00e1zej\u00ed, ale pravda je &#8230;<\/p>\n<p>: Jak\u00e1 je fluktuace va\u0161ich zam\u011bstnanky\u0148?<\/p>\n<p>Marie VODI\u010cKOV\u00c1:<br \/>\nNen\u00ed zase tak velik\u00e1, m\u00e1me u n\u00e1s tety, kter\u00fd jsou od po\u010d\u00e1tku, kdy ten Klok\u00e1nek za\u010dal fungovat, tak\u017ee ta fluktuace velik\u00e1 nen\u00ed. Samoz\u0159ejm\u011b platov\u011b, n\u00e1stupn\u00ed plat je 14 tis\u00edc hrub\u00e9ho v\u010detn\u011b, v\u010detn\u011b tedy sobot, ned\u011bl\u00ed, tak\u017ee, potom po dal\u0161\u00edch, po 3 m\u011bs\u00edc\u00edch je to 16 tis\u00edc, ale ony ty tety v podstat\u011b odpracuj\u00ed 2 \u00favazky, proto\u017ee jsou tam 2 t\u00fddny nonstop a 1 t\u00fdden m\u00e1 168 hodin, no, ale pr\u00e1v\u011b oni to d\u011blaj\u00ed, naprost\u00e1 v\u011bt\u0161ina z nich, proto\u017ee t\u011bm d\u011btem cht\u011bj\u00ed pomoct, proto\u017ee to d\u011blaj\u00ed skute\u010dn\u011b srdcem, v podstat\u011b tam str\u00e1v\u00ed v tom Klok\u00e1nku polovinu sv\u00e9ho \u017eivota a jinak mus\u00edm \u0159\u00edct, \u017ee tam, kde ty tety nutn\u011b pot\u0159ebuj\u00ed nebo na\u0161i zam\u011bstnanci tu mzdu, tak se vypl\u00e1c\u00ed p\u0159ednostn\u011b jaksi d\u0159\u00edve ne\u017e t\u0159eba t\u011bm ostatn\u00edm, kte\u0159\u00ed tak to zvl\u00e1dnou bez &#8230;<\/p>\n<p>: A to, \u017ee se ty st\u00e1tn\u00ed p\u0159\u00edsp\u011bvky na provoz Klok\u00e1nk\u016f zpo\u017e\u010fuj\u00ed, to d\u0159\u00edve neb\u00fdvalo? To je a\u017e te\u010f?<\/p>\n<p>Marie VODI\u010cKOV\u00c1:<br \/>\nP\u0159ed novelou to neb\u00fdvalo. To prost\u011b do\u0161ly do 2 m\u011bs\u00edc\u016f tedy, v podstat\u011b do konce n\u00e1sleduj\u00edc\u00edho m\u011bs\u00edce, za kter\u00fd n\u00e1le\u017eel, tak\u017ee ty 2 m\u011bs\u00edce my jsme z\u00e1lohovali to pr\u00e1v\u011b z dar\u016f ve\u0159ejnosti, n\u011bkdy i z n\u011bjak\u00fdch ne\u00fa\u010delov\u00fdch dotac\u00ed.<\/p>\n<p>: Co je to za st\u00e1t, kter\u00fd takto ohro\u017euje provoz za\u0159\u00edzen\u00ed pro d\u011bti?<\/p>\n<p>Marie VODI\u010cKOV\u00c1:<br \/>\nTak nev\u00edm. My jsme na to poukazovali, \u017ee prost\u011b to bude velk\u00fd probl\u00e9m a, zaj\u00edmav\u00e9 je, \u017ee ta novela zavedla je\u0161t\u011b nov\u00fd st\u00e1tn\u00ed p\u0159\u00edsp\u011bvek pro organizace, kter\u00e9 takzvan\u011b doprov\u00e1zej\u00ed p\u011bstouny, vzd\u011bl\u00e1vaj\u00ed je, a tedy maj\u00ed jim n\u011bjak pom\u00e1hat a tam ten st\u00e1tn\u00ed p\u0159\u00edsp\u011bvek se vypl\u00e1c\u00ed dop\u0159edu na rok, a dokonce se nemus\u00ed vracet, pokud dohoda s p\u011bstounem trvala p\u016fl roku, jo, tak\u017ee to je takov\u00e9 zvl\u00e1\u0161tn\u00ed, a n\u00e1m tu zru\u0161ili.<\/p>\n<p>: Tak a bleskov\u011b za posledn\u00edm dotazem a je takov\u00fdto: &#8222;O V\u00e1noc\u00edch je m\u00f3dou p\u0159isp\u00edvat d\u011btem v d\u011btsk\u00fdch domovech, ale zapom\u00edn\u00e1 se, \u017ee pot\u0159ebn\u00e9 d\u011bti jsou i jinde, v p\u011bstounsk\u00fdch rodin\u00e1ch, v dosud funk\u010dn\u00edch chud\u00fdch rodin\u00e1ch nebo pr\u00e1v\u011b v Klok\u00e1nc\u00edch. Jak m\u016f\u017eeme d\u011btem v Klok\u00e1nc\u00edch pomoci a zp\u0159\u00edjemnit jim V\u00e1noce?&#8220;<\/p>\n<p>Marie VODI\u010cKOV\u00c1:<br \/>\nTak j\u00e1 mus\u00edm \u0159\u00edct, \u017ee lidi u n\u00e1s jsou hodn\u011b takov\u00ed empati\u010dt\u00ed, c\u00edtiv\u00ed a vlastn\u011b o V\u00e1noc\u00edch t\u0159eba v\u0161echny d\u00e1rky m\u00e1me darovan\u00e9 od lid\u00ed. D\u011blaj\u00ed se ty stromy p\u0159\u00e1n\u00ed nebo takov\u00e9 sb\u00edrky, jsou to kr\u00e1sn\u00fd v\u011bci a, tak\u017ee za to moc d\u011bkuju a v\u016fbec d\u011bkuju stra\u0161n\u011b ve\u0159ejnosti za podporu celoro\u010dn\u00ed, proto\u017ee neb\u00fdt teda t\u011bch p\u0159\u00edsp\u011bvk\u016f od lid\u00ed, tak bychom to nemohli samoz\u0159ejm\u011b provozovat v\u016fbec, tak\u017ee za to moc d\u011bkuju.<\/p>\n<p><strong>: Tolik dne\u0161n\u00ed Hyde Park, jeho\u017e hostem byla p\u0159edsedkyn\u011b Fondu ohro\u017een\u00fdch d\u011bt\u00ed Marie Vodi\u010dkov\u00e1, j\u00e1 v\u00e1m d\u011bkuji a p\u0159eji v\u00e1m dobr\u00fd ve\u010der.<\/strong><\/p>\n","protected":false},"excerpt":{"rendered":"<div class=\"mh-excerpt\"><p>Jak\u00e1 je v \u010cesku p\u00e9\u010de o ohro\u017een\u00e9 d\u011bti, d\u011bti v t\u00edsni a jak v praxi funguje a jak na n\u011bj dol\u00e9h\u00e1 novela z\u00e1kona o soci\u00e1ln\u011b <a class=\"mh-excerpt-more\" href=\"https:\/\/www.invarena.cz\/?p=18997\" title=\"V\u00fdjimka pro Klok\u00e1nky kon\u010d\u00ed\">[&#8230;]<\/a><\/p>\n<\/div>","protected":false},"author":1,"featured_media":6457,"comment_status":"open","ping_status":"closed","sticky":false,"template":"","format":"standard","meta":{"footnotes":""},"categories":[12],"tags":[],"class_list":["post-18997","post","type-post","status-publish","format-standard","has-post-thumbnail","hentry","category-rozhovory"],"_links":{"self":[{"href":"https:\/\/www.invarena.cz\/index.php?rest_route=\/wp\/v2\/posts\/18997","targetHints":{"allow":["GET"]}}],"collection":[{"href":"https:\/\/www.invarena.cz\/index.php?rest_route=\/wp\/v2\/posts"}],"about":[{"href":"https:\/\/www.invarena.cz\/index.php?rest_route=\/wp\/v2\/types\/post"}],"author":[{"embeddable":true,"href":"https:\/\/www.invarena.cz\/index.php?rest_route=\/wp\/v2\/users\/1"}],"replies":[{"embeddable":true,"href":"https:\/\/www.invarena.cz\/index.php?rest_route=%2Fwp%2Fv2%2Fcomments&post=18997"}],"version-history":[{"count":0,"href":"https:\/\/www.invarena.cz\/index.php?rest_route=\/wp\/v2\/posts\/18997\/revisions"}],"wp:featuredmedia":[{"embeddable":true,"href":"https:\/\/www.invarena.cz\/index.php?rest_route=\/wp\/v2\/media\/6457"}],"wp:attachment":[{"href":"https:\/\/www.invarena.cz\/index.php?rest_route=%2Fwp%2Fv2%2Fmedia&parent=18997"}],"wp:term":[{"taxonomy":"category","embeddable":true,"href":"https:\/\/www.invarena.cz\/index.php?rest_route=%2Fwp%2Fv2%2Fcategories&post=18997"},{"taxonomy":"post_tag","embeddable":true,"href":"https:\/\/www.invarena.cz\/index.php?rest_route=%2Fwp%2Fv2%2Ftags&post=18997"}],"curies":[{"name":"wp","href":"https:\/\/api.w.org\/{rel}","templated":true}]}}