{"id":18998,"date":"2014-12-18T10:57:17","date_gmt":"2014-12-18T09:57:17","guid":{"rendered":"http:\/\/www.invarena.cz\/?p=18998"},"modified":"2014-12-18T12:56:24","modified_gmt":"2014-12-18T11:56:24","slug":"mpsv-napravuje-personalni-pochybeni-exreditelky-bilkove","status":"publish","type":"post","link":"https:\/\/www.invarena.cz\/?p=18998","title":{"rendered":"MPSV napravuje person\u00e1ln\u00ed pochyben\u00ed ex\u0159editelky B\u00edlkov\u00e9"},"content":{"rendered":"<p><strong>Ministerstvo pr\u00e1ce a soci\u00e1ln\u00edch v\u011bc\u00ed se ohrazuje proti tvrzen\u00edm obsa\u017een\u00fdm ve st\u0159ede\u010dn\u00edm \u010dl\u00e1nku den\u00edku Mlad\u00e1 fronta Dnes \u201e700 tis\u00edc za odchod z funkce. \u00da\u0159edn\u00edk ministryn\u011b pr\u00e1ce ozn\u00e1mil \u00faplatek\u201c. P\u0159esto\u017ee MPSV poskytlo autorce \u010dl\u00e1nku Jitce Vlkov\u00e9 podrobn\u00e9 vyj\u00e1d\u0159en\u00ed n\u00e1m\u011bstka pro zam\u011bstnanost Jana Marka i ministryn\u011b Michaely Marksov\u00e9, t\u00e9m\u011b\u0159 cel\u00fd text je podle MPSV postaven na tvrzen\u00edch n\u00e1m\u011bstka \u00daP \u010cR Josefa St\u0159\u00edteck\u00e9ho.<\/strong><br \/>\n<!--more--><\/p>\n<p><em>foto: stockvault.net<\/em><\/p>\n<p><strong><em>tiskov\u00e1 zpr\u00e1va MPSV:<\/em><\/strong><\/p>\n<p>Josef St\u0159\u00edteck\u00fd do funkce n\u00e1m\u011bstka pro zam\u011bstnanost Gener\u00e1ln\u00edho \u0159editelstv\u00ed \u00daP \u010cR nastoupil bez v\u00fdb\u011brov\u00e9ho \u0159\u00edzen\u00ed \u201eTvrzen\u00ed o nab\u00eddce ve v\u00fd\u0161i p\u016fl milionu a t\u0159i platy pova\u017euji za naprosto nehor\u00e1zn\u00e9. Pan n\u00e1m\u011bstek mohl b\u00fdt v souladu se z\u00e1kon\u00edkem pr\u00e1ce kdykoliv odvol\u00e1n\u201c, uvedl Jan Marek. \u201eK jeho pr\u00e1ci jsem m\u011bl opakovan\u011b v\u00fdhrady a ty jsem mu p\u0159i na\u0161em jedn\u00e1n\u00ed sd\u011blil. Z m\u00e9 strany jsem pova\u017eoval za korektn\u00ed, \u017ee mu svoji nespokojenost sd\u011bl\u00edm mezi \u010dty\u0159ma o\u010dima. Proto\u017ee pan St\u0159\u00edteck\u00fd je u\u017e v d\u016fchodov\u00e9m v\u011bku, nab\u00eddl jsem mu \u010dist\u011b ze sv\u00e9 dobr\u00e9 v\u016fle, zda nechce odstoupit s\u00e1m. Za odstoupen\u00ed ale naprosto nebyl d\u016fvod nab\u00edzet jakoukoli finan\u010dn\u00ed odm\u011bnu. Moj\u00ed snahou bylo, abychom na\u0161li racion\u00e1ln\u00ed \u0159e\u0161en\u00ed, a sou\u010dasn\u011b jsme si vyjasnili, na co m\u00e1 v p\u0159\u00edpad\u011b ukon\u010den\u00ed pracovn\u00edho pom\u011bru n\u00e1rok. Jeho n\u00e1vrh na rezignaci ze zdravotn\u00edch d\u016fvod\u016f jsem proto akceptoval. V dal\u0161\u00edch dnech pan St\u0159\u00edteck\u00fd norm\u00e1ln\u011b pracoval a komunikoval.,\u201c dodal n\u00e1m\u011bstek Marek. \u201eInformace pana St\u0159\u00edteck\u00e9ho jsou naprosto l\u017eiv\u00e9, a proto zva\u017euji podat na n\u011bj trestn\u00ed ozn\u00e1men\u00ed pro k\u0159iv\u00e9 obvin\u011bn\u00ed a pomluvu.\u201c<\/p>\n<p>\u201eZ d\u016fvod\u016f, kter\u00e9 uv\u00e1d\u00ed n\u00e1m\u011bstek Marek, jsem pova\u017eovala za vhodn\u00e9, aby byl pan St\u0159\u00edteck\u00fd ihned odvol\u00e1n. Pan n\u00e1m\u011bstek Marek m\u011b pak informoval o nab\u00eddce, \u017ee pan St\u0159\u00edteck\u00fd m\u016f\u017ee odstoupit s\u00e1m. Nab\u00eddku jak\u00fdchkoli pen\u011bz nad r\u00e1mec toho, na co je n\u00e1rok ze z\u00e1kona, pova\u017euji za absurdn\u00ed,\u201c uvedla v prohl\u00e1\u0161en\u00ed zaslan\u00e9m redaktorce Mlad\u00e9 fronty Dnes ministryn\u011b Marksov\u00e1.<\/p>\n<p>V z\u00e1v\u011bru \u010dl\u00e1nku d\u00e1le zazn\u00edv\u00e1 informace, \u017ee \u201enejde o ojedin\u011blou person\u00e1ln\u00ed v\u00fdm\u011bnu na \u00daP \u010cR, kdy po odvol\u00e1n\u00ed \u0159editelky Marie B\u00edlkov\u00e9 ministerstvo ru\u0161\u00ed \u0159editelsk\u00e1 m\u00edsta a p\u0159esouv\u00e1 jednotliv\u00e9 kompetence \u2013 personalistiku a IT, pod kontrolu n\u00e1m\u011bstka Marka\u201c. I k tomuto poskytlo MPSV redaktorce vyj\u00e1d\u0159en\u00ed, ze kter\u00e9ho ale redaktorka bohu\u017eel nepou\u017eila ani slovo. \u201eOdvol\u00e1n\u00ed pana Radoslava Bul\u00ed\u0159e jsem pova\u017eovala za stejn\u00e9 nutn\u00e9 jako odvol\u00e1n\u00ed pana St\u0159\u00edteck\u00e9ho. Pan Bul\u00ed\u0159 byl vyhozen kv\u016fli skand\u00e1lu z Ministerstva financ\u00ed a bez m\u00e9ho v\u011bdom\u00ed byl p\u0159ijat pan\u00ed b\u00fdvalou \u0159editelkou B\u00edlkovou do funkce \u0159editele IT odboru, kter\u00fd do t\u00e9 doby na Gener\u00e1ln\u00edm \u0159editelstv\u00ed neexistoval,\u201c dodala ministryn\u011b.<\/p>\n<p>Petr Hab\u00e1\u0148<br \/>\ntiskov\u00fd mluv\u010d\u00ed MPSV<\/p>\n<p><a href=\"https:\/\/www.invarena.cz\/?p=18977\"><span style=\"text-decoration: underline;\"><em><strong>dal\u0161\u00ed informace ZDE<\/strong><\/em><\/span><\/a><\/p>\n","protected":false},"excerpt":{"rendered":"<div class=\"mh-excerpt\"><p>Ministerstvo pr\u00e1ce a soci\u00e1ln\u00edch v\u011bc\u00ed se ohrazuje proti tvrzen\u00edm obsa\u017een\u00fdm ve st\u0159ede\u010dn\u00edm \u010dl\u00e1nku den\u00edku Mlad\u00e1 fronta Dnes \u201e700 tis\u00edc za odchod z funkce. \u00da\u0159edn\u00edk ministryn\u011b <a class=\"mh-excerpt-more\" href=\"https:\/\/www.invarena.cz\/?p=18998\" title=\"MPSV napravuje person\u00e1ln\u00ed pochyben\u00ed ex\u0159editelky B\u00edlkov\u00e9\">[&#8230;]<\/a><\/p>\n<\/div>","protected":false},"author":1,"featured_media":14137,"comment_status":"open","ping_status":"closed","sticky":false,"template":"","format":"standard","meta":{"footnotes":""},"categories":[6,9],"tags":[],"class_list":["post-18998","post","type-post","status-publish","format-standard","has-post-thumbnail","hentry","category-politika","category-zpravy"],"_links":{"self":[{"href":"https:\/\/www.invarena.cz\/index.php?rest_route=\/wp\/v2\/posts\/18998","targetHints":{"allow":["GET"]}}],"collection":[{"href":"https:\/\/www.invarena.cz\/index.php?rest_route=\/wp\/v2\/posts"}],"about":[{"href":"https:\/\/www.invarena.cz\/index.php?rest_route=\/wp\/v2\/types\/post"}],"author":[{"embeddable":true,"href":"https:\/\/www.invarena.cz\/index.php?rest_route=\/wp\/v2\/users\/1"}],"replies":[{"embeddable":true,"href":"https:\/\/www.invarena.cz\/index.php?rest_route=%2Fwp%2Fv2%2Fcomments&post=18998"}],"version-history":[{"count":0,"href":"https:\/\/www.invarena.cz\/index.php?rest_route=\/wp\/v2\/posts\/18998\/revisions"}],"wp:featuredmedia":[{"embeddable":true,"href":"https:\/\/www.invarena.cz\/index.php?rest_route=\/wp\/v2\/media\/14137"}],"wp:attachment":[{"href":"https:\/\/www.invarena.cz\/index.php?rest_route=%2Fwp%2Fv2%2Fmedia&parent=18998"}],"wp:term":[{"taxonomy":"category","embeddable":true,"href":"https:\/\/www.invarena.cz\/index.php?rest_route=%2Fwp%2Fv2%2Fcategories&post=18998"},{"taxonomy":"post_tag","embeddable":true,"href":"https:\/\/www.invarena.cz\/index.php?rest_route=%2Fwp%2Fv2%2Ftags&post=18998"}],"curies":[{"name":"wp","href":"https:\/\/api.w.org\/{rel}","templated":true}]}}