{"id":19035,"date":"2014-12-20T10:02:54","date_gmt":"2014-12-20T09:02:54","guid":{"rendered":"http:\/\/www.invarena.cz\/?p=19035"},"modified":"2014-12-20T10:03:06","modified_gmt":"2014-12-20T09:03:06","slug":"senatori-cssd-navrhli-obnovit-nahradu-mzdy-v-prvnich-dnech-nemoci","status":"publish","type":"post","link":"https:\/\/www.invarena.cz\/?p=19035","title":{"rendered":"Sen\u00e1to\u0159i \u010cSSD navrhli obnovit n\u00e1hradu mzdy v prvn\u00edch dnech nemoci"},"content":{"rendered":"<p><strong>Sen\u00e1to\u0159i \u010cSSD navrhli zru\u0161it karen\u010dn\u00ed dobu, v n\u00ed\u017e zam\u011bstnanci po prvn\u00ed t\u0159i dny nemoci nepob\u00edraj\u00ed n\u00e1hradu mzdy. Zd\u016fvodnili to negativn\u00edmi dopady na zam\u011bstnance s n\u00edzk\u00fdmi p\u0159\u00edjmy.<\/strong><!--more--><\/p>\n<p> Horn\u00ed komora p\u0159\u00edslu\u0161nou novelu z\u00e1kon\u00edku pr\u00e1ce a dal\u0161\u00edch z\u00e1kon\u016f za\u010dne projedn\u00e1vat v lednu.<\/p>\n<p>&#8222;C\u00edlem p\u0159edlo\u017een\u00e9ho n\u00e1vrhu je alespo\u0148 z\u010d\u00e1sti napravit soci\u00e1ln\u00ed situaci zam\u011bstnanc\u016f s n\u00edzk\u00fdmi p\u0159\u00edjmy a zam\u011bstnanc\u016f soci\u00e1ln\u011b slab\u00fdch, zejm\u00e9na matek samo\u017eivitelek \u010di invalid\u016f,&#8220; obhajuj\u00ed n\u00e1vrh sen\u00e1to\u0159i v \u010dele s Zde\u0148kem \u0160kromachem. Podle nich je \u00faprava nezbytn\u00e1 za situace, kdy jsou lid\u00e9 postaveni p\u0159ed dilema, zda p\u0159ijmout pr\u00e1ci za minim\u00e1ln\u00ed mzdu, nebo z\u016fstat bez pr\u00e1ce, a vystavit tak rodinu a d\u011bti hmotn\u00e9 nouzi.<\/p>\n<p>Sen\u00e1to\u0159i sv\u016fj n\u00e1vrh op\u00edraj\u00ed i o verdikt \u00dastavn\u00edho soudu z roku 2008, kter\u00fd zru\u0161il karen\u010dn\u00ed dobu p\u0159ijatou v r\u00e1mci reforem vl\u00e1dy Mirka Topol\u00e1nka. P\u0159edloni ale \u00fastavn\u00ed soudci na n\u00e1vrh poslanc\u016f odm\u00edtli zru\u0161it i nyn\u011bj\u0161\u00ed \u00fapravu karen\u010dn\u00ed doby, nebo\u0165 zam\u011bstnanci b\u011bhem n\u00ed na rozd\u00edl od p\u016fvodn\u00ed podoby neodv\u00e1d\u011bj\u00ed pojistn\u00e9 na nemocensk\u00e9 poji\u0161t\u011bn\u00ed.<\/p>\n<p>Karen\u010dn\u00ed doba je zavedena i v jin\u00fdch evropsk\u00fdch zem\u00edch a jej\u00ed \u010desk\u00e1 podoba je v souladu s \u00famluvou Mezin\u00e1rodn\u00ed organizace pr\u00e1ce \u010di Evropsk\u00e9ho z\u00e1kon\u00edku soci\u00e1ln\u00edho zabezpe\u010den\u00ed. N\u00e1hrada mzdy nebo platu nep\u0159\u00edslu\u0161\u00ed za prvn\u00ed t\u0159i dny do\u010dasn\u00e9 pracovn\u00ed neschopnosti.<\/p>\n<p>Sen\u00e1to\u0159i tvrd\u00ed, \u017ee jejich n\u00e1vrh nem\u00e1 vliv na rozpo\u010dty st\u00e1tu, kraj\u016f a obc\u00ed ani zam\u011bstnavatel\u016f, proto\u017ee zv\u00fd\u0161en\u00ed n\u00e1hrad na plat zam\u011bstnanc\u016f po dobu pracovn\u00ed neschopnosti nebo karant\u00e9ny je kompenzov\u00e1no v r\u00e1mci finan\u010dn\u00edch prost\u0159edk\u016f na platy.<\/p>\n<p>\u0160kromach cht\u011bl novelu projedn\u00e1vat u\u017e tento t\u00fdden na sch\u016fzi horn\u00ed komory. N\u00e1vrh ale p\u0159edlo\u017eil t\u011bsn\u011b p\u0159ed jej\u00edm zah\u00e1jen\u00edm a sen\u00e1to\u0159i to odm\u00edtli.<\/p>\n","protected":false},"excerpt":{"rendered":"<div class=\"mh-excerpt\"><p>Sen\u00e1to\u0159i \u010cSSD navrhli zru\u0161it karen\u010dn\u00ed dobu, v n\u00ed\u017e zam\u011bstnanci po prvn\u00ed t\u0159i dny nemoci nepob\u00edraj\u00ed n\u00e1hradu mzdy. Zd\u016fvodnili to negativn\u00edmi dopady na zam\u011bstnance s n\u00edzk\u00fdmi <a class=\"mh-excerpt-more\" href=\"https:\/\/www.invarena.cz\/?p=19035\" title=\"Sen\u00e1to\u0159i \u010cSSD navrhli obnovit n\u00e1hradu mzdy v prvn\u00edch dnech nemoci\">[&#8230;]<\/a><\/p>\n<\/div>","protected":false},"author":1,"featured_media":915,"comment_status":"open","ping_status":"closed","sticky":false,"template":"","format":"standard","meta":{"footnotes":""},"categories":[6],"tags":[],"class_list":["post-19035","post","type-post","status-publish","format-standard","has-post-thumbnail","hentry","category-politika"],"_links":{"self":[{"href":"https:\/\/www.invarena.cz\/index.php?rest_route=\/wp\/v2\/posts\/19035","targetHints":{"allow":["GET"]}}],"collection":[{"href":"https:\/\/www.invarena.cz\/index.php?rest_route=\/wp\/v2\/posts"}],"about":[{"href":"https:\/\/www.invarena.cz\/index.php?rest_route=\/wp\/v2\/types\/post"}],"author":[{"embeddable":true,"href":"https:\/\/www.invarena.cz\/index.php?rest_route=\/wp\/v2\/users\/1"}],"replies":[{"embeddable":true,"href":"https:\/\/www.invarena.cz\/index.php?rest_route=%2Fwp%2Fv2%2Fcomments&post=19035"}],"version-history":[{"count":0,"href":"https:\/\/www.invarena.cz\/index.php?rest_route=\/wp\/v2\/posts\/19035\/revisions"}],"wp:featuredmedia":[{"embeddable":true,"href":"https:\/\/www.invarena.cz\/index.php?rest_route=\/wp\/v2\/media\/915"}],"wp:attachment":[{"href":"https:\/\/www.invarena.cz\/index.php?rest_route=%2Fwp%2Fv2%2Fmedia&parent=19035"}],"wp:term":[{"taxonomy":"category","embeddable":true,"href":"https:\/\/www.invarena.cz\/index.php?rest_route=%2Fwp%2Fv2%2Fcategories&post=19035"},{"taxonomy":"post_tag","embeddable":true,"href":"https:\/\/www.invarena.cz\/index.php?rest_route=%2Fwp%2Fv2%2Ftags&post=19035"}],"curies":[{"name":"wp","href":"https:\/\/api.w.org\/{rel}","templated":true}]}}