{"id":19070,"date":"2014-12-23T18:28:30","date_gmt":"2014-12-23T17:28:30","guid":{"rendered":"http:\/\/www.invarena.cz\/?p=19070"},"modified":"2014-12-23T18:40:26","modified_gmt":"2014-12-23T17:40:26","slug":"zavet-stareho-gentlemana-mysli-na-nemocne-deti-dostanou-milion","status":"publish","type":"post","link":"https:\/\/www.invarena.cz\/?p=19070","title":{"rendered":"Star\u00fd gentleman v z\u00e1v\u011bti mysl\u00ed na nemocn\u00e9 d\u011bti. Dostanou milion"},"content":{"rendered":"<p><strong>Dvaadevades\u00e1tilet\u00fd podnikatel p\u0159ekvapil cel\u00fd Chlumec nad Cidlinou. Sepsal z\u00e1v\u011b\u0165 a smlouvu, podle nich do <span class=\"highlight\">zdravotn\u00edho<\/span> fondu po\u0161le zdej\u0161\u00edm v\u00e1\u017en\u011b nemocn\u00fdm a hendikepovan\u00fdm d\u011btem dal\u0161\u00ed milion korun. Pen\u00edze z unik\u00e1tn\u00edho fondu u\u017e pomohly dv\u011bma d\u011btem a hl\u00e1s\u00ed se o n\u011b dal\u0161\u00ed.<\/strong> <!--more--><\/p>\n<p>Za minul\u00e9ho re\u017eimu emigroval, dnes \u017eije v n\u011bmeck\u00e9m domov\u011b d\u016fchodc\u016f a v lednu oslav\u00ed 92. narozeniny. P\u0159esto Ladislav Nohynek nezapomn\u011bl na p\u011btitis\u00edcov\u00e9 m\u011bste\u010dko na Kr\u00e1lov\u00e9hradecku, kde vybudoval stroj\u00edrenskou firmu Nirosta, kterou dnes vlastn\u00ed jeho syn.<\/p>\n<p>Rozhodl se v\u011bnovat do <span class=\"highlight\">zdravotn\u00edho<\/span> d\u011btsk\u00e9ho fondu, kter\u00e9 m\u011bsto z\u0159\u00eddilo v lo\u0148sk\u00e9m roce a kam radnice pos\u00edl\u00e1 sto tis\u00edc ro\u010dn\u011b z p\u0159\u00edjm\u016f z hazardu, jeden milion korun. O publicitu ale p\u0159i sv\u00e9 skromnosti nestoj\u00ed.<\/p>\n<p>&#8222;Nerad prezentuje takov\u00e9 v\u011bci, p\u0159ipad\u00e1 mu to trapn\u00e9,&#8220; \u0159\u00edk\u00e1 jeho mlad\u0161\u00ed bratr Jind\u0159ich, kter\u00fd \u017eije v Praze. B\u00fdval\u00e9ho majitele chlumeck\u00e9 firmy ned\u00e1vno doprovodil z N\u011bmecka, aby se z\u00e1stupci m\u011bsta mohl podepsat darovac\u00ed smlouvu.<br \/>\n&#8222;Pojal to jako jak\u00e9si \u017eivotn\u00ed vy\u00fa\u010dtov\u00e1n\u00ed. Je to takov\u00e9 gesto vd\u011bku, proto\u017ee radnice jeho firm\u011b vych\u00e1zela vst\u0159\u00edc a on nyn\u00ed chce pomoci prost\u0159ednictv\u00edm obce nemocn\u00fdm d\u011btem. Milion korun v\u011bnoval ze sv\u00e9ho soukrom\u00e9ho konta,&#8220; vysv\u011btlil bratr \u0161t\u011bdr\u00e9ho d\u00e1rce.<\/p>\n<p>&#8222;Spadla mi brada a podepsali jsme darovac\u00ed smlouvu, je to \u00fa\u017easn\u00fd po\u010din, skoro poh\u00e1dka,&#8220; \u0159\u00edk\u00e1 chlumeck\u00fd starosta Miroslav Uchytil a podot\u00fdk\u00e1, \u017ee od b\u00fdval\u00e9ho majitele Nirosty to nen\u00ed prvn\u00ed dar.<\/p>\n<p>&#8222;Kdy\u017e mu bylo 90 let, tak m\u011b jako jubilant zval na oslavu a zaj\u00edmal se o novinky ve m\u011bst\u011b. Kdy\u017e jsem mu popsal, \u017ee chceme zalo\u017eit <span class=\"highlight\">zdravotn\u00ed<\/span> fond pro posti\u017een\u00e9 d\u011bti a mladistv\u00e9, zaujalo ho to a u\u017e tehdy v\u011bnoval v p\u0159epo\u010dtu asi 50 tis\u00edc korun,&#8220; vypr\u00e1v\u00ed starosta.<\/p>\n<p>V z\u00e1v\u011bti i v ned\u00e1vno sepsan\u00e9 darovac\u00ed smlouv\u011b stoj\u00ed, \u017ee v p\u0159\u00ed\u0161t\u00edch deseti letech p\u0159ijde ka\u017ed\u00fd rok na speci\u00e1ln\u00ed m\u011bstsk\u00fd \u00fa\u010det sto tis\u00edc korun. <span class=\"highlight\">Zdravotn\u00ed<\/span> fond m\u00e1 za c\u00edl podporovat v\u00e1\u017en\u011b nemocn\u00e9 d\u011bti a p\u0159isp\u00edvat na jejich drahou l\u00e9\u010dbu, l\u00e1zn\u011b a na <span class=\"highlight\">zdravotn\u00ed<\/span> \u010di kompenza\u010dn\u00ed pom\u016fcky, kter\u00e9 poji\u0161\u0165ovny pln\u011b nehrad\u00ed. &#8222;Je to \u00fa\u017easn\u00e1 pomoc, za p\u0159\u00edsp\u011bvek jsme vd\u011b\u010dn\u00ed jak m\u011bstu, tak v\u0161em d\u00e1rc\u016fm,&#8220; d\u011bkuje Marcela Zah\u00e1lkov\u00e1, matka t\u0159in\u00e1ctilet\u00e9ho Martina, jen\u017e trp\u00ed progresivn\u00ed svalovou dystrofi\u00ed. Kv\u016fli nevyl\u00e9\u010diteln\u00e9 nemoci, kter\u00e1 m\u016f\u017ee v\u00e9st a\u017e k \u00fapln\u00e9 nehybnosti, se neobejde bez berl\u00ed \u010di invalidn\u00edho voz\u00edku. Byl prvn\u00edm, komu unik\u00e1tn\u00ed fond m\u011bsta pomohl. D\u00edky p\u0159\u00edsp\u011bvku jeho rodi\u010de vybudovali bezbari\u00e9rovou koupelnu se speci\u00e1ln\u00edmi madly, sed\u00e1tky, z\u00e1chodem i bateri\u00ed. &#8222;Hodn\u011b n\u00e1m usnadnila \u017eivot,&#8220; pochvaluje si Martinova matka.<\/p>\n<p>Dal\u0161\u00edmu, komu pen\u00edze od d\u00e1rc\u016f usnad\u0148uj\u00ed \u017eivot, je teprve p\u011btilet\u00fd Adam. Narodil se nevidom\u00fd. &#8222;P\u0159\u00edsp\u011bvek vyu\u017e\u00edv\u00e1me jako cestovn\u00e9, proto\u017ee ka\u017ed\u00fd den mus\u00edm vozit syna do 30 kilometr\u016f vzd\u00e1len\u00e9 speci\u00e1ln\u00ed \u0161kolky v Hradci Kr\u00e1lov\u00e9. Pom\u00e1h\u00e1 n\u00e1m to p\u0159edev\u0161\u00edm v jeho rozvoji,&#8220; vysv\u011btlila jeho matka Gabriela Fifernov\u00e1.<\/p>\n<p>\u017d\u00e1dat o p\u0159\u00edsp\u011bvek mohou na doporu\u010den\u00ed pediatr\u016f rodiny s trval\u00fdm bydli\u0161t\u011bm v Chlumci. Kdy\u017e ho m\u011bsto schv\u00e1l\u00ed, proplat\u00ed rodi\u010d\u016fm nemocn\u00fdch d\u011bt\u00ed faktury. \u017d\u00e1dosti se hodnot\u00ed dvakr\u00e1t ro\u010dn\u011b, nyn\u00ed se rozd\u011bl\u00ed dal\u0161\u00edch sto tis\u00edc korun, za posledn\u00ed p\u016flrok se se\u0161lo p\u011bt \u017e\u00e1dost\u00ed.<\/p>\n<p>Chlumec byl v\u016fbec prvn\u00ed obc\u00ed v \u010cesku, kter\u00e1 <span class=\"highlight\">zdravotn\u00ed<\/span> fond na pomoc d\u011btem zalo\u017eila. M\u011bsto se inspirovalo \u00fasp\u011b\u0161nou ve\u0159ejnou sb\u00edrkou, kterou p\u0159edt\u00edm uspo\u0159\u00e1dalo pro Vanesku. D\u00edvka se v roce 2012 narodila se vz\u00e1cnou a nevyl\u00e9\u010ditelnou nemoc\u00ed mot\u00fdl\u00edch k\u0159\u00eddel.<br \/>\nJej\u00ed rodi\u010de z tohoto \u00fa\u010dtu dodnes \u010derpaj\u00ed prost\u0159edky na n\u00e1kladn\u00e9 pom\u016fcky, <span class=\"highlight\">l\u00e9ky<\/span> a obvazov\u00fd materi\u00e1l ke ka\u017edodenn\u00edmu o\u0161et\u0159ov\u00e1n\u00ed dce\u0159in\u00fdch bolestiv\u00fdch ran a puch\u00fd\u0159\u016f.<\/p>\n<p>&#8222;Jsme opravdu vd\u011b\u010dn\u00ed za otev\u0159en\u00fd \u00fa\u010det v l\u00e9k\u00e1rn\u011b, kde m\u00e1me mo\u017enost odeb\u00edrat v\u0161e pro na\u0161i dceru pot\u0159ebn\u00e9, jako jsou jehly, desinfekce, obvazy, steriln\u00ed \u010dtverce, masti, kr\u00e9my a dal\u0161\u00ed,&#8220; \u0159\u00edk\u00e1 matka nemocn\u00e9 hol\u010di\u010dky Mark\u00e9ta Sergejeva.<br \/>\n&#8222;Vanesce budou v dubnu t\u0159i roky a je moc \u0161ikovn\u00e1. Bohu\u017eel se se nevyhneme celodenn\u00edmu o\u0161et\u0159ov\u00e1n\u00ed, st\u00e1le m\u00e1 puch\u00fd\u0159e i otev\u0159en\u00e9 r\u00e1ny. Vaneska je na\u0161e slun\u00ed\u010dko a cel\u00e9 na\u0161\u00ed rodin\u011b dob\u00edj\u00ed baterky, t\u0159eba kdy\u017e n\u00e1m \u0159ekne, \u017ee n\u00e1s m\u00e1 r\u00e1da a \u017ee je \u0161\u0165astn\u00e1. To pak zapomeneme i na okoln\u00ed z\u00e1vist lid\u00ed, kte\u0159\u00ed n\u00e1m \u00fa\u010det z\u0159\u00edzen\u00fd m\u011bstem nep\u0159ej\u00ed a d\u011blaj\u00ed r\u016fzn\u00e9 naschv\u00e1ly,&#8220; dod\u00e1v\u00e1 matka Vanesky.<\/p>\n<p>&#8212;<\/p>\n<p>Kate\u0159ina V\u00edtkov\u00e1, redaktorka MF DNES<\/p>\n<p>Mlad\u00e1 fronta DNES<\/p>\n","protected":false},"excerpt":{"rendered":"<div class=\"mh-excerpt\"><p>Dvaadevades\u00e1tilet\u00fd podnikatel p\u0159ekvapil cel\u00fd Chlumec nad Cidlinou. Sepsal z\u00e1v\u011b\u0165 a smlouvu, podle nich do zdravotn\u00edho fondu po\u0161le zdej\u0161\u00edm v\u00e1\u017en\u011b nemocn\u00fdm a hendikepovan\u00fdm d\u011btem dal\u0161\u00ed milion <a class=\"mh-excerpt-more\" href=\"https:\/\/www.invarena.cz\/?p=19070\" title=\"Star\u00fd gentleman v z\u00e1v\u011bti mysl\u00ed na nemocn\u00e9 d\u011bti. Dostanou milion\">[&#8230;]<\/a><\/p>\n<\/div>","protected":false},"author":1,"featured_media":14097,"comment_status":"open","ping_status":"closed","sticky":false,"template":"","format":"standard","meta":{"footnotes":""},"categories":[7],"tags":[],"class_list":["post-19070","post","type-post","status-publish","format-standard","has-post-thumbnail","hentry","category-spolecnost"],"_links":{"self":[{"href":"https:\/\/www.invarena.cz\/index.php?rest_route=\/wp\/v2\/posts\/19070","targetHints":{"allow":["GET"]}}],"collection":[{"href":"https:\/\/www.invarena.cz\/index.php?rest_route=\/wp\/v2\/posts"}],"about":[{"href":"https:\/\/www.invarena.cz\/index.php?rest_route=\/wp\/v2\/types\/post"}],"author":[{"embeddable":true,"href":"https:\/\/www.invarena.cz\/index.php?rest_route=\/wp\/v2\/users\/1"}],"replies":[{"embeddable":true,"href":"https:\/\/www.invarena.cz\/index.php?rest_route=%2Fwp%2Fv2%2Fcomments&post=19070"}],"version-history":[{"count":0,"href":"https:\/\/www.invarena.cz\/index.php?rest_route=\/wp\/v2\/posts\/19070\/revisions"}],"wp:featuredmedia":[{"embeddable":true,"href":"https:\/\/www.invarena.cz\/index.php?rest_route=\/wp\/v2\/media\/14097"}],"wp:attachment":[{"href":"https:\/\/www.invarena.cz\/index.php?rest_route=%2Fwp%2Fv2%2Fmedia&parent=19070"}],"wp:term":[{"taxonomy":"category","embeddable":true,"href":"https:\/\/www.invarena.cz\/index.php?rest_route=%2Fwp%2Fv2%2Fcategories&post=19070"},{"taxonomy":"post_tag","embeddable":true,"href":"https:\/\/www.invarena.cz\/index.php?rest_route=%2Fwp%2Fv2%2Ftags&post=19070"}],"curies":[{"name":"wp","href":"https:\/\/api.w.org\/{rel}","templated":true}]}}