{"id":19074,"date":"2014-12-26T17:20:51","date_gmt":"2014-12-26T16:20:51","guid":{"rendered":"http:\/\/www.invarena.cz\/?p=19074"},"modified":"2014-12-26T17:20:51","modified_gmt":"2014-12-26T16:20:51","slug":"lekari-v-olomouci-vytahovali-o-stedrem-dnu-kost-z-krku-peti-lidem","status":"publish","type":"post","link":"https:\/\/www.invarena.cz\/?p=19074","title":{"rendered":"L\u00e9ka\u0159i v Olomouci vytahovali o \u0160t\u011bdr\u00e9m dnu kost z krku p\u011bti lidem"},"content":{"rendered":"<p><strong>Ryb\u00ed kost z krku vytahovali o \u0160t\u011bdr\u00e9m dnu l\u00e9ka\u0159i Fakultn\u00ed nemocnice Olomouc p\u011bti lidem. Na urgentn\u00edm p\u0159\u00edjmu o\u0161et\u0159ili 30 pacient\u016f s m\u00e9n\u011b z\u00e1va\u017en\u00fdmi probl\u00e9my.<\/strong> <!--more--><\/p>\n<p>V porodnici p\u0159i\u0161lo na sv\u011bt dev\u011bt d\u011bt\u00ed, sedm d\u011bv\u010d\u00e1tek a dva chlapci. &#8222;Leto\u0161n\u00ed \u0160t\u011bdr\u00fd den pat\u0159\u00ed mezi standardn\u00ed, na takov\u00fd n\u00e1por jsme zvykl\u00ed&#8220;, \u0159ekl mluv\u010d\u00ed nemocnice Egon Havrlant.<br \/>\nDodal, \u017ee podle zku\u0161enost\u00ed l\u00e9ka\u0159\u016f je pravd\u011bpodobn\u00e9, \u017ee po\u010det p\u0159\u00edpad\u016f uv\u00edzl\u00fdch kost\u00ed v krku se v dal\u0161\u00edch dnech je\u0161t\u011b zv\u00fd\u0161\u00ed, a\u017e budou lid\u00e9 doj\u00eddat ryby, kter\u00e9 jim zbyly ze \u0161t\u011bdrove\u010dern\u00ed ve\u010de\u0159e. Na urgentn\u00edm p\u0159\u00edjmu l\u00e9ka\u0159i podle Havrlanta pom\u00e1hali nap\u0159\u00edklad lidem s bolestmi b\u0159icha po p\u0159ejeden\u00ed nebo pacient\u016fm, kte\u0159\u00ed se opa\u0159ili p\u0159i va\u0159en\u00ed.<br \/>\nNapilno m\u011bli i l\u00e9ka\u0159i prost\u011bjovsk\u00e9 nemocnice. Zdej\u0161\u00ed u\u0161n\u00ed, kr\u010dn\u00ed a nosn\u00ed ambulance o\u0161et\u0159ila b\u011bhem \u0160t\u011bdr\u00e9ho dne 25 pacient\u016f, jednoho s uv\u00edzlou kost\u00ed v krku. &#8222;Jednalo se v\u011bt\u0161inou o pacienty s onemocn\u011bn\u00edm horn\u00edch d\u00fdchac\u00edch cest a o d\u011bti se z\u00e1n\u011bty u\u0161\u00ed. Velk\u00fd po\u010det pacient\u016f o\u010dek\u00e1vaj\u00ed l\u00e9ka\u0159i i dnes,&#8220; \u0159ekla \u010cTK Radka Milo\u0161evsk\u00e1, mluv\u010d\u00ed skupiny Agel, pod kterou nemocnice pat\u0159\u00ed.<\/p>\n","protected":false},"excerpt":{"rendered":"<div class=\"mh-excerpt\"><p>Ryb\u00ed kost z krku vytahovali o \u0160t\u011bdr\u00e9m dnu l\u00e9ka\u0159i Fakultn\u00ed nemocnice Olomouc p\u011bti lidem. Na urgentn\u00edm p\u0159\u00edjmu o\u0161et\u0159ili 30 pacient\u016f s m\u00e9n\u011b z\u00e1va\u017en\u00fdmi probl\u00e9my.<\/p>\n<\/div>","protected":false},"author":1,"featured_media":0,"comment_status":"open","ping_status":"closed","sticky":false,"template":"","format":"standard","meta":{"footnotes":""},"categories":[9],"tags":[],"class_list":["post-19074","post","type-post","status-publish","format-standard","hentry","category-zpravy"],"_links":{"self":[{"href":"https:\/\/www.invarena.cz\/index.php?rest_route=\/wp\/v2\/posts\/19074","targetHints":{"allow":["GET"]}}],"collection":[{"href":"https:\/\/www.invarena.cz\/index.php?rest_route=\/wp\/v2\/posts"}],"about":[{"href":"https:\/\/www.invarena.cz\/index.php?rest_route=\/wp\/v2\/types\/post"}],"author":[{"embeddable":true,"href":"https:\/\/www.invarena.cz\/index.php?rest_route=\/wp\/v2\/users\/1"}],"replies":[{"embeddable":true,"href":"https:\/\/www.invarena.cz\/index.php?rest_route=%2Fwp%2Fv2%2Fcomments&post=19074"}],"version-history":[{"count":0,"href":"https:\/\/www.invarena.cz\/index.php?rest_route=\/wp\/v2\/posts\/19074\/revisions"}],"wp:attachment":[{"href":"https:\/\/www.invarena.cz\/index.php?rest_route=%2Fwp%2Fv2%2Fmedia&parent=19074"}],"wp:term":[{"taxonomy":"category","embeddable":true,"href":"https:\/\/www.invarena.cz\/index.php?rest_route=%2Fwp%2Fv2%2Fcategories&post=19074"},{"taxonomy":"post_tag","embeddable":true,"href":"https:\/\/www.invarena.cz\/index.php?rest_route=%2Fwp%2Fv2%2Ftags&post=19074"}],"curies":[{"name":"wp","href":"https:\/\/api.w.org\/{rel}","templated":true}]}}