{"id":19076,"date":"2014-12-26T17:24:25","date_gmt":"2014-12-26T16:24:25","guid":{"rendered":"http:\/\/www.invarena.cz\/?p=19076"},"modified":"2014-12-26T17:24:58","modified_gmt":"2014-12-26T16:24:58","slug":"deti-s-celiakii-ci-cukrovkou-nesmeji-porusit-dietu-ani-o-vanocich","status":"publish","type":"post","link":"https:\/\/www.invarena.cz\/?p=19076","title":{"rendered":"D\u011bti s celiaki\u00ed \u010di cukrovkou nesm\u00ed poru\u0161it dietu ani o V\u00e1noc\u00edch"},"content":{"rendered":"<p><strong>D\u011bti s celiaki\u00ed, cukrovkou nebo alergi\u00ed na n\u011bkter\u00e9 potraviny nesm\u011bj\u00ed poru\u0161it svoji dietu ani o v\u00e1no\u010dn\u00edch sv\u00e1tc\u00edch, tyto nemoci V\u00e1noce nemaj\u00ed, sd\u011blila l\u00e9ka\u0159ka Marta \u0160im\u016fnkov\u00e1.<\/strong> <!--more--><\/p>\n<p>Rodi\u010de musej\u00ed podle n\u00ed b\u00fdt d\u016fsledn\u00ed a nedat potomk\u016fm nic, co by mohlo jejich zdrav\u00ed u\u0161kodit. Nejl\u00e9pe je, kdy\u017e se cel\u00e1 rodina p\u0159izp\u016fsob\u00ed j\u00eddeln\u00ed\u010dku d\u00edt\u011bte, aby mu nebylo l\u00edto, \u017ee n\u011bco nesm\u00ed. V \u017e\u00e1dn\u00e9m p\u0159\u00edpad\u011b by rodi\u010de nem\u011bli d\u00e1t ochutnat d\u00edt\u011bti alkohol, a to nemocn\u00e9mu ani zdrav\u00e9mu.<br \/>\n&#8222;Pro rodi\u010de by nem\u011bl b\u00fdt probl\u00e9m alespo\u0148 o sv\u00e1te\u010dn\u00edch dnech p\u0159ej\u00edt na j\u00eddeln\u00ed\u010dek nemocn\u00e9ho d\u00edt\u011bte. Diety, a\u0165 u\u017e bezlepkov\u00e1, \u010di antialergick\u00e1, jsou chutn\u00e9 a zdrav\u00e9, a mo\u017en\u00e1 se t\u00edm ubr\u00e1n\u00ed i mnoha kil\u016fm nav\u00edc, kter\u00e1 lidem po V\u00e1noc\u00edch z\u016fstanou,&#8220; \u0159ekla.<br \/>\nKdy\u017e je d\u00edt\u011b zvykl\u00e9 na p\u0159\u00edsnou bezlepkovou dietu, m\u011blo by i o V\u00e1noc\u00edch dostat v\u0161echno j\u00eddlo bezlepkov\u00e9 &#8211; kapr by m\u011bl b\u00fdt v bezlepkov\u00e9m t\u011bst\u00ed\u010dku, cukrov\u00ed z bezlepkov\u00e9 mouky. D\u011bti s alergi\u00ed na ryby, mo\u0159sk\u00e9 plody nebo o\u0159\u00ed\u0161ky je nesm\u011bj\u00ed dostat ani o V\u00e1noc\u00edch. D\u011bti s cukrovkou nesm\u011bj\u00ed ani o V\u00e1noc\u00edch j\u00edst nekontrolovan\u011b sladk\u00e9. Diabetik\u016fm se sice u\u017e jako d\u0159\u00edv sladk\u00e9 p\u0159\u00edsn\u011b nezakazuje, ale jeho mno\u017estv\u00ed se mus\u00ed p\u0159esn\u011b sledovat, a pokud je to nutn\u00e9, zkorigovat hladinu cukru v krvi d\u00e1vkou inzul\u00ednu.<br \/>\n\u0160im\u016fnkov\u00e1 odm\u00edtla n\u00e1zory n\u011bkter\u00fdch rodi\u010d\u016f, \u017ee v\u00fdjime\u010dn\u011b o sv\u00e1tc\u00edch mohou d\u00edt\u011bti d\u00e1t na p\u0159\u00edpitek trochu alkoholu. &#8222;J\u00e1 si mysl\u00edm, \u017ee d\u011btem alkohol do \u00fast nepat\u0159\u00ed, to je jednozna\u010dn\u00e9. Alkohol je droga, i kdy\u017e z\u00e1konem povolen\u00e1, a jako s drogou se s n\u00edm mus\u00ed zach\u00e1zet,&#8220; shrnula.<\/p>\n","protected":false},"excerpt":{"rendered":"<div class=\"mh-excerpt\"><p>D\u011bti s celiaki\u00ed, cukrovkou nebo alergi\u00ed na n\u011bkter\u00e9 potraviny nesm\u011bj\u00ed poru\u0161it svoji dietu ani o v\u00e1no\u010dn\u00edch sv\u00e1tc\u00edch, tyto nemoci V\u00e1noce nemaj\u00ed, sd\u011blila l\u00e9ka\u0159ka Marta \u0160im\u016fnkov\u00e1.<\/p>\n<\/div>","protected":false},"author":1,"featured_media":0,"comment_status":"open","ping_status":"closed","sticky":false,"template":"","format":"standard","meta":{"footnotes":""},"categories":[9],"tags":[],"class_list":["post-19076","post","type-post","status-publish","format-standard","hentry","category-zpravy"],"_links":{"self":[{"href":"https:\/\/www.invarena.cz\/index.php?rest_route=\/wp\/v2\/posts\/19076","targetHints":{"allow":["GET"]}}],"collection":[{"href":"https:\/\/www.invarena.cz\/index.php?rest_route=\/wp\/v2\/posts"}],"about":[{"href":"https:\/\/www.invarena.cz\/index.php?rest_route=\/wp\/v2\/types\/post"}],"author":[{"embeddable":true,"href":"https:\/\/www.invarena.cz\/index.php?rest_route=\/wp\/v2\/users\/1"}],"replies":[{"embeddable":true,"href":"https:\/\/www.invarena.cz\/index.php?rest_route=%2Fwp%2Fv2%2Fcomments&post=19076"}],"version-history":[{"count":0,"href":"https:\/\/www.invarena.cz\/index.php?rest_route=\/wp\/v2\/posts\/19076\/revisions"}],"wp:attachment":[{"href":"https:\/\/www.invarena.cz\/index.php?rest_route=%2Fwp%2Fv2%2Fmedia&parent=19076"}],"wp:term":[{"taxonomy":"category","embeddable":true,"href":"https:\/\/www.invarena.cz\/index.php?rest_route=%2Fwp%2Fv2%2Fcategories&post=19076"},{"taxonomy":"post_tag","embeddable":true,"href":"https:\/\/www.invarena.cz\/index.php?rest_route=%2Fwp%2Fv2%2Ftags&post=19076"}],"curies":[{"name":"wp","href":"https:\/\/api.w.org\/{rel}","templated":true}]}}