{"id":19078,"date":"2014-12-26T17:36:16","date_gmt":"2014-12-26T16:36:16","guid":{"rendered":"http:\/\/www.invarena.cz\/?p=19078"},"modified":"2014-12-26T17:36:16","modified_gmt":"2014-12-26T16:36:16","slug":"policista-v-koline-pomohl-bezdomovci-vratit-se-zpet-do-zivota","status":"publish","type":"post","link":"https:\/\/www.invarena.cz\/?p=19078","title":{"rendered":"Policista v Kol\u00edn\u011b pomohl bezdomovci vr\u00e1tit se zp\u011bt do \u017eivota"},"content":{"rendered":"<p><strong>I kdy\u017e \u0159ad\u011b z v\u00e1s p\u0159ijde policejn\u00ed heslo sp\u00ed\u0161 \u00fasm\u011bvn\u00e9, jeden policista z Kol\u00edna mu dal nov\u00fd rozm\u011br. Pom\u00e1h\u00e1 a chr\u00e1n\u00ed toti\u017e jednoho mu\u017ee bez domova.<\/strong><!--more--><\/p>\n<p><em><strong>Prima FTV<\/strong><\/em><\/p>\n<p>Dneska se panu Dost\u00e1lovi lesknou o\u010di dojet\u00edm, a to kv\u016fli tomuto policistovi. Ten mu toti\u017e dal druhou \u0161anci. S\u00e1m \u0159\u00edk\u00e1, \u017ee se stal ob\u011bt\u00ed opi\u010d\u00ed l\u00e1sky. \u017dena ho pr\u00fd v roce 2004 opustila a od t\u00e9 doby u\u017e jen p\u0159e\u017e\u00edval, a to v ulic\u00edch Kol\u00edna.<\/p>\n<p>Stanislav DOST\u00c1L :2009 vomrzliny takov\u00fd men\u0161\u00ed, za tejden v\u011bt\u0161\u00ed, no a tak jsem p\u0159i\u0161el vo prsty, noha v n\u00e1rtu a za 2 roky pod kolenem noha.<\/p>\n<p>V tu dobu v uvozovk\u00e1ch &#8222;bydlel&#8220; v autobusov\u00e9 zast\u00e1vce a tam ho objevil policista Tom\u00e1\u0161. Bydl\u00ed toti\u017e jen kousek od zast\u00e1vky a nav\u00edc dost\u00e1val na slu\u017eebnu ozn\u00e1men\u00ed od kolemjdouc\u00edch. Po slu\u017eb\u011b tak za panem Dost\u00e1lem p\u0159i\u0161el a rozhodl se mu pomoci.<\/p>\n<p>Tom\u00e1\u0161 SL\u00c1DEK, policista:\u00a0 Nav\u00e1zat komunikaci se soci\u00e1lkou v Kol\u00edn\u011b, vypl\u0148ovat n\u011bjak\u00fd dokumenty, odn\u00fdst je, zajistit panu Dost\u00e1lovi n\u011bjak\u00fd sch\u016fzky t\u0159eba na t\u00fd soci\u00e1lce.<\/p>\n<p>V rekordn\u00edm \u010dase se mu panu Dost\u00e1lovi poda\u0159ilo sehnat azylov\u00fd bydlen\u00ed, nosil mu n\u00e1kupy a pom\u00e1hal za\u0159izovat bydlen\u00ed.<\/p>\n<p>SL\u00c1DEK, policista:\u00a0 J\u00e1 jsem t\u0159eba m\u011bl nejv\u011bt\u0161\u00ed radost z postele, kter\u00e1 se n\u00e1m poda\u0159ila sehnat a um\u00edstit vlastn\u011b do toho bytu, proto\u017ee na z\u00e1klad\u011b t\u00fd si pan Dost\u00e1l mohl po n\u011bkolika m\u011bs\u00edc\u00edch lehnout.<\/p>\n<p>Do t\u00e9 doby tr\u00e1vil noc v\u017edy na sv\u00e9m <span class=\"highlight\">invalidn\u00edm<\/span> voz\u00edku, a to jeho zb\u00edda\u010den\u00fdm kon\u010detin\u00e1m rozhodn\u011b neprosp\u00edvalo. A zajistil mu aktivitu i p\u0159es den. Sehnal mu p\u00e9\u010di v Anim\u011b, organizaci, kter\u00e1 se star\u00e1 o seniory, a kterou zalo\u017eilo m\u011bsto \u010c\u00e1slav. M\u016f\u017ee se tam v\u011bnovat r\u016fzn\u00fdm aktivit\u00e1m a tak nemus\u00ed b\u00fdt s\u00e1m doma.<\/p>\n<p>V\u00e1clava PENTOV\u00c1, pe\u010dovatelka:\u00a0 Pan Dost\u00e1l je tady 14 dn\u00ed a mysl\u00edm si, \u017ee do norm\u00e1ln\u00edho \u017eivota se ur\u010dit\u011b m\u016f\u017ee za\u010dlenit. Je \u0161ikovnej, \u017ee se zapoj\u00ed i do r\u016fznejch \u010dinnost\u00ed a mysl\u00edm si, \u017ee ho maj\u00ed i klienti r\u00e1di.<\/p>\n<p>Tom\u00e1\u0161 takto pom\u00e1hal ve sv\u00e9m voln\u00e9m \u010dase, t\u00e9m\u011b\u0159 nikomu nic ne\u0159ekl. I jeho velitel se o jeho \u010dinech dozv\u011bd\u011bl vlastn\u011b n\u00e1hodou.<\/p>\n<p>velitel policisty:\u00a0 Cht\u011bl bych si p\u0159\u00e1t, aby takov\u00fdch policist\u016f bylo v\u00edce. To je prost\u011b v\u011bc, kter\u00e1 si zaslou\u017e\u00ed pochvalu.<\/p>\n<p>Leto\u0161n\u00ed V\u00e1noce budou pro pana Dost\u00e1la v\u00fdjime\u010dn\u00e9. Bude to toti\u017e poprv\u00e9 po 10 letech, kdy je bude slavit doma.<\/p>\n","protected":false},"excerpt":{"rendered":"<div class=\"mh-excerpt\"><p>I kdy\u017e \u0159ad\u011b z v\u00e1s p\u0159ijde policejn\u00ed heslo sp\u00ed\u0161 \u00fasm\u011bvn\u00e9, jeden policista z Kol\u00edna mu dal nov\u00fd rozm\u011br. Pom\u00e1h\u00e1 a chr\u00e1n\u00ed toti\u017e jednoho mu\u017ee bez <a class=\"mh-excerpt-more\" href=\"https:\/\/www.invarena.cz\/?p=19078\" title=\"Policista v Kol\u00edn\u011b pomohl bezdomovci vr\u00e1tit se zp\u011bt do \u017eivota\">[&#8230;]<\/a><\/p>\n<\/div>","protected":false},"author":1,"featured_media":7832,"comment_status":"open","ping_status":"closed","sticky":false,"template":"","format":"standard","meta":{"footnotes":""},"categories":[7],"tags":[],"class_list":["post-19078","post","type-post","status-publish","format-standard","has-post-thumbnail","hentry","category-spolecnost"],"_links":{"self":[{"href":"https:\/\/www.invarena.cz\/index.php?rest_route=\/wp\/v2\/posts\/19078","targetHints":{"allow":["GET"]}}],"collection":[{"href":"https:\/\/www.invarena.cz\/index.php?rest_route=\/wp\/v2\/posts"}],"about":[{"href":"https:\/\/www.invarena.cz\/index.php?rest_route=\/wp\/v2\/types\/post"}],"author":[{"embeddable":true,"href":"https:\/\/www.invarena.cz\/index.php?rest_route=\/wp\/v2\/users\/1"}],"replies":[{"embeddable":true,"href":"https:\/\/www.invarena.cz\/index.php?rest_route=%2Fwp%2Fv2%2Fcomments&post=19078"}],"version-history":[{"count":0,"href":"https:\/\/www.invarena.cz\/index.php?rest_route=\/wp\/v2\/posts\/19078\/revisions"}],"wp:featuredmedia":[{"embeddable":true,"href":"https:\/\/www.invarena.cz\/index.php?rest_route=\/wp\/v2\/media\/7832"}],"wp:attachment":[{"href":"https:\/\/www.invarena.cz\/index.php?rest_route=%2Fwp%2Fv2%2Fmedia&parent=19078"}],"wp:term":[{"taxonomy":"category","embeddable":true,"href":"https:\/\/www.invarena.cz\/index.php?rest_route=%2Fwp%2Fv2%2Fcategories&post=19078"},{"taxonomy":"post_tag","embeddable":true,"href":"https:\/\/www.invarena.cz\/index.php?rest_route=%2Fwp%2Fv2%2Ftags&post=19078"}],"curies":[{"name":"wp","href":"https:\/\/api.w.org\/{rel}","templated":true}]}}