{"id":19081,"date":"2014-12-26T17:52:24","date_gmt":"2014-12-26T16:52:24","guid":{"rendered":"http:\/\/www.invarena.cz\/?p=19081"},"modified":"2014-12-26T17:56:29","modified_gmt":"2014-12-26T16:56:29","slug":"tady-uz-jezisek-nadeloval-pepa-se-nemuze-dockat-jara","status":"publish","type":"post","link":"https:\/\/www.invarena.cz\/?p=19081","title":{"rendered":"Tady u\u017e Je\u017e\u00ed\u0161ek nad\u011bloval: Pepa se nem\u016f\u017ee do\u010dkat jara"},"content":{"rendered":"<p><strong>L\u00e9ka\u0159i jeho p\u0159\u00edpad hodnotili jako beznad\u011bjn\u00fd. Dnes se mlad\u00fd mu\u017e zotavuje a t\u011b\u0161\u00ed na proch\u00e1zky s nov\u00fdm voz\u00edkem<\/strong> <!--more--><\/p>\n<p>ilustra\u010dn\u00ed foto: PhotoRack<\/p>\n<p>Bradlec \u2013 \u017divotn\u00ed cesta ka\u017ed\u00e9ho \u010dlov\u011bka je pln\u00e1 rozcest\u00ed a k\u0159i\u017eovatek. Sta\u010d\u00ed okam\u017eik a \u017eivot se m\u016f\u017ee od z\u00e1klad\u016f zm\u011bnit.<br \/>\nSv\u00e9 o tom v\u00ed V\u011bra Bla\u017ekov\u00e1. Jej\u00ed p\u0159\u00edb\u011bh a p\u0159\u00edb\u011bh jej\u00edho syna Pepy, kter\u00fd skon\u010dil v roce 2012 po t\u011b\u017ek\u00e9 dopravn\u00ed nehod\u011b v k\u00f3matu a s minim\u00e1ln\u00edmi \u0161ancemi na p\u0159e\u017eit\u00ed, jsme p\u0159inesli p\u0159ed n\u011bkolika t\u00fddny. Navzdory chmurn\u00fdm vyhl\u00eddk\u00e1m se m\u00e1 dnes Pepa k sv\u011btu, d\u00edky soustavn\u00e9 p\u00e9\u010di d\u011bl\u00e1 pokroky a nyn\u00ed se nem\u016f\u017ee do\u010dkat jara. Pro\u010d? Proto\u017ee u\u017e p\u0159ed n\u011bkolika t\u00fddny na Bradlci p\u0159ed\u010dasn\u011b \u00fa\u0159adoval Je\u017e\u00ed\u0161ek.<br \/>\nV Pepov\u011b p\u0159\u00edb\u011bhu se objevuje hned n\u011bkolik z\u00e1zrak\u016f. Ten prvn\u00ed p\u0159i\u0161el bezprost\u0159edn\u011b po nehod\u011b, kdy se mlad\u00fd mu\u017e s pomoc\u00ed l\u00e9ka\u0159\u016f popral s krv\u00e1cen\u00edm do mozku. Hrozivou nehodu, p\u0159i n\u00ed\u017e vylet\u011bl z auta, p\u0159e\u017eil, ale z\u016fstal v k\u00f3matu. L\u00e9ka\u0159i tvrdili, \u017ee se jeho stav u\u017e nezm\u011bn\u00ed. Jeho matka a nevlastn\u00ed otec v\u0161ak takov\u00fd konec jako definitivn\u00ed prost\u011b nep\u0159ijali.<br \/>\n&#8222;Nev\u011b\u0159ila jsem tomu. Denn\u011b jsme na n\u011bj mluvili, \u010detli mu, mas\u00edrovali ho. Kdy\u017e Pep\u00ed\u010dek za\u010dal h\u00fdbat prstem na prav\u00e9 ruce, v\u011bd\u011bla jsem, \u017ee se mi vr\u00e1t\u00ed,&#8220; vzpom\u00edn\u00e1 jeho maminka. A skute\u010dn\u011b. Po n\u011bkolika m\u011bs\u00edc\u00edch se chlapec probral a za\u010dal si postupn\u011b znovu osvojovat ztracen\u00e9 schopnosti. Pohyby ruky, vracej\u00edc\u00ed se vzpom\u00ednky, pozd\u011bji i \u0159e\u010d. Ka\u017ed\u00fd z pokrok\u016f byl dal\u0161\u00edm mal\u00fdm z\u00e1zrakem a obrovskou motivac\u00ed. L\u00e9ka\u0159i mohli v \u00fa\u017easu jen kroutit hlavou.<br \/>\nP\u0159ed rokem si Bla\u017ekovi syna dokonce p\u0159ivezli dom\u016f. D\u016fm p\u0159estav\u011bli, po\u0159\u00eddili v\u011bt\u0161\u00ed auto, zvedac\u00ed syst\u00e9m a d\u00e1l se Pepovi stoprocentn\u011b v\u011bnovali. Dnes u\u017e d\u00edky tomu po\u010d\u00edt\u00e1, vtipkuje, vzpom\u00edn\u00e1 si na v\u0161echno, co znal p\u0159ed nehodou, ovl\u00e1d\u00e1 celou polovinu t\u011bla. &#8222;Nikdo nev\u00ed, do jak\u00e9m\u00edryse funkce mozku vr\u00e1t\u00ed do norm\u00e1lu. V tuto chv\u00edli je na \u00farovni mal\u00e9ho d\u00edt\u011bte. Jsem si jist\u00e1, \u017ee za \u010das se postav\u00ed na nohy. O tom jsem p\u0159esv\u011bd\u010den\u00e1. Zda se ale dostane do stavu, v jak\u00e9m byl p\u0159ed nehodou, to nikdo nedok\u00e1\u017ee \u0159\u00edct,&#8220; konstatuje V\u011bra Bla\u017ekov\u00e1.<br \/>\nP\u0159esto\u017ee p\u00e9\u010de o chlapce je pro rodinu vy\u010derp\u00e1vaj\u00edc\u00ed a podepisuje se tak\u00e9 na zdrav\u00ed maminky, pokroky a spole\u010dn\u011b str\u00e1ven\u00e9 chv\u00edle, jsou odm\u011bnou, kter\u00e1 dod\u00e1v\u00e1 s\u00edlu. Nap\u0159\u00edklad v l\u00e9t\u011b spolu rodina tr\u00e1v\u00ed tepl\u00e9 dny na zahrad\u011b, kterou m\u00e1 Pepa p\u0159izp\u016fsobenou pro sebe. D\u00edky tomu nemus\u00ed z\u016fst\u00e1vat ve sv\u00e9m pokoji a naplno si u\u017e\u00edv\u00e1 \u010derstv\u00fd vzduch. &#8222;Kdy\u017e jsme si syna p\u0159ed rokem p\u0159ivezli dom\u016f, v\u00e1\u017eil 50 kilo. P\u0159esto\u017ee m\u00e1 dietn\u00ed j\u00eddeln\u00ed\u010dek, nem\u016f\u017ee se h\u00fdbat, nyn\u00ed v\u00e1\u017e\u00ed u\u017e necel\u00fdch 90 kilo,&#8220; \u0159\u00edkala n\u00e1m p\u0159ed \u010dasem Pepova maminka. Mlad\u00fd mu\u017e tedy prosp\u00edv\u00e1. Manipulace s n\u00edm je v\u0161ak st\u00e1le t\u011b\u017e\u0161\u00ed a t\u011b\u017e\u0161\u00ed a m\u00e1ma u\u017e ho na oby\u010dejn\u00e9m <span class=\"highlight\">invalidn\u00edm<\/span> voz\u00edku zkr\u00e1tka neuveze. Atady zas\u00e1hl Je\u017e\u00ed\u0161ek.<br \/>\nRodin\u011b po dlouh\u00fdch m\u011bs\u00edc\u00edch n\u00e1ro\u010dn\u00e9 p\u00e9\u010de a nutn\u00fdch investic\u00edch zkr\u00e1tka p\u0159estaly sta\u010dit pen\u00edze a na elektrick\u00fd voz\u00edk u\u017e by Bla\u017ekovi sami neu\u0161et\u0159ili. Pr\u00e1v\u011b v tuto chv\u00edli se uk\u00e1zalo, \u017ee lid\u00e9 nejsou tak lhostejn\u00ed, jak se \u010dasto a s oblibou \u0159\u00edk\u00e1.<br \/>\nV Bakov\u011b nad Jizerou podpo\u0159ili Pepovu rodinu benefi\u010dn\u00edm koncertem, ze kter\u00e9ho Bla\u017ekovi z\u00edskali t\u0159i tis\u00edce. Deset tis\u00edc p\u0159isp\u011bl Obecn\u00ed \u00fa\u0159ad Bradlec. Chyb\u011bj\u00edc\u00edch osm tis\u00edc Bla\u017ekovi nakonec shrom\u00e1\u017edili a po\u0159\u00eddili elektrick\u00fd <span class=\"highlight\">invalidn\u00ed<\/span> voz\u00edk!<br \/>\n&#8222;U\u017e ho m\u00e1me doma a nem\u016f\u017eeme se do\u010dkat, a\u017e se otepl\u00ed a p\u016fjdeme na proch\u00e1zku. Te\u010f to je\u0161t\u011b nejde, ka\u017ed\u00e9 nastydnut\u00ed je pro Pepu probl\u00e9m. Voz\u00edk jsme ale otestovali a je par\u00e1dn\u00ed,&#8220; pochvaluje si pan\u00ed Bla\u017ekov\u00e1 a d\u011bkuje d\u00e1rc\u016fm i firm\u011b Krosmedical z Velvar, kter\u00e1 repasovan\u00fd voz\u00edk upravila p\u0159esn\u011b podle p\u0159\u00e1n\u00ed z\u00e1kazn\u00edk\u016f. Nap\u0159\u00edklad ovl\u00e1d\u00e1n\u00ed p\u0159esunula dozadu, aby elektrick\u00fd pohon voz\u00edku mohl ovl\u00e1dat Pep\u016fv doprovod.<br \/>\nPoda\u0159\u00ed se Pepovi dostat se do stavu, v jak\u00e9m byl p\u0159ed nehodou? V tuto chv\u00edli se jak\u00e9mukoliv odhadu br\u00e1n\u00ed i l\u00e9ka\u0159i, neradi by se op\u011bt spletli. Pep\u016fv p\u0159\u00edpad je toti\u017e d\u016fkazem toho, \u017ee z\u00e1zraky se d\u011bj\u00ed. Snad jich m\u00e1 Je\u017e\u00ed\u0161ek je\u0161t\u011b n\u011bkolik v z\u00e1loze.<\/p>\n<table class=\"docHdrTable\">\n<tbody>\n<tr>\n<td class=\"docHdrNavesti\"><\/td>\n<td><a href=\"http:\/\/www.boleslavsky.denik.cz\" target=\"_blank\">http:\/\/www.boleslavsky.denik.cz<\/a><\/td>\n<\/tr>\n<\/tbody>\n<\/table>\n","protected":false},"excerpt":{"rendered":"<div class=\"mh-excerpt\"><p>L\u00e9ka\u0159i jeho p\u0159\u00edpad hodnotili jako beznad\u011bjn\u00fd. Dnes se mlad\u00fd mu\u017e zotavuje a t\u011b\u0161\u00ed na proch\u00e1zky s nov\u00fdm voz\u00edkem<\/p>\n<\/div>","protected":false},"author":1,"featured_media":14121,"comment_status":"open","ping_status":"closed","sticky":false,"template":"","format":"standard","meta":{"footnotes":""},"categories":[9],"tags":[],"class_list":["post-19081","post","type-post","status-publish","format-standard","has-post-thumbnail","hentry","category-zpravy"],"_links":{"self":[{"href":"https:\/\/www.invarena.cz\/index.php?rest_route=\/wp\/v2\/posts\/19081","targetHints":{"allow":["GET"]}}],"collection":[{"href":"https:\/\/www.invarena.cz\/index.php?rest_route=\/wp\/v2\/posts"}],"about":[{"href":"https:\/\/www.invarena.cz\/index.php?rest_route=\/wp\/v2\/types\/post"}],"author":[{"embeddable":true,"href":"https:\/\/www.invarena.cz\/index.php?rest_route=\/wp\/v2\/users\/1"}],"replies":[{"embeddable":true,"href":"https:\/\/www.invarena.cz\/index.php?rest_route=%2Fwp%2Fv2%2Fcomments&post=19081"}],"version-history":[{"count":0,"href":"https:\/\/www.invarena.cz\/index.php?rest_route=\/wp\/v2\/posts\/19081\/revisions"}],"wp:featuredmedia":[{"embeddable":true,"href":"https:\/\/www.invarena.cz\/index.php?rest_route=\/wp\/v2\/media\/14121"}],"wp:attachment":[{"href":"https:\/\/www.invarena.cz\/index.php?rest_route=%2Fwp%2Fv2%2Fmedia&parent=19081"}],"wp:term":[{"taxonomy":"category","embeddable":true,"href":"https:\/\/www.invarena.cz\/index.php?rest_route=%2Fwp%2Fv2%2Fcategories&post=19081"},{"taxonomy":"post_tag","embeddable":true,"href":"https:\/\/www.invarena.cz\/index.php?rest_route=%2Fwp%2Fv2%2Ftags&post=19081"}],"curies":[{"name":"wp","href":"https:\/\/api.w.org\/{rel}","templated":true}]}}