{"id":19099,"date":"2014-12-29T12:52:25","date_gmt":"2014-12-29T11:52:25","guid":{"rendered":"http:\/\/www.invarena.cz\/?p=19099"},"modified":"2014-12-29T12:52:25","modified_gmt":"2014-12-29T11:52:25","slug":"rok-po-vazne-nehode-zustava-schumacheruv-zdravotni-stav-vazny","status":"publish","type":"post","link":"https:\/\/www.invarena.cz\/?p=19099","title":{"rendered":"Rok po v\u00e1\u017en\u00e9 nehod\u011b z\u016fst\u00e1v\u00e1 Schumacher\u016fv zdravotn\u00ed stav v\u00e1\u017en\u00fd"},"content":{"rendered":"<p><strong>Chronologie nejv\u00fdznamn\u011bj\u0161\u00edch ud\u00e1lost\u00ed od v\u00e1\u017en\u00e9 nehody b\u00fdval\u00e9ho n\u011bmeck\u00e9ho pilota formule 1 Michaela Schumachera (45), kterou sedmin\u00e1sobn\u00fd mistr sv\u011bta utrp\u011bl p\u0159ed rokem p\u0159i ly\u017eov\u00e1n\u00ed v Alp\u00e1ch:<\/strong><!--more--><br \/>\n29. prosince 2013 &#8211; P\u0159i ly\u017eov\u00e1n\u00ed na sjezdovce v M\u00e9ribelu se Schumacher vydal mimo zna\u010denou tra\u0165 pomoci dce\u0159i sv\u00e9ho p\u0159\u00edtele, p\u0159i tom ale s\u00e1m zakopl o k\u00e1men ukryt\u00fd pod sn\u011bhem a pot\u00e9 narazil hlavou do dal\u0161\u00edho balvanu. P\u0159esto\u017ee m\u011bl helmu a v okam\u017eiku p\u00e1du nejel nijak rychle, n\u00e1sledky nehody byly velmi v\u00e1\u017en\u00e9. Po leteck\u00e9m transportu do nemocnice v Grenoblu musel Schumacher absolvovat dv\u011b operace mozku, od po\u010d\u00e1tku byl nav\u00edc udr\u017eov\u00e1n v um\u011bl\u00e9m sp\u00e1nku.<br \/>\nKonec ledna 2014 &#8211; L\u00e9ka\u0159i pozvolna za\u010dali s jeho probouzen\u00edm z um\u011bl\u00e9ho sp\u00e1nku.<br \/>\nDuben 2014 &#8211; Schumacherova mana\u017eerka Sabine Kehmov\u00e1 ozn\u00e1mila, \u017ee slavn\u00fd jezdec chv\u00edlemi &#8222;vykazuje zn\u00e1mky probouzen\u00ed a v\u011bdom\u00ed&#8220;.<br \/>\n\u010cerven 2014 &#8211; Schumacher se po p\u011bti a p\u016fl m\u011bs\u00edc\u00edch probral z k\u00f3matu a byl p\u0159evezen z nemocnice v Grenoblu na univerzitn\u00ed kliniku ve \u0161v\u00fdcarsk\u00e9m Lausanne.<br \/>\nZ\u00e1\u0159\u00ed 2014 &#8211; Schumacher byl propu\u0161t\u011bn z kliniky v Lausanne, aby mohl pokra\u010dovat v rehabilitaci v dom\u00e1c\u00edch podm\u00ednk\u00e1ch. Jeho mana\u017eerka uvedla, \u017ee &#8222;v posledn\u00edch t\u00fddnech a m\u011bs\u00edc\u00edch ud\u011blal Michael pokroky odpov\u00eddaj\u00edc\u00ed z\u00e1va\u017enosti zran\u011bn\u00ed, ale st\u00e1le je p\u0159ed n\u00edm dlouh\u00e1 a slo\u017eit\u00e1 cesta&#8220;.<br \/>\n13. listopadu 2014 &#8211; Po n\u011bkolika m\u011bs\u00edc\u00edch byla v den 20. v\u00fdro\u010d\u00ed Schumacherova premi\u00e9rov\u00e9ho triumfu v seri\u00e1lu MS znovu aktivov\u00e1na jeho ofici\u00e1ln\u00ed internetov\u00e1 str\u00e1nka. Jeho skute\u010dn\u00fd zdravotn\u00ed stav z\u016fstal i nad\u00e1le nejasn\u00fd.<\/p>\n","protected":false},"excerpt":{"rendered":"<div class=\"mh-excerpt\"><p>Chronologie nejv\u00fdznamn\u011bj\u0161\u00edch ud\u00e1lost\u00ed od v\u00e1\u017en\u00e9 nehody b\u00fdval\u00e9ho n\u011bmeck\u00e9ho pilota formule 1 Michaela Schumachera (45), kterou sedmin\u00e1sobn\u00fd mistr sv\u011bta utrp\u011bl p\u0159ed rokem p\u0159i ly\u017eov\u00e1n\u00ed v Alp\u00e1ch:<\/p>\n<\/div>","protected":false},"author":1,"featured_media":0,"comment_status":"open","ping_status":"closed","sticky":false,"template":"","format":"standard","meta":{"footnotes":""},"categories":[9],"tags":[],"class_list":["post-19099","post","type-post","status-publish","format-standard","hentry","category-zpravy"],"_links":{"self":[{"href":"https:\/\/www.invarena.cz\/index.php?rest_route=\/wp\/v2\/posts\/19099","targetHints":{"allow":["GET"]}}],"collection":[{"href":"https:\/\/www.invarena.cz\/index.php?rest_route=\/wp\/v2\/posts"}],"about":[{"href":"https:\/\/www.invarena.cz\/index.php?rest_route=\/wp\/v2\/types\/post"}],"author":[{"embeddable":true,"href":"https:\/\/www.invarena.cz\/index.php?rest_route=\/wp\/v2\/users\/1"}],"replies":[{"embeddable":true,"href":"https:\/\/www.invarena.cz\/index.php?rest_route=%2Fwp%2Fv2%2Fcomments&post=19099"}],"version-history":[{"count":0,"href":"https:\/\/www.invarena.cz\/index.php?rest_route=\/wp\/v2\/posts\/19099\/revisions"}],"wp:attachment":[{"href":"https:\/\/www.invarena.cz\/index.php?rest_route=%2Fwp%2Fv2%2Fmedia&parent=19099"}],"wp:term":[{"taxonomy":"category","embeddable":true,"href":"https:\/\/www.invarena.cz\/index.php?rest_route=%2Fwp%2Fv2%2Fcategories&post=19099"},{"taxonomy":"post_tag","embeddable":true,"href":"https:\/\/www.invarena.cz\/index.php?rest_route=%2Fwp%2Fv2%2Ftags&post=19099"}],"curies":[{"name":"wp","href":"https:\/\/api.w.org\/{rel}","templated":true}]}}