{"id":19124,"date":"2015-01-05T10:08:01","date_gmt":"2015-01-05T09:08:01","guid":{"rendered":"http:\/\/www.invarena.cz\/?p=19124"},"modified":"2015-01-05T10:08:01","modified_gmt":"2015-01-05T09:08:01","slug":"nase-pece-je-dostupna-take-behem-vikendu-a-svatku","status":"publish","type":"post","link":"https:\/\/www.invarena.cz\/?p=19124","title":{"rendered":"Na\u0161e p\u00e9\u010de je dostupn\u00e1 tak\u00e9 b\u011bhem v\u00edkend\u016f a sv\u00e1tk\u016f"},"content":{"rendered":"<p><strong>Obecn\u011b prosp\u011b\u0161n\u00e1 spole\u010dnost Spokojen\u00fd domov p\u016fsob\u00ed na hranici t\u0159\u00ed kraj\u016f. Jedn\u00edm z\u00a0nich je i\u00a0Kr\u00e1lov\u00e9hradeck\u00fd kraj, kde \u010dinnost organizace zasahuje do okol\u00ed Jinolic a Libun\u011b.<\/strong><!--more--><\/p>\n<p>Ji\u010d\u00ednsko \u2013 Obecn\u011b prosp\u011b\u0161n\u00e1 spole\u010dnost Spokojen\u00fd domov p\u016fsob\u00ed na hranici t\u0159\u00ed kraj\u016f. Jedn\u00edm z\u00a0nich je i\u00a0Kr\u00e1lov\u00e9hradeck\u00fd kraj, kde \u010dinnost organizace zasahuje do okol\u00ed Jinolic a Libun\u011b. P\u0159in\u00e1\u0161\u00edme rozhovor s\u00a0mluv\u010d\u00edm spole\u010dnosti Petrem Nov\u00e1kem.<\/p>\n<p>Co je ve Spokojen\u00e9m domov\u011b va\u0161\u00edm c\u00edlem?<\/p>\n<p>Na\u0161\u00edm c\u00edlem je pe\u010dovat o\u00a0seniory a hendikepovan\u00e9 ob\u010dany v\u00a0jejich dom\u00e1cnostech. To znamen\u00e1, \u017ee jde o\u00a0pe\u010dovatelskou slu\u017ebu a osobn\u00ed asistenci. Smyslem je, \u017ee se lid\u00e9 nemus\u00ed st\u011bhovat do domov\u016f pro seniory, l\u00e9\u010deben dlouhodob\u011b nemocn\u00fdch a podobn\u00fdch za\u0159\u00edzen\u00ed. Tak\u00e9 jde o\u00a0to, \u017ee si m\u016f\u017ee odpo\u010dinout rodina posti\u017een\u00fdch. A\u00a0je\u0161t\u011b na\u0161\u00edm specifikem je, \u017ee se orientujeme na mal\u00e9 obce a \u017ee na\u0161e p\u00e9\u010de je dostupn\u00e1 p\u0159edev\u0161\u00edm b\u011bhem ve\u010der\u016f, v\u00edkend\u016f a sv\u00e1tk\u016f. To jsou takov\u00e9 na\u0161e pil\u00ed\u0159e.<\/p>\n<p>Kde p\u016fsob\u00edte?<\/p>\n<p>Za\u010dali jsme v\u00a0Mnichov\u011b Hradi\u0161ti a postupn\u011b se na\u0161e p\u016fsobnost roz\u0161i\u0159ovala, jak vzr\u016fstal z\u00e1jem mezi klienty. Nyn\u00ed jsme na v\u011bt\u0161in\u011b okresu Mlad\u00e1 Boleslav, potom je to Turnov a okol\u00ed, v\u010detn\u011b vesni\u010dek, a \u010d\u00e1st Ji\u010d\u00ednska, hlavn\u011b v\u00a0Jinolic\u00edch a Libuni.<\/p>\n<p>Slavili jste des\u00e1t\u00e9 v\u00fdro\u010d\u00ed zalo\u017een\u00ed. Co vlastn\u011b tehdy bylo t\u00edm hlavn\u00edm impulzem vzniku?<\/p>\n<p>Na\u0161e zakladatelka Kamila Sedl\u00e1kov\u00e1 od roku 1998\u00a0\u0159\u00eddila nest\u00e1tn\u00ed zdravotnick\u00e9 za\u0159\u00edzen\u00ed. Spousta lid\u00ed si ale plete zdravotnick\u00e9 slu\u017eby se soci\u00e1ln\u00edmi. P\u0159itom zdroje financov\u00e1n\u00ed jsou \u00fapln\u011b odli\u0161n\u00e9, nen\u00ed mo\u017en\u00e9 to sm\u011b\u0161ovat. Pod pojmem zdravotnick\u00e9 slu\u017eby si p\u0159edstavme \u010dinnosti jako nap\u0159\u00edklad p\u00edch\u00e1n\u00ed injekc\u00ed, p\u0159evazy. Do soci\u00e1ln\u00ed p\u00e9\u010de t\u0159eba spad\u00e1 pomoc s\u00a0hygienou a j\u00eddlem. Aby se pan\u00ed Sedl\u00e1kov\u00e1 vyhnula tomu, \u017ee klienti krom\u011b zdravotn\u00ed p\u00e9\u010de za\u010dnou po\u017eadovat i\u00a0tu soci\u00e1ln\u00ed, na co\u017e by nebyly prost\u0159edky, zalo\u017eila ob\u010dansk\u00e9 sdru\u017een\u00ed. S\u00eddlilo v\u00a0Mnichov\u011b Hradi\u0161ti a u\u017e od za\u010d\u00e1tku byly prioritou mal\u00e9 obce. Tehdy to bylo docela pr\u016fkopnick\u00e9, dnes u\u017e je nab\u00eddka v\u011bt\u0161\u00ed. Postupn\u011b jsme se roz\u0161i\u0159ovali a jednou z\u00a0kl\u00ed\u010dov\u00fdch zm\u011bn byla transformace na obecn\u011b prosp\u011b\u0161nou spole\u010dnost, kter\u00e1 se uskute\u010dnila v\u00a0roce 2012.<\/p>\n<p>To je slo\u017eit\u011bj\u0161\u00ed organizace ne\u017e ob\u010dansk\u00e9 sdru\u017een\u00ed?<\/p>\n<p>Na jednu stranu je to slo\u017eit\u011bj\u0161\u00ed, na druhou se otev\u0159ely nov\u00e9 mo\u017enosti p\u0159iv\u00fdd\u011blku. Dnes u\u017e by ani ob\u010dansk\u00e9 sdru\u017een\u00ed nem\u011blo jako poskytovatel slu\u017eeb t\u0159et\u00edm osob\u00e1m fungovat. Bylo to tedy pro n\u00e1s nutn\u00e9.<\/p>\n<p>Kolik lid\u00ed nyn\u00ed pracuje pro Spokojen\u00fd domov?<\/p>\n<p>Celkov\u011b je to okolo t\u0159iceti, ale jsou v\u00a0tom zapo\u010d\u00edt\u00e1ny i\u00a0brig\u00e1dnice, tedy nejenom pe\u010dovatelky na hlavn\u00ed pracovn\u00ed pom\u011br. Logicky mus\u00edme vyu\u017e\u00edvat v\u0161echny s\u00edly. Vzhledem k\u00a0zam\u011b\u0159en\u00ed na\u0161\u00ed pr\u00e1ce na ve\u010dery a v\u00edkendy mus\u00edme b\u00fdt flexibiln\u00ed. Brig\u00e1dnice v\u011bt\u0161inou n\u011bkde pracuj\u00ed a k\u00a0n\u00e1m chod\u00ed jenom vypom\u00e1hat, pokud je to nutn\u00e9.<\/p>\n<p>Slu\u017eby poskytujete bezplatn\u011b, nebo ne?<\/p>\n<p>Vyhl\u00e1\u0161ka stanovuje maxim\u00e1ln\u00ed \u00fahradu za hodinu ve v\u00fd\u0161i sto dvacet korun. Existuj\u00ed ale slevy pro klienty, kte\u0159\u00ed slu\u017eby odeb\u00edraj\u00ed v\u00edce a dlouhodob\u011b. Sna\u017e\u00edme se o\u00a0kompromis. Na druhou stranu na\u0161e n\u00e1klady jsou pom\u011brn\u011b vysok\u00e9. Jsou d\u00e1ny i\u00a0t\u00edm, \u017ee jezd\u00edme do vesnic. Slu\u017eba, kter\u00e1 by prob\u00edhala v\u00a0jednom s\u00eddle, kde by klienty sta\u010dilo ob\u011bhat, samoz\u0159ejm\u011b takov\u00e9 finan\u010dn\u00ed n\u00e1roky nem\u00e1. Souvis\u00ed s\u00a0t\u00edm tak\u00e9 n\u00e1ro\u010dnost \u010dasov\u00e1. V\u00edme, \u017ee 120\u00a0korun je docela hodn\u011b, ale bohu\u017eel tato \u010d\u00e1stka ani nepokryje na\u0161e n\u00e1klady, a proto je\u0161t\u011b mus\u00edme p\u0159ij\u00edmat dotace.<\/p>\n<p>Jak o\u00a0sob\u011b d\u00e1v\u00e1te v\u011bd\u011bt? Jak se klienti mohou dozv\u011bd\u011bt o\u00a0tom, \u017ee existujete a jak\u00e9 slu\u017eby nab\u00edz\u00edte?<\/p>\n<p>Je to skrze praktick\u00e9 l\u00e9ka\u0159e, nemocnice, l\u00e9\u010debny dlouhodob\u011b nemocn\u00fdch, pokud tato za\u0159\u00edzen\u00ed propou\u0161t\u00ed klienta. Potom to jsou obecn\u00ed \u00fa\u0159ady, region\u00e1ln\u00ed tisk, webov\u00e9 str\u00e1nky a tak\u00e9 vyd\u00e1v\u00e1me vlastn\u00ed \u010dasopis. Je to zpravodaj, kter\u00fd distribuujeme v\u00a0r\u016fzn\u00fdch \u010d\u00e1stech regionu, kde p\u016fsob\u00edme. Nemluv\u00edme v\u00a0n\u011bm jenom o\u00a0sob\u011b, ale soust\u0159ed\u00edme se tak\u00e9 na volno\u010dasov\u00e9 aktivity, m\u00edstn\u00ed historii a ud\u00e1losti v\u00a0regionu. P\u0159in\u00e1\u0161\u00edme v\u00a0n\u011bm tak\u00e9 informace ze soci\u00e1ln\u00ed, zdravotnick\u00e9 a pr\u00e1vn\u00ed oblasti a tak\u00e9 o\u00a0spolupracuj\u00edc\u00edch organizac\u00edch.<\/p>\n<p>Je n\u011bco, co v\u00e1s tr\u00e1p\u00ed? N\u011bjak\u00fd probl\u00e9m, kter\u00fd by m\u011bl t\u0159eba st\u00e1t \u0159e\u0161it?<\/p>\n<p>Tr\u00e1p\u00ed n\u00e1s samoz\u0159ejm\u011b pen\u00edze, to ale nen\u00ed nic p\u0159ekvapiv\u00e9ho. Trochu to rozvedu. Soci\u00e1ln\u00ed slu\u017eby jsou slo\u017eit\u00e1 problematika. Kdy\u017e \u0159eknu jednodu\u0161e, co konkr\u00e9tn\u011b tr\u00e1p\u00ed n\u00e1s: poskytujeme slu\u017eby na trojmez\u00ed t\u0159\u00ed kraj\u016f, tedy ve St\u0159edo\u010desk\u00e9m, Kr\u00e1lov\u00e9hradeck\u00e9m a Libereck\u00e9m. Ka\u017ed\u00fd k\u00a0financov\u00e1n\u00ed p\u0159istupuje trochu jinak. Mus\u00edme v\u0161echno vypl\u0148ovat t\u0159ikr\u00e1t, statistiky, \u017e\u00e1dosti o\u00a0dotace a podobn\u011b. Dal\u0161\u00ed v\u011bc\u00ed je, \u017ee poskytujeme slu\u017eby na mal\u00fdch obc\u00edch, co\u017e je pro klienty v\u00edtan\u00e9, ale pro n\u00e1s obrovsky n\u00e1ro\u010dn\u00e9. D\u011bl\u00e1me to z\u00a0nad\u0161en\u00ed a jde o\u00a0na\u0161i filozofii. Kdybychom na to \u0161li pragmaticky, tak p\u016fsob\u00edme jenom ve v\u011bt\u0161\u00edm m\u011bst\u011b a v\u00a0uvozovk\u00e1ch by se n\u00e1m to vyplatilo v\u00edce.<\/p>\n<p>Pov\u011bzte n\u011bco o\u00a0sv\u00fdch klientech. M\u00e1te tam t\u0159eba n\u011bjak\u00e9ho, kter\u00fd je u\u00a0v\u00e1s u\u017e pr\u00e1v\u011b t\u011bch deset let?<\/p>\n<p>Ano, to m\u00e1me. Pan\u00ed Marie Hlou\u0161kov\u00e1 z\u00a0Mnichova Hradi\u0161t\u011b m\u00e1 91\u00a0let a byla jednou z\u00a0na\u0161ich prvn\u00edch klientek. Byla hostem na\u0161eho benefi\u010dn\u00edho koncertu. P\u0159\u00edtomen byl i\u00a0hendikepovan\u00fd zp\u011bv\u00e1k Jakub Kazda z\u00a0Ji\u010d\u00edna. Potom m\u00e1me t\u0159i hendikepovan\u00e9 ob\u010dany na voz\u00ed\u010dku, kte\u0159\u00ed jsou s\u00a0n\u00e1mi u\u017e tak\u00e9 od prvopo\u010d\u00e1tku. T\u0159eba voz\u00ed\u010dk\u00e1\u0159 Jirka Flekna proslul t\u00edm, \u017ee vytv\u00e1\u0159\u00ed kreslen\u00e9 vtipy. V\u00a0Turnov\u011b byla vernis\u00e1\u017e jeho humoru. U\u017e jsme mu n\u011bkolik t\u011bchto akc\u00ed po\u0159\u00e1dali, tentokr\u00e1t je to poprv\u00e9 v\u00a0Turnov\u011b. Nevylu\u010dujeme, \u017ee to v\u00a0budoucnu zkus\u00edme i\u00a0v\u00a0Ji\u010d\u00edn\u011b.<\/p>\n<p>Ji\u010d\u00ednsk\u00fd den\u00edk<\/p>\n","protected":false},"excerpt":{"rendered":"<div class=\"mh-excerpt\"><p>Obecn\u011b prosp\u011b\u0161n\u00e1 spole\u010dnost Spokojen\u00fd domov p\u016fsob\u00ed na hranici t\u0159\u00ed kraj\u016f. Jedn\u00edm z\u00a0nich je i\u00a0Kr\u00e1lov\u00e9hradeck\u00fd kraj, kde \u010dinnost organizace zasahuje do okol\u00ed Jinolic a Libun\u011b.<\/p>\n<\/div>","protected":false},"author":1,"featured_media":19048,"comment_status":"open","ping_status":"closed","sticky":false,"template":"","format":"standard","meta":{"footnotes":""},"categories":[9],"tags":[],"class_list":["post-19124","post","type-post","status-publish","format-standard","has-post-thumbnail","hentry","category-zpravy"],"_links":{"self":[{"href":"https:\/\/www.invarena.cz\/index.php?rest_route=\/wp\/v2\/posts\/19124","targetHints":{"allow":["GET"]}}],"collection":[{"href":"https:\/\/www.invarena.cz\/index.php?rest_route=\/wp\/v2\/posts"}],"about":[{"href":"https:\/\/www.invarena.cz\/index.php?rest_route=\/wp\/v2\/types\/post"}],"author":[{"embeddable":true,"href":"https:\/\/www.invarena.cz\/index.php?rest_route=\/wp\/v2\/users\/1"}],"replies":[{"embeddable":true,"href":"https:\/\/www.invarena.cz\/index.php?rest_route=%2Fwp%2Fv2%2Fcomments&post=19124"}],"version-history":[{"count":0,"href":"https:\/\/www.invarena.cz\/index.php?rest_route=\/wp\/v2\/posts\/19124\/revisions"}],"wp:featuredmedia":[{"embeddable":true,"href":"https:\/\/www.invarena.cz\/index.php?rest_route=\/wp\/v2\/media\/19048"}],"wp:attachment":[{"href":"https:\/\/www.invarena.cz\/index.php?rest_route=%2Fwp%2Fv2%2Fmedia&parent=19124"}],"wp:term":[{"taxonomy":"category","embeddable":true,"href":"https:\/\/www.invarena.cz\/index.php?rest_route=%2Fwp%2Fv2%2Fcategories&post=19124"},{"taxonomy":"post_tag","embeddable":true,"href":"https:\/\/www.invarena.cz\/index.php?rest_route=%2Fwp%2Fv2%2Ftags&post=19124"}],"curies":[{"name":"wp","href":"https:\/\/api.w.org\/{rel}","templated":true}]}}