{"id":19160,"date":"2015-01-03T12:59:29","date_gmt":"2015-01-03T11:59:29","guid":{"rendered":"http:\/\/www.invarena.cz\/?p=19160"},"modified":"2015-01-03T12:59:29","modified_gmt":"2015-01-03T11:59:29","slug":"babyboxy-v-cr-pomohly-zachranit-uz-112-deti-funguje-63-schranek","status":"publish","type":"post","link":"https:\/\/www.invarena.cz\/?p=19160","title":{"rendered":"Babyboxy v \u010cR pomohly zachr\u00e1nit u\u017e 112 d\u011bt\u00ed, funguje 63 schr\u00e1nek"},"content":{"rendered":"<p><strong>Babyboxy v \u010cesku pomohly zachr\u00e1nit u\u017e 112 d\u011bt\u00ed. Loni se v nich na\u0161lo osm d\u011bv\u010d\u00e1tek a \u010dty\u0159i chlapci. Posledn\u00edm &#8222;p\u0159\u00edr\u016fstkem&#8220; byla 12. prosince hol\u010di\u010dka ve schr\u00e1nce v Praze 6. Dostala jm\u00e9no Jitka.<\/strong> <!--more--><\/p>\n<p>&nbsp;<\/p>\n<p><em>foto: Cris Watk \/ sxc.hu<\/em><\/p>\n<p>Vypl\u00fdv\u00e1 to ze statistik spolku Babybox pro odlo\u017een\u00e9 d\u011bti &#8211; Statim, kter\u00fd schr\u00e1nky po republice instaluje. V \u010cesku je celkem 63 babybox\u016f. P\u0159ib\u00fdvaj\u00ed dal\u0161\u00ed, star\u0161\u00ed typy se tak\u00e9 postupn\u011b m\u011bn\u00ed za modern\u00ed.<br \/>\nPrvn\u00edm d\u011btem, kter\u00e9 se v babyboxech na\u0161ly, bude letos dev\u011bt let. Prvn\u00ed schr\u00e1nka za\u010dala fungovat v roce 2005 v GynCentru v pra\u017esk\u00e9m Hloub\u011bt\u00edn\u011b. V\u016fbec prvn\u00ed odlo\u017een\u00e9 nemluvn\u011b se v n\u00ed objevilo v \u00fanoru 2006. Byla to mal\u00e1 So\u0148a. P\u0159es babybox odstartovalo sv\u016fj \u017eivot dosud 68 d\u011bv\u010dat a 44 chlapc\u016f. Celkem 18 d\u011bt\u00ed na\u0161li zdravotn\u00edci pr\u00e1v\u011b v hloub\u011bt\u00ednsk\u00e9 schr\u00e1nce.<br \/>\nNej\u010dast\u011bji lid\u00e9 odlo\u017e\u00ed novorozence do schr\u00e1nky mezi 16:00 a 20:00. V tu dobu se v n\u00ed ocitlo 28 d\u011bt\u00ed. Dal\u0161\u00edch 25 v n\u00ed pak bylo mezi 20:00 a p\u016flnoc\u00ed. Nejv\u00edc d\u011bt\u00ed se dostalo do babyboxu v z\u00e1\u0159\u00ed a v prosinci, a to po 15. Nejsiln\u011bj\u0161\u00edm dnem je \u00fater\u00fd s 22 odlo\u017een\u00fdmi d\u011btmi, n\u00e1sleduje pond\u011bl\u00ed s 21. Novorozenci se na\u0161li zat\u00edm ve \u010dty\u0159ech des\u00edtk\u00e1ch ze 63 instalovan\u00fdch schr\u00e1nek. Babyboxy se nach\u00e1zej\u00ed u nemocnic, radnic \u010di z\u00e1chrann\u00fdch slu\u017eeb. Jeden vznikl i u domova d\u016fchodc\u016f.<br \/>\nBabyboxy jsou klimatizovan\u00e9 a vyt\u00e1p\u011bn\u00e9, je v nich st\u00e1l\u00e1 teplota. Za\u0159\u00edzen\u00ed na odlo\u017een\u00e9 d\u00edt\u011b okam\u017eit\u011b upozorn\u00ed person\u00e1l, kter\u00fd se hned o novorozence postar\u00e1. Ministerstvo zdravotnictv\u00ed registruje schr\u00e1nky jako zdravotnick\u00fd prost\u0159edek. V roce 2006 z\u00edskaly ochrannou zn\u00e1mku.<br \/>\nV lo\u0148sk\u00e9m roce za\u010daly fungovat \u010dty\u0159i nov\u00e9 schr\u00e1nky. Od konce \u00fanora je v nemocnici ve Vala\u0161sk\u00e9m Mezi\u0159\u00ed\u010d\u00ed, od dubna ve svitavsk\u00e9 nemocnici, od konce \u010dervence ve st\u0159edo\u010desk\u00e9 z\u00e1chrann\u00e9 slu\u017eb\u011b v Kutn\u00e9 Ho\u0159e a od konce z\u00e1\u0159\u00ed v hav\u00ed\u0159ovsk\u00e9 nemocnici. Babybox s po\u0159adov\u00fdm \u010d\u00edslem 64 by pak m\u011bl b\u00fdt v provozu od leto\u0161n\u00edho b\u0159ezna v nemocnici ve Znojm\u011b. D\u00e1l chce veden\u00ed spolku jednat i o um\u00edst\u011bn\u00ed v dal\u0161\u00edch m\u011bstech.<br \/>\nZat\u00edmco drtiv\u00e1 v\u011bt\u0161ina \u010cech\u016f a \u010ce\u0161ek pova\u017euje babyboxy za prosp\u011b\u0161n\u00e9, V\u00fdbor OSN pro pr\u00e1va d\u00edt\u011bte v roce 2011 &#8222;v\u00e1\u017en\u011b znepokojily&#8220;. Uvedl to ve sv\u00e9 tehdej\u0161\u00ed zpr\u00e1v\u011b. Podle \u010dlen\u016f v\u00fdboru tyto \u010desk\u00e9 schr\u00e1nky poru\u0161uj\u00ed hned p\u011bt \u010dl\u00e1nk\u016f \u00famluvy o pr\u00e1vech d\u00edt\u011bte. Jsou pr\u00fd v rozporu t\u0159eba s pr\u00e1vem na \u017eivot a tak\u00e9 od narozen\u00ed na jm\u00e9no, toto\u017enost, st\u00e1tn\u00ed p\u0159\u00edslu\u0161nost \u010di mo\u017enost zn\u00e1t rodi\u010de. V\u00fdbor doporu\u010dil st\u00e1tu babyboxy zru\u0161it.<br \/>\n\u0160\u00e9f spolku a zakladatel babybox\u016f Ludv\u00edk Hess tehdy \u0159ekl, \u017ee je to nepochopen\u00ed. Podle n\u011bj je z\u00e1kladn\u00ed my\u0161lenkou \u00famluvy \u017eivot d\u011bt\u00ed chr\u00e1nit, a v tom schr\u00e1nka pom\u00e1h\u00e1. Sv\u00e9 potomky do n\u00ed toti\u017e odkl\u00e1daj\u00ed obvykle \u017eeny, kter\u00e9 se ocitly ve velmi t\u00ed\u017eiv\u00e9 situaci. Kdyby takov\u00e1 mo\u017enost nebyla, nemusely by n\u011bkter\u00e9 d\u011bti p\u0159e\u017e\u00edt.<br \/>\nSpolek u\u017e p\u0159ed p\u00e1r lety spustil kampa\u0148 na podporu babybox\u016f a k ochran\u011b necht\u011bn\u00fdch d\u011bt\u00ed. Zvolil heslo: V popelnici um\u0159u. V minulosti se toti\u017e objevilo n\u011bkolik p\u0159\u00edpad\u016f, kdy lid\u00e9 na\u0161li v odpadc\u00edch odlo\u017een\u00e9 mrtv\u00e9 novorozence.<br \/>\nPo\u010dty odlo\u017een\u00fdch d\u011bt\u00ed a nov\u00fdch babybox\u016f v jednotliv\u00fdch letech<\/p>\n<table>\n<tbody>\n<tr>\n<td>Rok<\/td>\n<td>Po\u010det d\u011bt\u00ed<\/td>\n<td>Po\u010det nov\u00fdch babybox\u016f<\/td>\n<\/tr>\n<tr>\n<td>2005<\/td>\n<td>&#8211;<\/td>\n<td>2<\/td>\n<\/tr>\n<tr>\n<td>2006<\/td>\n<td>5<\/td>\n<td>1<\/td>\n<\/tr>\n<tr>\n<td>2007<\/td>\n<td>5<\/td>\n<td>3<\/td>\n<\/tr>\n<tr>\n<td>2008<\/td>\n<td>4<\/td>\n<td>13<\/td>\n<\/tr>\n<tr>\n<td>2009<\/td>\n<td>14<\/td>\n<td>11<\/td>\n<\/tr>\n<tr>\n<td>2010<\/td>\n<td>12<\/td>\n<td>11<\/td>\n<\/tr>\n<tr>\n<td>2011<\/td>\n<td>22<\/td>\n<td>6<\/td>\n<\/tr>\n<tr>\n<td>2012<\/td>\n<td>20<\/td>\n<td>6<\/td>\n<\/tr>\n<tr>\n<td>2013<\/td>\n<td>18<\/td>\n<td>6<\/td>\n<\/tr>\n<tr>\n<td>2014<\/td>\n<td>12<\/td>\n<td>4<\/td>\n<\/tr>\n<tr>\n<td>Celkem<\/td>\n<td>112<\/td>\n<td>63<\/td>\n<\/tr>\n<\/tbody>\n<\/table>\n<p>Zdroj: spolek Babybox pro odlo\u017een\u00e9 d\u011bti &#8211; Statim<\/p>\n","protected":false},"excerpt":{"rendered":"<div class=\"mh-excerpt\"><p>Babyboxy v \u010cesku pomohly zachr\u00e1nit u\u017e 112 d\u011bt\u00ed. Loni se v nich na\u0161lo osm d\u011bv\u010d\u00e1tek a \u010dty\u0159i chlapci. Posledn\u00edm &#8222;p\u0159\u00edr\u016fstkem&#8220; byla 12. prosince hol\u010di\u010dka ve <a class=\"mh-excerpt-more\" href=\"https:\/\/www.invarena.cz\/?p=19160\" title=\"Babyboxy v \u010cR pomohly zachr\u00e1nit u\u017e 112 d\u011bt\u00ed, funguje 63 schr\u00e1nek\">[&#8230;]<\/a><\/p>\n<\/div>","protected":false},"author":1,"featured_media":14128,"comment_status":"open","ping_status":"closed","sticky":false,"template":"","format":"standard","meta":{"footnotes":""},"categories":[7],"tags":[],"class_list":["post-19160","post","type-post","status-publish","format-standard","has-post-thumbnail","hentry","category-spolecnost"],"_links":{"self":[{"href":"https:\/\/www.invarena.cz\/index.php?rest_route=\/wp\/v2\/posts\/19160","targetHints":{"allow":["GET"]}}],"collection":[{"href":"https:\/\/www.invarena.cz\/index.php?rest_route=\/wp\/v2\/posts"}],"about":[{"href":"https:\/\/www.invarena.cz\/index.php?rest_route=\/wp\/v2\/types\/post"}],"author":[{"embeddable":true,"href":"https:\/\/www.invarena.cz\/index.php?rest_route=\/wp\/v2\/users\/1"}],"replies":[{"embeddable":true,"href":"https:\/\/www.invarena.cz\/index.php?rest_route=%2Fwp%2Fv2%2Fcomments&post=19160"}],"version-history":[{"count":0,"href":"https:\/\/www.invarena.cz\/index.php?rest_route=\/wp\/v2\/posts\/19160\/revisions"}],"wp:featuredmedia":[{"embeddable":true,"href":"https:\/\/www.invarena.cz\/index.php?rest_route=\/wp\/v2\/media\/14128"}],"wp:attachment":[{"href":"https:\/\/www.invarena.cz\/index.php?rest_route=%2Fwp%2Fv2%2Fmedia&parent=19160"}],"wp:term":[{"taxonomy":"category","embeddable":true,"href":"https:\/\/www.invarena.cz\/index.php?rest_route=%2Fwp%2Fv2%2Fcategories&post=19160"},{"taxonomy":"post_tag","embeddable":true,"href":"https:\/\/www.invarena.cz\/index.php?rest_route=%2Fwp%2Fv2%2Ftags&post=19160"}],"curies":[{"name":"wp","href":"https:\/\/api.w.org\/{rel}","templated":true}]}}