{"id":19164,"date":"2015-01-03T13:08:16","date_gmt":"2015-01-03T12:08:16","guid":{"rendered":"http:\/\/www.invarena.cz\/?p=19164"},"modified":"2015-01-03T13:08:55","modified_gmt":"2015-01-03T12:08:55","slug":"ve-cvikove-a-novem-boru-se-uz-stavi-domky-pro-postizene-zeny","status":"publish","type":"post","link":"https:\/\/www.invarena.cz\/?p=19164","title":{"rendered":"Ve Cvikov\u011b a Nov\u00e9m Boru se u\u017e stav\u00ed domky pro posti\u017een\u00e9 \u017eeny"},"content":{"rendered":"<p><strong>Celkem 30 <span class=\"highlight\">zdravotn\u011b<\/span> <span class=\"highlight\">posti\u017een\u00fdch<\/span> \u017een bude \u017e\u00edt ve \u010dty\u0159ech rodinn\u00fdch domech. C\u00edlem je v\u011bt\u0161\u00ed kontakt se spole\u010dnost\u00ed \/ilustra\u010dn\u00ed foto\/<\/strong> <!--more--><\/p>\n<p>Novoborsko \u2013 N\u00e1vrat z periferie do center d\u011bn\u00ed a za v\u011bt\u0161\u00ed samostatnost\u00ed a v\u011bt\u0161\u00edm kontaktem se spole\u010dnost\u00ed u\u017e pro <span class=\"highlight\">zdravotn\u011b<\/span> <span class=\"highlight\">posti\u017een\u00e9<\/span> \u017eeny z \u010ceskolipska z\u00edsk\u00e1v\u00e1 re\u00e1ln\u00e9 obrysy. Stavba rodinn\u00fdch domk\u016f na Novoborsku, ve kter\u00fdch maj\u00ed naj\u00edt nov\u00e9 z\u00e1zem\u00ed, pr\u00e1v\u011b za\u010d\u00edn\u00e1.<br \/>\nVe Cvikov\u011b, kde vyroste jeden obytn\u00fd domek a vedle n\u011bj aktiviza\u010dn\u00ed centrum se z\u00e1zem\u00edm pro management, u\u017e v z\u00e1v\u011bru uplynul\u00e9ho roku prob\u011bhly p\u0159\u00edpravn\u00e9 pr\u00e1ce, v Nov\u00e9m Boru, kde vyrostou dal\u0161\u00ed dva obytn\u00e9 domy, si stavebn\u00ed firma p\u0159evezme lokalitu u\u017e toto pond\u011bl\u00ed 5.<br \/>\nledna. Hotovo m\u00e1 b\u00fdt na obou m\u00edstech do \u0159\u00edjna leto\u0161n\u00edho roku.<br \/>\n&#8222;U n\u00e1s domky vyrostou z\u00e1padn\u011b od n\u00e1m\u011bst\u00ed, sm\u011brem k Pivovarsk\u00e9 ulici. Jde o lokalitu, kterou jsme p\u0159evedli na Libereck\u00fd kraj a ten na stavbu domk\u016f p\u0159ipravil projekt. Staveni\u0161t\u011b u\u017e bylo p\u0159ed\u00e1no,&#8220; potvrdil za Cvikov starosta Jaroslav \u0160vehla.<br \/>\nDo obytn\u00fdch dom\u016f se p\u0159est\u011bhuj\u00ed klientky z \u017eensk\u00e9ho Domova pro osoby se zdravotn\u00edm posti\u017een\u00edm v Ma\u0159enic\u00edch. Domov tady le\u017e\u00ed mimo obec, m\u00e1 nevhodnou polohu a je slo\u017eit\u011b dostupn\u00fd. Pr\u00e1v\u011b proto ho Libereck\u00fd kraj za\u0159adil do projektu Podpora transformace soci\u00e1ln\u00edch slu\u017eeb. C\u00edlem je p\u0159ev\u00e9st klientky a soci\u00e1ln\u00ed slu\u017eby do m\u00edst s b\u011b\u017enou z\u00e1stavbou a dostupnou s\u00edt\u00ed ve\u0159ejn\u00fdch slu\u017eeb.<br \/>\n&#8222;Kapacita nov\u00e9ho projektu je 30 lid\u00ed, ve Cvikov\u011b bychom m\u011bli m\u00edt dev\u011bt u\u017eivatel\u016f a v Nov\u00e9m Boru jedenadvacet s t\u00edm, \u017ee ti novobor\u0161t\u00ed budou auty nebo autobusem p\u0159ej\u00ed\u017ed\u011bt za aktiviza\u010dn\u00edmi \u010dinnostmi do Cvikova. V domech budou rozd\u011bleni do byt\u016f maxim\u00e1ln\u011b po t\u0159ech. Sou\u010d\u00e1st\u00ed bude i garsonka jen pro dva lidi nebo garsonka pro jednoho, abychom byli variabiln\u00ed a p\u0159ipraven\u00ed na popt\u00e1vku z \u010ceskolipska,&#8220; \u0159\u00edk\u00e1 Petra Br\u00f6cklov\u00e1, \u0159editelka \u017eensk\u00e9ho Domova pro osoby se zdravotn\u00edm posti\u017een\u00edm v Ma\u0159enic\u00edch.<br \/>\nCvikov byl v r\u00e1mci projektu up\u0159ednostn\u011bn jako s\u00eddlo aktiviza\u010dn\u00edho centra p\u0159ed Nov\u00fdm Borem, proto\u017ee obdobn\u00e1 slu\u017eba funguje u\u017e v \u010cesk\u00e9 L\u00edp\u011b a c\u00edlem projektu bylo tak\u00e9 l\u00e9pe pokr\u00fdt nab\u00eddku t\u00e9to soci\u00e1ln\u00ed slu\u017eby v r\u00e1mci \u010ceskolipska, tedy zahrnout i oblast mezi Nov\u00fdm Borem a Jablonn\u00fdm v Podje\u0161t\u011bd\u00ed.<\/p>\n<p>V Domov\u011b v Ma\u0159enic\u00edch v tuto chv\u00edli pob\u00fdv\u00e1 25 <span class=\"highlight\">zdravotn\u011b<\/span> <span class=\"highlight\">posti\u017een\u00fdch<\/span> \u017een. &#8222;Nov\u00e9 u\u017e nep\u0159ij\u00edm\u00e1me, t\u00edm p\u00e1dem se n\u00e1m u\u017e nyn\u00ed otev\u00edr\u00e1 p\u011bt voln\u00fdch m\u00edst, kter\u00e9 zapln\u00edme z\u00e1jemci pr\u00e1v\u011b z t\u00e9 \u010d\u00e1sti \u010ceskolipska, na kterou se chceme zam\u011b\u0159it,&#8220; doplnila Br\u00f6cklov\u00e1.<br \/>\nPodle n\u00ed se ma\u0159enick\u00fd domov u\u017e v\u00edce jak dva roky p\u0159ipravuje na zm\u011bnu, kter\u00e1 by m\u011bla letos nastat. <span class=\"highlight\">Zdravotn\u011b<\/span> <span class=\"highlight\">posti\u017een\u00fdch<\/span> \u017een z Ma\u0159enic se dotkne p\u0159edev\u0161\u00edm ve form\u011b v\u011bt\u0161\u00ed nez\u00e1vislosti, kter\u00e9 by m\u011bly v nov\u00fdch bytech z\u00edskat.<br \/>\nV klasick\u00e9m \u00fastavu dost\u00e1v\u00e1 \u010dlov\u011bk stoprocentn\u00ed servis bez sv\u00e9 vlastn\u00ed invence a mo\u017enosti volby. V\u0161echno m\u00e1 zaji\u0161t\u011bn\u00e9 a v d\u016fsledku toho se st\u00e1v\u00e1 \u010d\u00edm d\u00e1l v\u00edc z\u00e1visl\u00fd na druh\u00fdch lidech, na tom, kdo mu vypere, kdo mu ukl\u00edz\u00ed nebo kdo mu uva\u0159\u00ed. Na\u0161\u00edm c\u00edlem ale je, aby ka\u017ed\u00fd dostal podporu podle sv\u00e9 pot\u0159eby,&#8220; objasnila Br\u00f6cklov\u00e1.<br \/>\nP\u0159esun do center v\u011bt\u0161\u00edch m\u011bst nevn\u00edm\u00e1 \u0159editelka jako zm\u011bnu pro sv\u00e9 klientky, ale sp\u00ed\u0161e n\u00e1vrat.<br \/>\nNa\u0161e \u017eeny jsou sice u\u017e star\u0161\u00ed, ale mnoh\u00e9 z nich bydlely v rodin\u00e1ch, pracovaly, mnoh\u00e9 z nich m\u011bly d\u011bti. Ve sv\u00e9m mlad\u0161\u00edm v\u011bku byly produktivn\u00ed. T\u00edm, \u017ee p\u0159e\u0161ly do \u00fastavu, nav\u00edc v podstat\u011b na samot\u011b u lesa jako je ten n\u00e1\u0161, tak se jim rapidn\u011b zm\u011bnil \u017eivot. A n\u00e1\u0161 pl\u00e1n je te\u010f podniknout n\u00e1vrat do spole\u010dnosti,&#8220; vysv\u011btlila Petra Br\u00f6cklov\u00e1.<\/p>\n<p>P\u0159\u00edprava na n\u00e1vrat<\/p>\n<p>\u017deny se na sv\u016fj velk\u00fd n\u00e1vrat p\u0159ipravuj\u00ed v Ma\u0159enic\u00edch nap\u0159\u00edklad t\u00edm, \u017ee si samy pro sebe p\u0159ipravuj\u00ed ve\u010de\u0159e.<br \/>\nSamoz\u0159ejm\u011b s velkou m\u00edrou podpory asistent\u016f, ale ten pocit ze seberealizace, z toho, \u017ee n\u011bco zvl\u00e1dnou samy a jsou za to ocen\u011bn\u00e9, je d\u016fle\u017eit\u00fd. &#8222;Podobn\u011b pracujeme i nap\u00e9\u010di o sebe nebo o dom\u00e1cnost. Proto u nich ten p\u0159esun nevyvol\u00e1v\u00e1 pocit strachu, ale sp\u00ed\u0161e o\u010dek\u00e1v\u00e1n\u00ed, jak to samy zvl\u00e1dnou,&#8220; dodala \u0159editelka.<\/p>\n<p><a href=\"http:\/\/www.ceskolipsky.denik.cz\/\" target=\"_blank\">http:\/\/www.ceskolipsky.denik.cz\/<\/a><\/p>\n","protected":false},"excerpt":{"rendered":"<div class=\"mh-excerpt\"><p>Celkem 30 zdravotn\u011b posti\u017een\u00fdch \u017een bude \u017e\u00edt ve \u010dty\u0159ech rodinn\u00fdch domech. C\u00edlem je v\u011bt\u0161\u00ed kontakt se spole\u010dnost\u00ed \/ilustra\u010dn\u00ed foto\/<\/p>\n<\/div>","protected":false},"author":1,"featured_media":17958,"comment_status":"open","ping_status":"closed","sticky":false,"template":"","format":"standard","meta":{"footnotes":""},"categories":[9],"tags":[],"class_list":["post-19164","post","type-post","status-publish","format-standard","has-post-thumbnail","hentry","category-zpravy"],"_links":{"self":[{"href":"https:\/\/www.invarena.cz\/index.php?rest_route=\/wp\/v2\/posts\/19164","targetHints":{"allow":["GET"]}}],"collection":[{"href":"https:\/\/www.invarena.cz\/index.php?rest_route=\/wp\/v2\/posts"}],"about":[{"href":"https:\/\/www.invarena.cz\/index.php?rest_route=\/wp\/v2\/types\/post"}],"author":[{"embeddable":true,"href":"https:\/\/www.invarena.cz\/index.php?rest_route=\/wp\/v2\/users\/1"}],"replies":[{"embeddable":true,"href":"https:\/\/www.invarena.cz\/index.php?rest_route=%2Fwp%2Fv2%2Fcomments&post=19164"}],"version-history":[{"count":0,"href":"https:\/\/www.invarena.cz\/index.php?rest_route=\/wp\/v2\/posts\/19164\/revisions"}],"wp:featuredmedia":[{"embeddable":true,"href":"https:\/\/www.invarena.cz\/index.php?rest_route=\/wp\/v2\/media\/17958"}],"wp:attachment":[{"href":"https:\/\/www.invarena.cz\/index.php?rest_route=%2Fwp%2Fv2%2Fmedia&parent=19164"}],"wp:term":[{"taxonomy":"category","embeddable":true,"href":"https:\/\/www.invarena.cz\/index.php?rest_route=%2Fwp%2Fv2%2Fcategories&post=19164"},{"taxonomy":"post_tag","embeddable":true,"href":"https:\/\/www.invarena.cz\/index.php?rest_route=%2Fwp%2Fv2%2Ftags&post=19164"}],"curies":[{"name":"wp","href":"https:\/\/api.w.org\/{rel}","templated":true}]}}