{"id":19167,"date":"2015-01-03T13:15:32","date_gmt":"2015-01-03T12:15:32","guid":{"rendered":"http:\/\/www.invarena.cz\/?p=19167"},"modified":"2015-01-03T13:15:32","modified_gmt":"2015-01-03T12:15:32","slug":"v-nouzi-pomahaji-bez-rozdilu","status":"publish","type":"post","link":"https:\/\/www.invarena.cz\/?p=19167","title":{"rendered":"V nouzi pom\u00e1haj\u00ed, bez rozd\u00edlu"},"content":{"rendered":"<p><strong>P\u0159\u00edpad \u0161esti\u010dlenn\u00e9 rodiny, kter\u00e1 po po\u017e\u00e1ru na Silvestra z\u016fstala bez st\u0159echy nad hlavou, vyvol\u00e1v\u00e1 \u0159adu emoc\u00ed. Je t\u0159eba se pod\u00edvat na v\u011bc i z druh\u00e9 strany. Je mo\u017en\u00e9, \u017ee \u0161lo o tzv. obchod s chudobou. N\u00e1jem od st\u00e1tu.<\/strong> <!--more--><\/p>\n<p>Jablonec n. N. \u2013 &#8222;Jeden z majitel\u016f je n\u011bkde v Praze, druh\u00fd snad na ostrov\u011b Man. Neda\u0159\u00ed se je sehnat&#8230;&#8220; Takov\u00fd je zat\u00edm v\u00fdsledek snahy o kontaktov\u00e1n\u00ed majitel\u016f panelov\u00e9ho domu na s\u00eddli\u0161ti \u0160umava, kde na Silvestra ho\u0159elo. Bez st\u0159echy nad hlavou i osobn\u00edch v\u011bc\u00ed z\u016fstali dva dosp\u011bl\u00ed a \u010dty\u0159i d\u011bti, jejich pejsek po\u017e\u00e1r nep\u0159e\u017eil. \u010cist\u011b povle\u010den\u00e9 postele, p\u00e1r hra\u010dek pro caparty a z\u00e1kladn\u00ed &#8222;dom\u00e1c\u00ed&#8220; oble\u010den\u00ed pro mal\u00e9 i pro dosp\u011bl\u00e9, miska cukrov\u00ed, ovoce, CD s poh\u00e1dkou i omalov\u00e1nky s pastelkami. To v\u0161echno p\u0159ipravili operativn\u011b \u010dlenov\u00e9 jabloneck\u00e9ho \u010cesk\u00e9ho \u010derven\u00e9ho k\u0159\u00ed\u017ee. &#8222;Pro n\u00e1s to byl ostr\u00fd v\u00fdjezd na v\u00fdzvu. Cen\u00edm si, \u017ee dobrovoln\u00edci, by\u0165 byl Silvestr, dorazili do t\u0159iceti minut se v\u0161\u00edm pot\u0159ebn\u00fdm na m\u00edsto,&#8220; chv\u00e1l\u00ed dobrovoln\u00e9 \u010dleny humanit\u00e1rn\u00ed jednotky \u010c\u010cK, jeho \u0159editelka Kate\u0159ina Havlov\u00e1.<br \/>\nNejde ale jen o materi\u00e1ln\u00ed pomoc. Ka\u017ed\u00e1 takov\u00e1 ud\u00e1lost s sebou p\u0159in\u00e1\u0161\u00ed velk\u00fd stres a rodina, <span class=\"highlight\">posti\u017een\u00e1<\/span> ztr\u00e1tou domova, ale i zv\u00ed\u0159ete a sv\u00fdch v\u011bc\u00ed, nemus\u00ed situaci &#8222;un\u00e9st&#8220;. &#8222;Na\u0161i \u010dlenov\u00e9 jsou pro\u0161koleni odborn\u00edky na poskytnut\u00ed psychosoci\u00e1ln\u00ed pomoci v takov\u00fdch p\u0159\u00edpadech. I tu jsme evakuovan\u00fdm nab\u00eddli,&#8220; vysv\u011btlila Havlov\u00e1.<br \/>\nA kdo za ohn\u011bm stoj\u00ed? F\u00e1my let\u00ed rychle. \u0160u\u0161kalo se a po soci\u00e1ln\u00edch s\u00edt\u00edch bleskem \u0161\u00ed\u0159ilo, \u017ee sirky v d\u011btsk\u00fdch rukou nebo dokonce &#8222;varna pern\u00edku&#8220;. Jen\u017ee na vin\u011b byla vadn\u00e1, sv\u011bt\u011b div se, elektroinstalace&#8230; &#8222;Jde\u00adli o elektrick\u00e9 veden\u00ed ve zdi, je za n\u00ed odpov\u011bdn\u00fd majitel nemovitosti,&#8220; \u0159\u00edk\u00e1 vyhl\u00e1\u0161ka.<br \/>\nNen\u00ed v\u00fdjimkou, \u017ee n\u011bkte\u0159\u00ed majitel\u00e9 do dom\u016f p\u0159\u00edli\u0161 neinvestuj\u00ed, ale velmi ochotn\u011b byty s minim\u00e1ln\u00edm vybaven\u00edm pronajmou t\u011bm, kte\u0159\u00ed dost\u00e1vaj\u00ed d\u00e1vky a p\u0159\u00edsp\u011bvky na bydlen\u00ed. Maj\u00ed tak toti\u017e p\u0159\u00edm\u00fd p\u0159\u00edjem z n\u00e1jm\u016f zaru\u010den.<br \/>\nO rodinu, pop\u0159\u00edpad\u011b o rodiny, kter\u00e9 p\u0159i\u0161ly kv\u016fli ohni o bydlen\u00ed, se m\u00e1 tedy postarat majitel domu. &#8222;Pokud ale z\u016fstanou bez pomoci, p\u0159ech\u00e1z\u00ed tato povinnost na m\u011bsto, kter\u00e9 m\u00e1 prostory pro nouzov\u00e9 ubytov\u00e1n\u00ed lid\u00ed. Na ulici je nechat p\u0159ece nem\u016f\u017eeme,&#8220; vysv\u011btlil Ji\u0159\u00ed Van\u00ed\u010dek, pov\u011b\u0159en\u00fd v Jablonci veden\u00edm odd\u011blen\u00ed krizov\u00e9ho \u0159\u00edzen\u00ed.<\/p>\n<p><a href=\"http:\/\/www.jablonecky.denik.cz\/\" target=\"_blank\">http:\/\/www.jablonecky.denik.cz\/<\/a><\/p>\n","protected":false},"excerpt":{"rendered":"<div class=\"mh-excerpt\"><p>P\u0159\u00edpad \u0161esti\u010dlenn\u00e9 rodiny, kter\u00e1 po po\u017e\u00e1ru na Silvestra z\u016fstala bez st\u0159echy nad hlavou, vyvol\u00e1v\u00e1 \u0159adu emoc\u00ed. Je t\u0159eba se pod\u00edvat na v\u011bc i z druh\u00e9 <a class=\"mh-excerpt-more\" href=\"https:\/\/www.invarena.cz\/?p=19167\" title=\"V nouzi pom\u00e1haj\u00ed, bez rozd\u00edlu\">[&#8230;]<\/a><\/p>\n<\/div>","protected":false},"author":1,"featured_media":14051,"comment_status":"open","ping_status":"closed","sticky":false,"template":"","format":"standard","meta":{"footnotes":""},"categories":[9],"tags":[],"class_list":["post-19167","post","type-post","status-publish","format-standard","has-post-thumbnail","hentry","category-zpravy"],"_links":{"self":[{"href":"https:\/\/www.invarena.cz\/index.php?rest_route=\/wp\/v2\/posts\/19167","targetHints":{"allow":["GET"]}}],"collection":[{"href":"https:\/\/www.invarena.cz\/index.php?rest_route=\/wp\/v2\/posts"}],"about":[{"href":"https:\/\/www.invarena.cz\/index.php?rest_route=\/wp\/v2\/types\/post"}],"author":[{"embeddable":true,"href":"https:\/\/www.invarena.cz\/index.php?rest_route=\/wp\/v2\/users\/1"}],"replies":[{"embeddable":true,"href":"https:\/\/www.invarena.cz\/index.php?rest_route=%2Fwp%2Fv2%2Fcomments&post=19167"}],"version-history":[{"count":0,"href":"https:\/\/www.invarena.cz\/index.php?rest_route=\/wp\/v2\/posts\/19167\/revisions"}],"wp:featuredmedia":[{"embeddable":true,"href":"https:\/\/www.invarena.cz\/index.php?rest_route=\/wp\/v2\/media\/14051"}],"wp:attachment":[{"href":"https:\/\/www.invarena.cz\/index.php?rest_route=%2Fwp%2Fv2%2Fmedia&parent=19167"}],"wp:term":[{"taxonomy":"category","embeddable":true,"href":"https:\/\/www.invarena.cz\/index.php?rest_route=%2Fwp%2Fv2%2Fcategories&post=19167"},{"taxonomy":"post_tag","embeddable":true,"href":"https:\/\/www.invarena.cz\/index.php?rest_route=%2Fwp%2Fv2%2Ftags&post=19167"}],"curies":[{"name":"wp","href":"https:\/\/api.w.org\/{rel}","templated":true}]}}