{"id":19179,"date":"2015-01-10T12:19:22","date_gmt":"2015-01-10T11:19:22","guid":{"rendered":"http:\/\/www.invarena.cz\/?p=19179"},"modified":"2015-01-10T12:19:22","modified_gmt":"2015-01-10T11:19:22","slug":"urednici-si-zkusili-jak-tezke-je-jit-zivotem-bez-zraku","status":"publish","type":"post","link":"https:\/\/www.invarena.cz\/?p=19179","title":{"rendered":"\u00da\u0159ednici si zkusili, jak t\u011b\u017ek\u00e9 je j\u00edt \u017eivotem bez zraku"},"content":{"rendered":"<p><strong>Workshop Komunikace s osobami se zdravotn\u00edm posti\u017een\u00edm na radnici prob\u011bhl na konci lo\u0148sk\u00e9ho roku. \u00da\u010dastn\u00edci (zam\u011bstnanci M\u011bstsk\u00e9ho \u00fa\u0159adu Prachatice) kurzu se setkali s osobami na voz\u00ed\u010dku, nevidom\u00fdmi, sluchov\u011b posti\u017een\u00fdmi, agresivn\u00edmi, du\u0161evn\u011b nemocn\u00fdmi, ment\u00e1ln\u011b posti\u017een\u00fdmi, figuranty dobrovoln\u00edky a u\u010dili se komunikaci zcela prakticky p\u0159\u00edmo na \u00fa\u0159adu.<\/strong><!--more--><\/p>\n<p> Nechyb\u011bla ani trocha teorie, prezentace spolk\u016f, hry, kv\u00edzy a z\u00e1bava.<\/p>\n<p>Z\u00e1v\u011br pak pat\u0159il pozv\u00e1n\u00ed do &#8222;Kav\u00e1rny po tm\u011b&#8220;, ve kter\u00e9 si v\u0161ichni vyzkou\u0161eli, jak t\u011b\u017ek\u00e9 je bez jednoho smyslu zvl\u00e1dnou ob\u010derstven\u00ed, stejn\u011b tak p\u0159i posazen\u00ed na mechanick\u00fd voz\u00edk jet, sebrat si ztracenou v\u011bc za zem\u011b, nebo i d\u011blat doprovod nevidom\u00e9mu.<br \/>\nZam\u011bstnankyn\u011b \u00fa\u0159adu, Marie \u0160\u00edmov\u00e1 a Jarmila \u0160\u00edmov\u00e1, kter\u00e9 jsou nevidom\u00e9 a pracuj\u00ed na telefonn\u00ed \u00fast\u0159edn\u011b, n\u00e1m p\u0159i setk\u00e1n\u00ed i zazp\u00edvaly, Marie Mr\u00e1zov\u00e1, se zbytky zraku, prakticky stejn\u011b jako Jaroslava Lelkov\u00e1 za sluchov\u011b posti\u017een\u00e9 pak p\u0159ipomenuly, jak komunikovat s nevidom\u00fdmi a nesly\u0161\u00edc\u00edmi, \u010di s lidmi se zbytkem sluchu, sv\u00e9 si \u0159ekli i voz\u00ed\u010dk\u00e1\u0159i v zastoupen\u00ed Adama Po\u0161ty, Lucie Hrudn\u00edkov\u00e1 za mlad\u00e9 posti\u017een\u00e9 s ment\u00e1ln\u00edm handicapem, senio\u0159i. V\u0161emd\u011bkujeme za \u00fa\u010dast.<br \/>\nNejen ti, kte\u0159\u00ed se pro\u0161kolili zcela dobrovoln\u011b, ale v\u0161ichni bychom si m\u011bli \u010das od \u010dasu p\u0159ipom\u00ednat z\u00e1kladn\u00ed pravidla komunikac\u00ed s osobami, kter\u00e9 maj\u00ed n\u011bjak\u00fd handicap. Workshop p\u0159ipravili Ji\u0159\u00ed Gabriel Ku\u010dera, vedouc\u00ed Dobrovolnick\u00e9ho centra a Hanka Rabenhauptov\u00e1, referent pro samospr\u00e1vu a komunitn\u00ed pl\u00e1nov\u00e1n\u00ed. Prachatick\u00e1 radnice letos p\u0159ipravuje online komunikaci s nesly\u0161\u00edc\u00edmi ve znakov\u00e9m jazyce pomoc\u00ed tablet\u016f, prost\u0159ednictv\u00edm speci\u00e1ln\u00edho programu. Tablety koupila z projektu a z\u00edsk\u00e1n\u00ed finan\u010dn\u00ed odm\u011bnyza ocen\u011bn\u00ed Makropulos.<\/p>\n<p>http:\/\/prachaticky.denik.cz\/<\/p>\n<p>ilustra\u010dn\u00ed foto:  Flickr.com<\/p>\n","protected":false},"excerpt":{"rendered":"<div class=\"mh-excerpt\"><p>Workshop Komunikace s osobami se zdravotn\u00edm posti\u017een\u00edm na radnici prob\u011bhl na konci lo\u0148sk\u00e9ho roku. \u00da\u010dastn\u00edci (zam\u011bstnanci M\u011bstsk\u00e9ho \u00fa\u0159adu Prachatice) kurzu se setkali s osobami na <a class=\"mh-excerpt-more\" href=\"https:\/\/www.invarena.cz\/?p=19179\" title=\"\u00da\u0159ednici si zkusili, jak t\u011b\u017ek\u00e9 je j\u00edt \u017eivotem bez zraku\">[&#8230;]<\/a><\/p>\n<\/div>","protected":false},"author":1,"featured_media":4719,"comment_status":"open","ping_status":"closed","sticky":false,"template":"","format":"standard","meta":{"footnotes":""},"categories":[7],"tags":[],"class_list":["post-19179","post","type-post","status-publish","format-standard","has-post-thumbnail","hentry","category-spolecnost"],"_links":{"self":[{"href":"https:\/\/www.invarena.cz\/index.php?rest_route=\/wp\/v2\/posts\/19179","targetHints":{"allow":["GET"]}}],"collection":[{"href":"https:\/\/www.invarena.cz\/index.php?rest_route=\/wp\/v2\/posts"}],"about":[{"href":"https:\/\/www.invarena.cz\/index.php?rest_route=\/wp\/v2\/types\/post"}],"author":[{"embeddable":true,"href":"https:\/\/www.invarena.cz\/index.php?rest_route=\/wp\/v2\/users\/1"}],"replies":[{"embeddable":true,"href":"https:\/\/www.invarena.cz\/index.php?rest_route=%2Fwp%2Fv2%2Fcomments&post=19179"}],"version-history":[{"count":0,"href":"https:\/\/www.invarena.cz\/index.php?rest_route=\/wp\/v2\/posts\/19179\/revisions"}],"wp:featuredmedia":[{"embeddable":true,"href":"https:\/\/www.invarena.cz\/index.php?rest_route=\/wp\/v2\/media\/4719"}],"wp:attachment":[{"href":"https:\/\/www.invarena.cz\/index.php?rest_route=%2Fwp%2Fv2%2Fmedia&parent=19179"}],"wp:term":[{"taxonomy":"category","embeddable":true,"href":"https:\/\/www.invarena.cz\/index.php?rest_route=%2Fwp%2Fv2%2Fcategories&post=19179"},{"taxonomy":"post_tag","embeddable":true,"href":"https:\/\/www.invarena.cz\/index.php?rest_route=%2Fwp%2Fv2%2Ftags&post=19179"}],"curies":[{"name":"wp","href":"https:\/\/api.w.org\/{rel}","templated":true}]}}