{"id":19180,"date":"2015-01-05T11:46:51","date_gmt":"2015-01-05T10:46:51","guid":{"rendered":"http:\/\/www.invarena.cz\/?p=19180"},"modified":"2015-01-05T11:46:51","modified_gmt":"2015-01-05T10:46:51","slug":"kvuli-chranenym-bytum-zchudneme-boji-se-poskytovatele-socialnich-sluzeb","status":"publish","type":"post","link":"https:\/\/www.invarena.cz\/?p=19180","title":{"rendered":"Kv\u016fli chr\u00e1n\u011bn\u00fdm byt\u016fm zchudneme, boj\u00ed se poskytovatel\u00e9 soci\u00e1ln\u00edch slu\u017eeb"},"content":{"rendered":"<p><strong>Pilotn\u00ed projekt p\u0159esunu v\u011bt\u0161iny ment\u00e1ln\u011b posti\u017een\u00fdch z domova ve Stodu do b\u011b\u017en\u00fdch byt\u016f vrchol\u00ed. V Plze\u0148sk\u00e9m kraji nastane revoluce v poskytov\u00e1n\u00ed soci\u00e1ln\u00edch slu\u017eeb.<\/strong><!--more--><\/p>\n<p>PLZE\u0147SK\u00dd KRAJ Pl\u00e1n um\u00edstit ment\u00e1ln\u011b posti\u017een\u00e9 klienty stodsk\u00e9ho domova do b\u011b\u017en\u00fdch dom\u00e1cnost\u00ed v sou\u010dasn\u00e9 dob\u011b vrchol\u00ed. Projekt, kter\u00fd pom\u016f\u017ee nemocn\u00e9 za\u010dlenit do b\u011b\u017en\u00e9 populace, m\u00e1 ale h\u00e1\u010dek. P\u00e9\u010de o posti\u017een\u00e9 bude dra\u017e\u0161\u00ed, ne\u017e kdy\u017e \u017eili za zdmi \u00fastavu. To se nel\u00edb\u00ed ostatn\u00edm poskytovatel\u016fm soci\u00e1ln\u00edch slu\u017eeb, na kter\u00e9 tak zbude m\u00e9n\u011b pen\u011bz.<\/p>\n<p>&#8222;St\u00e1t \u0159ekl, \u017ee toto se mus\u00ed ufinancovat, i kdyby \u010dert na koze jezdil. Probl\u00e9m ale je, \u017ee zbude m\u00e9n\u011b pen\u011bz na ostatn\u00ed soci\u00e1ln\u00ed slu\u017eby. Bal\u00edk pen\u011bz se toti\u017e nenavy\u0161uje,&#8220; p\u0159ipomn\u011bl Ji\u0159\u00ed Lodr, \u0161\u00e9f diec\u00e9zn\u00ed charity v Plzni, kter\u00e1 provozuje nap\u0159\u00edklad domovy pro seniory. Zp\u016fsob, jak\u00fdm se nov\u00fd typ p\u00e9\u010de v \u010cesku zav\u00e1d\u00ed, Lodr charakterizuje jako &#8222;\u010desk\u00fd pangejtismus&#8220; nastolen\u00fd pot\u00e9, co na nevhodnost velk\u00fdch \u00fastav\u016f pro zdravotn\u011b posti\u017een\u00e9 upozornila Evropsk\u00e1 unie.<\/p>\n<p>&#8222;M\u00e1me tu toti\u017e ob\u0159\u00ed \u00fastavy, kde je t\u0159eba 300 ment\u00e1ln\u011b posti\u017een\u00fdch a doned\u00e1vna v nich \u017eili odd\u011blen\u011b mu\u017ei a \u017eeny. Te\u010f d\u00e1vaj\u00ed tyto lidi dohromady pot\u00e9, co si v \u00fastavu od\u017eili t\u0159eba 30, 40 let \u017eivota a \u0159eklo se, \u017ee se mus\u00ed ud\u011blat nov\u00e1 koncepce,&#8220; popsal Lodr. Ten pr\u00fd nepop\u00edr\u00e1, \u017ee je nov\u00fd syst\u00e9m pot\u0159ebn\u00fd, ale m\u011bl se zav\u00e1d\u011bt postupn\u011b a se zohledn\u011bn\u00edm finan\u010dn\u00ed str\u00e1nky.<\/p>\n<p>Radom\u00edr Bedn\u00e1\u0159, \u0159editel Domova pro osoby se zdravotn\u00edm posti\u017een\u00edm ve Stodu, uvedl, \u017ee projekt, kter\u00fd se realizuje p\u011bt let, mus\u00ed b\u00fdt dokon\u010den v l\u00e9t\u011b 2015.<\/p>\n<p>&#8222;Je to pilotn\u00ed projekt transformace velk\u00fdch pobytov\u00fdch za\u0159\u00edzen\u00ed soci\u00e1ln\u00edch slu\u017eeb. Zdravotn\u011b posti\u017een\u00ed by se m\u011bli rozst\u011bhovat, p\u0159em\u00edstit do m\u00edstn\u00edch komunit, humanizovat sv\u016fj \u017eivot a p\u0159ibl\u00ed\u017eit se norm\u00e1ln\u00edmu \u017eit\u00ed,&#8220; popsal Bedn\u00e1\u0159. Po dokon\u010den\u00ed pl\u00e1nu zbude ve stodsk\u00e9m za\u0159\u00edzen\u00ed zhruba 40 klient\u016f z p\u016fvodn\u00edch 186. V ka\u017ed\u00e9m kraji byl podle Bedn\u00e1\u0159e vybr\u00e1n jeden a\u017e dva \u00fastavy, z nich\u017e hendikepovan\u00ed odch\u00e1zej\u00ed \u017e\u00edt takzvan\u011b po sv\u00e9m s podporou pe\u010dovatel\u016f. &#8222;J\u00e1 projekt mus\u00edm podpo\u0159it, proto\u017ee je to u\u017e rozjet\u00fd proces,&#8220; uvedl Zden\u011bk Honz, radn\u00ed pro soci\u00e1ln\u00ed oblast Plze\u0148sk\u00e9ho kraje. &#8222;V hodnocen\u00ed projektu se s panem \u0159editelem Bedn\u00e1\u0159em li\u0161\u00edme pouze v tom, \u017ee j\u00e1 vid\u00edm nejen klienta, ale i finan\u010dn\u00ed prost\u0159edky, proto\u017ee p\u00e9\u010de v bytech bude st\u00e1t v\u00edce pen\u011bz, ne\u017e kolik stoj\u00ed p\u00e9\u010de v \u00fastavu ve Stodu, kde na jednoho pracovn\u00edka p\u0159ipad\u00e1 v\u00edce klient\u016f,&#8220; popsal Honz.<\/p>\n<p>\u0158e\u0161en\u00edm finan\u010dn\u00ed n\u00e1ro\u010dnosti by m\u011bla b\u00fdt p\u0159isl\u00edben\u00e1 dotace 74,5 milion\u016f korun z Evropsk\u00e9ho fondu pro region\u00e1ln\u00ed rozvoj. Plze\u0148sk\u00fd kraj by se m\u011bl projektu \u00fa\u010dastnit t\u0159emi miliony korun z vlastn\u00edho rozpo\u010dtu.<\/p>\n<p>V r\u00e1mci projektu u\u017e rok funguj\u00ed byty chr\u00e1n\u011bn\u00e9ho bydlen\u00ed v Hol\u00fd\u0161ov\u011b, kde \u017eije osm klient\u016f ve dvou bytech 3+1 a v jednom byt\u011b 2+1. Ka\u017ed\u00fd zdravotn\u011b posti\u017een\u00fd zde m\u00e1 jeden pokoj.<\/p>\n<p>Do nov\u00fdch dom\u00e1cnost\u00ed v N\u00fd\u0159anech a v Dne\u0161ic\u00edch se 24 klient\u016f domova ve Stodu st\u011bhovalo za\u010d\u00e1tkem prosince. P\u0159esunuli se do dvou dom\u016f pro posti\u017een\u00e9 se st\u0159edn\u00ed m\u00edrou podpory pe\u010dovatelsk\u00e9 slu\u017eby v N\u00fd\u0159anech a do zrekonstruovan\u00e9ho selsk\u00e9ho staven\u00ed v Dne\u0161ic\u00edch, kde vznikly dv\u011b dom\u00e1cnosti po \u0161esti klientech. V lednu se budou hendikepovan\u00ed st\u011bhovat do dom\u00e1cnost\u00ed s vysokou m\u00edrou podpory pe\u010dovatelsk\u00e9 slu\u017eby v Hol\u00fd\u0161ov\u011b a ve Stodu. V obou p\u0159\u00edpadech se jedn\u00e1 o t\u0159i domy vedle sebe po \u0161esti klientech.<\/p>\n<p>Mezit\u00edm Krajsk\u00fd \u00fa\u0159ad pokra\u010doval ve druh\u00e9 etap\u011b projektu. Loni na podzim vybral v sout\u011b\u017ei stavebn\u00ed firmu, kter\u00e1 uprav\u00ed kolem Stodu n\u011bkolik objekt\u016f. Jedn\u00e1 se o rekonstrukci jednoho domu ve Vejprnic\u00edch, kde bude dom\u00e1cnost pro \u010dty\u0159i u\u017eivatele, dvou dom\u016f v Tlu\u010dn\u00e9, kde bude po p\u011bti u\u017eivatel\u00edch a dvou dom\u016f ve Sta\u0148kov\u011b \u2013 v prvn\u00edm bude \u0161est u\u017eivatel\u016f, ve druh\u00e9m \u010dty\u0159i. D\u00e1le se bude rekonstruovat byt 4+1 v N\u00fd\u0159anech a b\u00fdval\u00fd obecn\u00ed \u00fa\u0159ad v Chot\u011b\u0161ov\u011b, kde bude \u017e\u00edt osm zdravotn\u011b posti\u017een\u00fdch.<\/p>\n<p>Jitka \u0160r\u00e1mkov\u00e1, redaktorka MF DNES<\/p>\n","protected":false},"excerpt":{"rendered":"<div class=\"mh-excerpt\"><p>Pilotn\u00ed projekt p\u0159esunu v\u011bt\u0161iny ment\u00e1ln\u011b posti\u017een\u00fdch z domova ve Stodu do b\u011b\u017en\u00fdch byt\u016f vrchol\u00ed. V Plze\u0148sk\u00e9m kraji nastane revoluce v poskytov\u00e1n\u00ed soci\u00e1ln\u00edch slu\u017eeb.<\/p>\n<\/div>","protected":false},"author":1,"featured_media":2927,"comment_status":"open","ping_status":"closed","sticky":false,"template":"","format":"standard","meta":{"footnotes":""},"categories":[9],"tags":[],"class_list":["post-19180","post","type-post","status-publish","format-standard","has-post-thumbnail","hentry","category-zpravy"],"_links":{"self":[{"href":"https:\/\/www.invarena.cz\/index.php?rest_route=\/wp\/v2\/posts\/19180","targetHints":{"allow":["GET"]}}],"collection":[{"href":"https:\/\/www.invarena.cz\/index.php?rest_route=\/wp\/v2\/posts"}],"about":[{"href":"https:\/\/www.invarena.cz\/index.php?rest_route=\/wp\/v2\/types\/post"}],"author":[{"embeddable":true,"href":"https:\/\/www.invarena.cz\/index.php?rest_route=\/wp\/v2\/users\/1"}],"replies":[{"embeddable":true,"href":"https:\/\/www.invarena.cz\/index.php?rest_route=%2Fwp%2Fv2%2Fcomments&post=19180"}],"version-history":[{"count":0,"href":"https:\/\/www.invarena.cz\/index.php?rest_route=\/wp\/v2\/posts\/19180\/revisions"}],"wp:featuredmedia":[{"embeddable":true,"href":"https:\/\/www.invarena.cz\/index.php?rest_route=\/wp\/v2\/media\/2927"}],"wp:attachment":[{"href":"https:\/\/www.invarena.cz\/index.php?rest_route=%2Fwp%2Fv2%2Fmedia&parent=19180"}],"wp:term":[{"taxonomy":"category","embeddable":true,"href":"https:\/\/www.invarena.cz\/index.php?rest_route=%2Fwp%2Fv2%2Fcategories&post=19180"},{"taxonomy":"post_tag","embeddable":true,"href":"https:\/\/www.invarena.cz\/index.php?rest_route=%2Fwp%2Fv2%2Ftags&post=19180"}],"curies":[{"name":"wp","href":"https:\/\/api.w.org\/{rel}","templated":true}]}}