{"id":19200,"date":"2015-01-06T12:38:01","date_gmt":"2015-01-06T11:38:01","guid":{"rendered":"http:\/\/www.invarena.cz\/?p=19200"},"modified":"2015-01-06T12:38:01","modified_gmt":"2015-01-06T11:38:01","slug":"stat-stale-hleda-profesionalni-pestouny","status":"publish","type":"post","link":"https:\/\/www.invarena.cz\/?p=19200","title":{"rendered":"St\u00e1t st\u00e1le hled\u00e1 profesion\u00e1ln\u00ed p\u011bstouny"},"content":{"rendered":"<p><strong>V \u010cesku p\u016fsob\u00ed u\u017e skoro 300 profesion\u00e1ln\u00edch p\u011bstoun\u016f na p\u0159echodnou dobu. Maj\u00ed p\u0159eklenout \u010das, kdy se pro d\u00edt\u011b hled\u00e1 nov\u00e1 rodina, aby nemuselo do \u017e\u00e1dn\u00e9ho \u00fastavu. Z\u00e1kon, kter\u00fd praxi zavedl, plat\u00ed pr\u00e1v\u011b dva roky a st\u00e1t p\u011bstouny po\u0159\u00e1d hled\u00e1.<\/strong> <!--more--><br \/>\n<em><strong>\u010cesk\u00e1 televize<\/strong><\/em><\/p>\n<p>Hasi\u010d Anton\u00edn Schneeberger z T\u011brlicka je zvykl\u00fd pom\u00e1hat. I proto se s man\u017eelkou p\u0159ed dv\u011bma lety rozhodli, \u017ee projdou p\u011bstounsk\u00fdm kurzem. Te\u010f u sebe maj\u00ed u\u017e p\u00e1t\u00e9 d\u00edt\u011b.<\/p>\n<p>Anton\u00edn SCHNEEBERGER, p\u011bstoun na p\u0159echodnou dobu:\u00a0\u00a0 Posledn\u00ed miminko m\u00e1me v p\u00e9\u010di zhruba 7 m\u011bs\u00edc\u016f, je to miminko, kter\u00e9 m\u00e1me nejd\u00fdl v p\u00e9\u010di.<\/p>\n<p>V nov\u00e9m roce se s n\u00edm ale budou muset rozlou\u010dit, d\u00edt\u011b zam\u00ed\u0159\u00ed k adoptivn\u00edm rodi\u010d\u016fm.<\/p>\n<p>Ivana SCHNEEBERGEROV\u00c1, p\u011bstounka na p\u0159echodnou dobu:\u00a0 Pokud jde do t\u00e9 osvojitelsk\u00e9 rodiny, tak v\u011bt\u0161inou to je rodina, kter\u00e1 \u010dek\u00e1 na ty d\u011bti stra\u0161n\u011b dlouhou dobu, tak u\u017e jsou tak nat\u011b\u0161en\u00ed, \u017ee by tomu d\u011b\u0165\u00e1tku dali v\u0161echno.<\/p>\n<p>V Moravskoslezsk\u00e9m kraji je 27 p\u011bstounsk\u00fdch rodin na p\u0159echodnou dobu. V\u00edc jich je jen v tom Kr\u00e1lov\u00e9hradeck\u00e9m, Jihomoravsk\u00e9m a Praze.<\/p>\n<p>Michaela MARKSOV\u00c1, ministryn\u011b pr\u00e1ce a soci\u00e1ln\u00edch v\u011bc\u00ed:\u00a0\u00a0 P\u0159ed dv\u011bma lety bylo t\u011bch p\u011bstoun\u016f na p\u0159echodnou dobu 35, dnes je jich 277. Ur\u010dit\u011b bychom r\u00e1di, aby jich bylo je\u0161t\u011b v\u00edce, proto\u017ee po\u0159\u00e1d je\u0161t\u011b n\u011bjak\u00e9 d\u011bti v kojeneck\u00fdch \u00fastavech jsou, kter\u00e9 tam b\u00fdt nemus\u00ed.<\/p>\n<p>P\u011bstouni maj\u00ed b\u00fdt alternativou kojeneck\u00fdch \u00fastav\u016f. Ty se pomalu vyprazd\u0148uj\u00ed, \u00fapln\u011b kon\u010dit ale nemaj\u00ed.<\/p>\n<p>Michaela MARKSOV\u00c1:\u00a0\u00a0 P\u0159ed\u011bl\u00e1vaj\u00ed se t\u0159eba na jin\u00e9 na za\u0159\u00edzen\u00ed tro\u0161ku jin\u00e9ho typu. Jsou to r\u016fzn\u00e1 za\u0159\u00edzen\u00ed t\u0159eba na pobyt jenom p\u0159es den pro d\u011bti nebo jsou to za\u0159\u00edzen\u00ed pro d\u011bti skute\u010dn\u011b t\u011b\u017ece <span class=\"highlight\">posti\u017een\u00e9<\/span>.<\/p>\n<p>To je pr\u00e1v\u011b p\u0159\u00edpad d\u011btsk\u00e9ho centra v obci Vesk\u00e1 na Pardubicku. Pr\u00e1v\u011b zdravotn\u00ed <span class=\"highlight\">posti\u017een\u00ed<\/span> b\u00fdv\u00e1 p\u0159ek\u00e1\u017ekou pro to, aby se d\u011bti dostaly do p\u011bstounsk\u00e9 rodiny.<\/p>\n<p>Mark\u00e9ta TAUBEROV\u00c1, \u0159editelka, D\u011btsk\u00e9 centrum Vesk\u00e1:\u00a0\u00a0 Pro tento typ d\u011bt\u00ed stejn\u011b tak jako pro sourozeneck\u00e9 skupiny nebo d\u011bti men\u0161inov\u00fdch etnik zat\u00edm nem\u00e1me dostatek p\u011bstoun\u016f.<\/p>\n<p>Za vysok\u00fd po\u010det d\u011bt\u00ed v \u00fastavech \u010cesko dlouhodob\u011b skl\u00edz\u00ed kritiku od mezin\u00e1rodn\u00edch organizac\u00ed. V posledn\u00edch letech se i d\u00edky lidem, jako jsou man\u017eel\u00e9 Schneebergerovi, da\u0159\u00ed tento po\u010det sni\u017eovat.<\/p>\n","protected":false},"excerpt":{"rendered":"<div class=\"mh-excerpt\"><p>V \u010cesku p\u016fsob\u00ed u\u017e skoro 300 profesion\u00e1ln\u00edch p\u011bstoun\u016f na p\u0159echodnou dobu. Maj\u00ed p\u0159eklenout \u010das, kdy se pro d\u00edt\u011b hled\u00e1 nov\u00e1 rodina, aby nemuselo do \u017e\u00e1dn\u00e9ho <a class=\"mh-excerpt-more\" href=\"https:\/\/www.invarena.cz\/?p=19200\" title=\"St\u00e1t st\u00e1le hled\u00e1 profesion\u00e1ln\u00ed p\u011bstouny\">[&#8230;]<\/a><\/p>\n<\/div>","protected":false},"author":1,"featured_media":15785,"comment_status":"open","ping_status":"closed","sticky":false,"template":"","format":"standard","meta":{"footnotes":""},"categories":[7],"tags":[],"class_list":["post-19200","post","type-post","status-publish","format-standard","has-post-thumbnail","hentry","category-spolecnost"],"_links":{"self":[{"href":"https:\/\/www.invarena.cz\/index.php?rest_route=\/wp\/v2\/posts\/19200","targetHints":{"allow":["GET"]}}],"collection":[{"href":"https:\/\/www.invarena.cz\/index.php?rest_route=\/wp\/v2\/posts"}],"about":[{"href":"https:\/\/www.invarena.cz\/index.php?rest_route=\/wp\/v2\/types\/post"}],"author":[{"embeddable":true,"href":"https:\/\/www.invarena.cz\/index.php?rest_route=\/wp\/v2\/users\/1"}],"replies":[{"embeddable":true,"href":"https:\/\/www.invarena.cz\/index.php?rest_route=%2Fwp%2Fv2%2Fcomments&post=19200"}],"version-history":[{"count":0,"href":"https:\/\/www.invarena.cz\/index.php?rest_route=\/wp\/v2\/posts\/19200\/revisions"}],"wp:featuredmedia":[{"embeddable":true,"href":"https:\/\/www.invarena.cz\/index.php?rest_route=\/wp\/v2\/media\/15785"}],"wp:attachment":[{"href":"https:\/\/www.invarena.cz\/index.php?rest_route=%2Fwp%2Fv2%2Fmedia&parent=19200"}],"wp:term":[{"taxonomy":"category","embeddable":true,"href":"https:\/\/www.invarena.cz\/index.php?rest_route=%2Fwp%2Fv2%2Fcategories&post=19200"},{"taxonomy":"post_tag","embeddable":true,"href":"https:\/\/www.invarena.cz\/index.php?rest_route=%2Fwp%2Fv2%2Ftags&post=19200"}],"curies":[{"name":"wp","href":"https:\/\/api.w.org\/{rel}","templated":true}]}}