{"id":19204,"date":"2015-01-07T10:46:21","date_gmt":"2015-01-07T09:46:21","guid":{"rendered":"http:\/\/www.invarena.cz\/?p=19204"},"modified":"2015-01-07T10:46:21","modified_gmt":"2015-01-07T09:46:21","slug":"poutnici-z-jinych-casu","status":"publish","type":"post","link":"https:\/\/www.invarena.cz\/?p=19204","title":{"rendered":"Poutn\u00edci z jin\u00fdch \u010das\u016f"},"content":{"rendered":"<p><strong>V dob\u011b, kdy v\u011bt\u0161ina z n\u00e1s pob\u00fdvala se sv\u00fdmi nejbli\u017e\u0161\u00edmi, se do Prahy sjelo asi t\u0159icet tis\u00edc mlad\u00fdch lid\u00ed. Z Polska, Ukrajiny, Francie, N\u011bmecka a dal\u0161\u00edch kout\u016f sv\u011bta. M\u011bli s sebou v\u011bt\u0161inou jen spac\u00ed pytle a nocovali u lid\u00ed, kter\u00e9 p\u0159edt\u00edm nikdy nevid\u011bli. Nep\u0159ijeli sem na silvestrovsk\u00fd mejdan. U\u017e od roku 1978 se pod zna\u010dkou Taiz\u00e9 pokou\u0161\u00ed p\u0159ekonat kulturn\u00ed a hlavn\u011b n\u00e1bo\u017eensk\u00e9 bari\u00e9ry.<\/strong><!--more--><\/p>\n<p><em>ilustra\u010dn\u00ed foto: Piers Brown Flickr.com<\/em><\/p>\n<p>Historii i sou\u010dasnost setk\u00e1n\u00ed p\u0159ibli\u017euje report\u00e1\u017e Kate\u0159iny Srbkov\u00e9 a Davida Mach\u00e1\u010dka v po\u0159adu <strong>Report\u00e9\u0159i \u010cT.<\/strong><\/p>\n<p>L\u00e9ka\u0159 a evangelick\u00fd kazatel Zden\u011bk Susa vypr\u00e1v\u00ed o sv\u00e9 prvn\u00ed n\u00e1bo\u017eensk\u00e9 pouti do francouzsk\u00e9ho m\u011bste\u010dka Taiz\u00e9. M\u00edsta ve vnitrozem\u00ed ve vina\u0159sk\u00e9m kraji Burgundsko, kde od \u010dty\u0159ic\u00e1t\u00fdch let minul\u00e9ho stolet\u00ed funguje ekumenick\u00e1 n\u00e1bo\u017eensk\u00e1 komunita.<\/p>\n<p>Zden\u011bk SUSA:<br \/>\nTam p\u0159i\u0161el bratr Roger jako mlad\u00fd \u0161v\u00fdcarsk\u00fd teolog a koupil tam d\u016fm. To je ta t\u00e9m\u011b\u0159 prehistorie. Potom brzy musel odtamtud odej\u00edt, proto\u017ee gestapo ho za\u010dalo pron\u00e1sledovat. A vr\u00e1til se po v\u00e1lce. A to u\u017e s n\u00edm p\u0159i\u0161li prvn\u00ed brat\u0159i a postupn\u011b se to spole\u010denstv\u00ed rozv\u00edjelo. Bratr Roger s\u00e1m je protestant francouzsky mluv\u00edc\u00ed ze \u0160v\u00fdcarska, ale p\u0159ich\u00e1zeli tam katol\u00edci a nejenom \u0160v\u00fdca\u0159i, ale tak\u00e9 Francouzi, N\u011bmci a tak d\u00e1le. To spole\u010denstv\u00ed se \u0161\u00ed\u0159ilo a jaksi automaticky vznikla komunita mlad\u00fdch mu\u017e\u016f r\u016fzn\u00fdch jazyk\u016f a r\u016fzn\u00fdch k\u0159es\u0165ansk\u00fdch vyzn\u00e1n\u00ed.<br \/>\nKomunitu brzy proslavily jednoduch\u00e9 zp\u00edvan\u00e9 modlitby a neform\u00e1lnost, kterou te\u010f, na p\u0159elomu roku, poznala i \u010cesk\u00e1 republika. Hostitelsk\u00fdm m\u011bstem ka\u017edoro\u010dn\u00edch mezin\u00e1rodn\u00edch setk\u00e1n\u00ed Taiz\u00e9 se tentokr\u00e1t stala Praha, do kter\u00e9 zam\u00ed\u0159ilo ke spole\u010dn\u00fdm modlitb\u00e1m na t\u0159icet tis\u00edc mlad\u00fdch lid\u00ed s batohy a spac\u00e1ky.<\/p>\n<p>bratr Alois, p\u0159edstaven\u00fd komunity Taiz\u00e9:\u00a0 B\u011bhem p\u0159\u00edpravn\u00fdch m\u011bs\u00edc\u016f jsme se zde setkali s velkou otev\u0159enost\u00ed. Hodn\u011b rodin p\u0159ij\u00edm\u00e1 mlad\u00e9, cizince.<\/p>\n<p>V sedmdes\u00e1t\u00fdch letech ov\u0161em spojen\u00ed Prahy s Taiz\u00e9 vypadalo \u00fapln\u011b jinak. Soukrom\u00e1 n\u00e1bo\u017eensk\u00e1 pou\u0165 nemohla uniknout pozornosti St\u00e1tn\u00ed bezpe\u010dnosti, zvl\u00e1\u0161t\u011b kdy\u017e Zden\u011bk Susa po sv\u00e9m n\u00e1vratu po\u0159\u00e1dal bytov\u00e9 p\u0159edn\u00e1\u0161ky, na kter\u00fdch prom\u00edtal diapozitivy z Taiz\u00e9.<\/p>\n<p>redaktor \/citace: zpr\u00e1va StB o p\u0159edn\u00e1\u0161ce Zde\u0148ka Susy\/:\u00a0 &#8222;Z\u00e1znam \u010d\u00edslo dvacet jedna ze dne 26. listopadu 1979. Ve \u010dtvrtek dne 15. listopadu 1979 se pramen s dal\u0161\u00edmi \u010dleny katolick\u00e9ho studentstva z\u00fa\u010dastnil p\u0159edn\u00e1\u0161ky o francouzsk\u00e9 ekumenick\u00e9 vesnici Taiz\u00e9. P\u0159edn\u00e1\u0161el evangel\u00edk Zden\u011bk Suso.&#8220;<\/p>\n<p>SUSA:\u00a0 V\u0161ichni jsou vesel\u00ed a je tam takov\u00e1 svoboda. To byl takov\u00fd ten vedlej\u0161\u00ed produkt, vedle t\u00e9 spirituality, tak jak to brat\u0159i vedli, takov\u00e1 ta samoz\u0159ejm\u00e1 svoboda. To bylo n\u011bco, co tady jsme neznali.<\/p>\n<p>redaktor \/citace: zpr\u00e1va StB o p\u0159edn\u00e1\u0161ce Zde\u0148ka Susy\/:\u00a0 &#8222;Jednalo se o mlad\u00e9ho, asi t\u0159icetilet\u00e9ho mu\u017ee, se kter\u00fdm p\u0159i\u0161ly jeho dv\u011b kamar\u00e1dky. Organiz\u00e1torem p\u0159edn\u00e1\u0161ky byl Petr K\u0159\u00ed\u017e, se kter\u00fdm se Suso, jak bylo z\u0159ejm\u00e9, velmi dob\u0159e zn\u00e1.&#8220;<\/p>\n<p>SUSA:<br \/>\nV roce 78 jsme m\u011bli s man\u017eelkou mimo\u0159\u00e1dnou p\u0159\u00edle\u017eitost dostat se na z\u00e1pad, proto\u017ee jsme dostali p\u0159\u00edslib tehdy. To byla podm\u00ednka, dostat p\u0159\u00edslib p\u0159id\u011blen\u00ed n\u011bjak\u00fdch valut. Bylo to ov\u0161em \u017eebr\u00e1ck\u00e1 suma. Mn\u011b bylo osmat\u0159icet, m\u00e9 \u017een\u011b p\u011btat\u0159icet, m\u011bli jsme t\u0159i d\u011bti, ty jsme nechali u prarodi\u010d\u016f, pon\u011bvad\u017e to byla jako z\u00e1ruka, \u017ee se vr\u00e1t\u00edme. A vyjeli jsme. Po\u010d\u00edtali jsme s t\u00edm, \u017ee to je jednou za \u017eivot. A \u017ee se zastav\u00edme v Taiz\u00e9 bylo jasn\u00e9 pr\u00e1v\u011b proto, \u017ee n\u00e1m o tom p\u0159edt\u00edm vypr\u00e1v\u011bl Alfred Koc\u00e1b.<\/p>\n<p>Alfr\u00e9d Koc\u00e1b, otec zn\u00e1m\u00e9ho rockov\u00e9ho muzikanta Michaela Koc\u00e1ba a dlouholet\u00fd evangelick\u00fd kazatel od svat\u00e9ho Salv\u00e1tora v Praze, je dodnes v Taiz\u00e9 uzn\u00e1vanou osobnost\u00ed.<\/p>\n<p>redaktor \/citace: zpr\u00e1va StB o p\u0159edn\u00e1\u0161ce Zde\u0148ka Susy\/:\u00a0 &#8222;Suso vypr\u00e1v\u011bl o sv\u00fdch z\u00e1le\u017eitostech ve vesnici Taiz\u00e9, kde s man\u017eelkou byl ubytov\u00e1n po t\u0159i dny. Vzhledem k tomu, \u017ee jsou \u010ce\u0161i, \u0159ekl d\u00e1le p\u0159i p\u0159edn\u00e1\u0161ce Suso, byli v Taiz\u00e9 velmi vz\u00e1cn\u00ed. St\u00e1le se jich n\u011bkdo na n\u011bco ptal a d\u00e1le m\u011bli r\u016fzn\u00e9 sch\u016fzky a setk\u00e1n\u00ed s n\u00e1v\u0161t\u011bvn\u00edky vesnice.&#8220;<\/p>\n<p>SUSA:\u00a0 Budova nejv\u00edc vpravo, z\u00e1me\u010dek, to je budova komunity v uzav\u0159en\u00fd zahrad\u011b, kam mohou jenom zvan\u00ed host\u00e9.<\/p>\n<p>redaktor \/citace: zpr\u00e1va StB o p\u0159edn\u00e1\u0161ce Zde\u0148ka Susy\/:\u00a0 &#8222;Nen\u00ed zcela b\u011b\u017en\u00e9, \u017ee n\u00e1v\u0161t\u011bvn\u00edci vesnice nav\u0161t\u011bvuj\u00ed kl\u00e1\u0161ter. Suso m\u011bl v\u0161ak \u0161t\u011bst\u00ed, pon\u011bvad\u017e byl samotn\u00fdm p\u0159edstaven\u00fdm kl\u00e1\u0161tera Rogerem pozv\u00e1n na ob\u011bd.&#8220;<\/p>\n<p>SUSA:\u00a0 My jsme po n\u00e1vratu t\u00edm byli tak pln\u00ed, \u017ee jsme o tom museli v\u0161ude vypr\u00e1v\u011bt. A t\u00edm jsme d\u011blali jak\u00e9si apo\u0161toly Taiz\u00e9 po \u010cesku. No, a samoz\u0159ejm\u011b tohle to byla \u010dinnost, kter\u00e1 tehdej\u0161\u00ed tajn\u00e9 bezpe\u010dnosti nebyla po chuti, oni m\u011bli v\u0161ude n\u011bjak\u00e9 inform\u00e1tory.<\/p>\n<p>redaktor \/citace: zpr\u00e1va StB o p\u0159edn\u00e1\u0161ce Zde\u0148ka Susy\/:\u00a0 &#8222;P\u0159i p\u0159edn\u00e1\u0161ce Suso prom\u00edtal diapozitivy po\u0159\u00edzen\u00e9 ve vesnici Taiz\u00e9. Pou\u0161t\u011bl rovn\u011b\u017e gramofonovou desku vydanou v Taiz\u00e9.&#8220;<\/p>\n<p>SUSA:\u00a0 Tam byla bohu\u017eel jedna d\u00edvka, kter\u00e1 byla <span class=\"highlight\">posti\u017een\u00e1<\/span>, i psychicky, a ta jim to v\u0161echno \u0159ekla, \u017ee. Tak\u017ee j\u00ed to nem\u00e1m za zl\u00e9. Ale tak to bylo podchycen\u00fd. O tom, \u017ee tahle akce zrovna byla podchycen\u00e1, jsem v\u011bd\u011bl, a\u017e kdy\u017e jsem si vyzved ty z\u00e1znamy. Jo, to jsem d\u0159\u00edve nev\u011bd\u011bl. Ale \u017ee jsou v\u0161ude, to jsem v\u011bd\u011bl.<br \/>\nKr\u00e1tce po prozrazen\u00e9 bytov\u00e9 p\u0159edn\u00e1\u0161ce p\u0159i\u0161lo p\u0159edvol\u00e1n\u00ed od St\u00e1tn\u00ed bezpe\u010dnosti. Zden\u011bk Susa sv\u016fj prvn\u00ed v\u00fdslech zaznamenal do vzpom\u00ednkov\u00e9 knihy o n\u00e1bo\u017eensk\u00fdch pout\u00edch.<\/p>\n<p>SUSA: &#8222;Po Karlov\u011b most\u011b p\u0159ech\u00e1z\u00edme na Malou Stranu. Ze v\u0161ech soch Karlova mostu m\u00e1m nejbli\u017e\u0161\u00ed osobn\u00ed vztah ke svat\u00e9mu Franti\u0161ku Serafinsk\u00e9mu. Ne, \u017ee bych o tom sv\u011btci n\u011bco v\u011bd\u011bl. Kdy\u017e jdu kolem, obvykle se ned\u00edv\u00e1m na jeho sochu, ale v\u017edycky pohlad\u00edm o\u010dima jej\u00ed podstavec. Stoj\u00ed na n\u011bm: Anjel\u016fm sv\u00fdm p\u0159ik\u00e1zal o tob\u011b, aby t\u011b ost\u0159\u00edhali na v\u0161ech cest\u00e1ch tv\u00fdch. M\u00e9 du\u0161evn\u00ed rozpolo\u017een\u00ed p\u0159esn\u011b odpov\u00eddalo situaci p\u0159ed prvn\u00edm v\u00fdslechem na StB. Do\u0161el jsem a\u017e do kachl\u00edk\u00e1rny v Bartolom\u011bjsk\u00e9 ulici a pro\u017eil si tam nep\u0159\u00edjemn\u00e9 p\u016fldne.&#8220;<br \/>\nPro poutn\u00edky, kte\u0159\u00ed do Prahy p\u0159ijeli letos, jsou obstrukce StB u\u017e jen historky z minulosti. Polskou d\u00edvku Natalii ubytovala rodina Ho\u0161kov\u00fdch.<\/p>\n<p>Natalia, n\u00e1v\u0161t\u011bvnice setk\u00e1n\u00ed Taiz\u00e9:\u00a0 Moc dlouho jsme nespali. Jsem r\u00e1da, \u017ee bydl\u00edme tady a ne t\u0159eba ve \u0161kole nebo v hale, kde je mnohem chladn\u011bji.<\/p>\n<p>Do\u010dasn\u00e9 z\u00e1zem\u00ed z\u00edskala v dom\u011b, kter\u00fd za minul\u00e9ho re\u017eimu fungoval jako ileg\u00e1ln\u00ed centrum \u010desk\u00fdch v\u011b\u0159\u00edc\u00edch.<\/p>\n<p>Mari\u00e1n HO\u0160EK :\u00a0 \u010casto to bylo tak pln\u00e9, \u017ee, \u017ee se tady t\u00edsnili na schodech lidi a p\u0159ich\u00e1zeli nov\u00ed n\u011bkdy pozd\u011bji, tak ty u\u017e se museli dost\u00e1vat druh\u00fdmi dve\u0159mi takhle dokola, proto\u017ee u\u017e tady to bylo pln\u00fd.<\/p>\n<p>Martina HO\u0160KOV\u00c1, :<br \/>\nTo byla doba, trvalo to asi t\u0159i m\u011bs\u00edce, kdy opravdu p\u0159ed domem st\u00e1la hl\u00eddka, a jakmile n\u011bkdo vy\u0161el ven, tak to jsme se dov\u011bd\u011bli potom z t\u011bch materi\u00e1l\u016f, \u017ee podrobn\u00fd popis, prost\u011b naproti v dom\u011b ve \u0161kolce m\u011bli stanovi\u0161t\u011b a vlastn\u011b jako sledovali ka\u017ed\u00fd pohyb.<br \/>\nMezi spole\u010denstv\u00edm z Taiz\u00e9 a \u010desk\u00fdmi v\u011b\u0159\u00edc\u00edmi fungoval od sedmdes\u00e1t\u00fdch let jako tajn\u00e1 spojka bratr Alois, bl\u00edzk\u00fd spolupracovn\u00edk zakladatele komunity bratra Rogera.<\/p>\n<p>bratr Alois, p\u0159edstaven\u00fd komunity Taiz\u00e9:\u00a0 Kdy\u017e jsem p\u0159ijel poprv\u00e9 v roce 74, musel jsem se nau\u010dit n\u011bkter\u00e9 adresy nazpam\u011b\u0165, proto\u017ee kdyby na hranic\u00edch ty adresy na\u0161li, mohlo by to t\u011bm lidem zp\u016fsobit t\u011b\u017ekosti.<\/p>\n<p>zkr\u00e1cen\u00fd z\u00e1znam invArena<\/p>\n","protected":false},"excerpt":{"rendered":"<div class=\"mh-excerpt\"><p>V dob\u011b, kdy v\u011bt\u0161ina z n\u00e1s pob\u00fdvala se sv\u00fdmi nejbli\u017e\u0161\u00edmi, se do Prahy sjelo asi t\u0159icet tis\u00edc mlad\u00fdch lid\u00ed. Z Polska, Ukrajiny, Francie, N\u011bmecka a <a class=\"mh-excerpt-more\" href=\"https:\/\/www.invarena.cz\/?p=19204\" title=\"Poutn\u00edci z jin\u00fdch \u010das\u016f\">[&#8230;]<\/a><\/p>\n<\/div>","protected":false},"author":1,"featured_media":14678,"comment_status":"open","ping_status":"closed","sticky":false,"template":"","format":"standard","meta":{"footnotes":""},"categories":[7],"tags":[],"class_list":["post-19204","post","type-post","status-publish","format-standard","has-post-thumbnail","hentry","category-spolecnost"],"_links":{"self":[{"href":"https:\/\/www.invarena.cz\/index.php?rest_route=\/wp\/v2\/posts\/19204","targetHints":{"allow":["GET"]}}],"collection":[{"href":"https:\/\/www.invarena.cz\/index.php?rest_route=\/wp\/v2\/posts"}],"about":[{"href":"https:\/\/www.invarena.cz\/index.php?rest_route=\/wp\/v2\/types\/post"}],"author":[{"embeddable":true,"href":"https:\/\/www.invarena.cz\/index.php?rest_route=\/wp\/v2\/users\/1"}],"replies":[{"embeddable":true,"href":"https:\/\/www.invarena.cz\/index.php?rest_route=%2Fwp%2Fv2%2Fcomments&post=19204"}],"version-history":[{"count":0,"href":"https:\/\/www.invarena.cz\/index.php?rest_route=\/wp\/v2\/posts\/19204\/revisions"}],"wp:featuredmedia":[{"embeddable":true,"href":"https:\/\/www.invarena.cz\/index.php?rest_route=\/wp\/v2\/media\/14678"}],"wp:attachment":[{"href":"https:\/\/www.invarena.cz\/index.php?rest_route=%2Fwp%2Fv2%2Fmedia&parent=19204"}],"wp:term":[{"taxonomy":"category","embeddable":true,"href":"https:\/\/www.invarena.cz\/index.php?rest_route=%2Fwp%2Fv2%2Fcategories&post=19204"},{"taxonomy":"post_tag","embeddable":true,"href":"https:\/\/www.invarena.cz\/index.php?rest_route=%2Fwp%2Fv2%2Ftags&post=19204"}],"curies":[{"name":"wp","href":"https:\/\/api.w.org\/{rel}","templated":true}]}}