{"id":19224,"date":"2015-01-07T18:37:16","date_gmt":"2015-01-07T17:37:16","guid":{"rendered":"http:\/\/www.invarena.cz\/?p=19224"},"modified":"2015-01-07T18:50:22","modified_gmt":"2015-01-07T17:50:22","slug":"evropsky-soud-rozhodne-o-osudu-ochrnuteho-francouze-lamberta","status":"publish","type":"post","link":"https:\/\/www.invarena.cz\/?p=19224","title":{"rendered":"Evropsk\u00fd soud rozhodne o osudu ochrnut\u00e9ho Francouze Lamberta"},"content":{"rendered":"<p><strong>Evropsk\u00fd soud pro lidsk\u00e1 pr\u00e1va dnes za\u010dal rozhodovat o osudu ochrnut\u00e9ho Francouze Vincenta Lamberta, kter\u00fd je ji\u017e \u0161est let upout\u00e1n na nemocni\u010dn\u00ed l\u016f\u017eko a nem\u00e1 nad\u011bji na n\u00e1vrat do norm\u00e1ln\u00edho \u017eivota. Verdikt se o\u010dek\u00e1v\u00e1 do dvou m\u011bs\u00edc\u016f. P\u0159\u00edpad rozd\u011bluje jeho rodinu a o\u017eivil debatu o podm\u00ednk\u00e1ch konce \u017eivota ve Francii.<\/strong><!--more--><\/p>\n<p>foto: southernfried \/ MorgueFile<\/p>\n<p>Man\u017eelka pacienta za podpory l\u00e9ka\u0159\u016f a \u0161esti z osmi sourozenc\u016f man\u017eela loni prosadila u francouzsk\u00e9ho soudu, \u017ee jej\u00edho ochrnut\u00e9ho mu\u017ee lze odpojit od p\u0159\u00edstroj\u016f, kter\u00e9 ho udr\u017euj\u00ed p\u0159i \u017eivot\u011b. Proti tomu jsou ale Lambertovi katoli\u010dt\u00ed rodi\u010de a zbyl\u00ed sourozenci, kte\u0159\u00ed se obr\u00e1tili o pomoc na evropsk\u00fd soud p\u0159i Rad\u011b Evropy ve \u0160trasburku.<\/p>\n<p>Osmat\u0159icetilet\u00fd Francouz, kter\u00fd od t\u011b\u017ek\u00e9 hav\u00e1rie v roce 2008 trp\u00ed nezvratn\u00fdm po\u0161kozen\u00edm mozku, je v takzvan\u00e9m vegetativn\u00edm stavu v nemocnici v Reme\u0161i a nevn\u00edm\u00e1. Francouzsk\u00fd z\u00e1kon z roku 2005 zakazuje aktivn\u00ed eutanazii, ale umo\u017e\u0148uje za ur\u010dit\u00fdch podm\u00ednek nechat zem\u0159\u00edt \u010dlov\u011bka, jeho\u017e stav je podle l\u00e9ka\u0159\u016f beznad\u011bjn\u00fd.<\/p>\n<p>&#8222;Nenechat Vincenta Lamberta odej\u00edt, to znamen\u00e1 ho nerespektovat,&#8220; \u0159ekl v \u00fater\u00fd b\u00fdval\u00fd \u0161\u00e9f paliativn\u00ed p\u00e9\u010de v Reme\u0161i Eric Kariger, kter\u00fd se p\u0159ed l\u00e9ty o Lamberta tak\u00e9 staral.<\/p>\n<p>&#8222;Douf\u00e1m, \u017ee Evropsk\u00fd soud pro lidsk\u00e1 pr\u00e1va bude s to zastavit toto \u0161\u00edlenstv\u00ed. Vincent nen\u00ed na konci \u017eivota, je ochrnut\u00fd,&#8220; \u0159ekla jeho matka Viviane Lambertov\u00e1 po \u00fatern\u00edm p\u0159\u00edjezdu do \u0160trasburku.<\/p>\n<p>Prezident Fran\u00e7ois Hollande se loni vyslovil pro p\u0159ijet\u00ed nov\u00e9ho z\u00e1kona, kter\u00fd by umo\u017e\u0148oval nevyl\u00e9\u010diteln\u011b nemocn\u00fdm &#8222;ukon\u010dit d\u016fstojn\u011b sv\u016fj \u017eivot&#8220;. Vl\u00e1da pov\u011b\u0159ila t\u00fdm poslanc\u016f, aby prozat\u00edm alespo\u0148 navrhl \u00fapravy z\u00e1kona z roku 2005, kter\u00fd je podle n\u00ed m\u00e1lo zn\u00e1m\u00fd, \u0161patn\u011b pochopen\u00fd a nespr\u00e1vn\u011b aplikovan\u00fd. N\u00e1rodn\u00ed shrom\u00e1\u017ed\u011bn\u00ed se t\u00edm m\u00e1 zab\u00fdvat koncem m\u011bs\u00edce.<\/p>\n<p>foto: southernfried \/ MorgueFile<\/p>\n","protected":false},"excerpt":{"rendered":"<div class=\"mh-excerpt\"><p>Evropsk\u00fd soud pro lidsk\u00e1 pr\u00e1va dnes za\u010dal rozhodovat o osudu ochrnut\u00e9ho Francouze Vincenta Lamberta, kter\u00fd je ji\u017e \u0161est let upout\u00e1n na nemocni\u010dn\u00ed l\u016f\u017eko a nem\u00e1 <a class=\"mh-excerpt-more\" href=\"https:\/\/www.invarena.cz\/?p=19224\" title=\"Evropsk\u00fd soud rozhodne o osudu ochrnut\u00e9ho Francouze Lamberta\">[&#8230;]<\/a><\/p>\n<\/div>","protected":false},"author":1,"featured_media":19225,"comment_status":"open","ping_status":"closed","sticky":false,"template":"","format":"standard","meta":{"footnotes":""},"categories":[7],"tags":[],"class_list":["post-19224","post","type-post","status-publish","format-standard","has-post-thumbnail","hentry","category-spolecnost"],"_links":{"self":[{"href":"https:\/\/www.invarena.cz\/index.php?rest_route=\/wp\/v2\/posts\/19224","targetHints":{"allow":["GET"]}}],"collection":[{"href":"https:\/\/www.invarena.cz\/index.php?rest_route=\/wp\/v2\/posts"}],"about":[{"href":"https:\/\/www.invarena.cz\/index.php?rest_route=\/wp\/v2\/types\/post"}],"author":[{"embeddable":true,"href":"https:\/\/www.invarena.cz\/index.php?rest_route=\/wp\/v2\/users\/1"}],"replies":[{"embeddable":true,"href":"https:\/\/www.invarena.cz\/index.php?rest_route=%2Fwp%2Fv2%2Fcomments&post=19224"}],"version-history":[{"count":0,"href":"https:\/\/www.invarena.cz\/index.php?rest_route=\/wp\/v2\/posts\/19224\/revisions"}],"wp:featuredmedia":[{"embeddable":true,"href":"https:\/\/www.invarena.cz\/index.php?rest_route=\/wp\/v2\/media\/19225"}],"wp:attachment":[{"href":"https:\/\/www.invarena.cz\/index.php?rest_route=%2Fwp%2Fv2%2Fmedia&parent=19224"}],"wp:term":[{"taxonomy":"category","embeddable":true,"href":"https:\/\/www.invarena.cz\/index.php?rest_route=%2Fwp%2Fv2%2Fcategories&post=19224"},{"taxonomy":"post_tag","embeddable":true,"href":"https:\/\/www.invarena.cz\/index.php?rest_route=%2Fwp%2Fv2%2Ftags&post=19224"}],"curies":[{"name":"wp","href":"https:\/\/api.w.org\/{rel}","templated":true}]}}