{"id":19239,"date":"2015-01-25T11:05:06","date_gmt":"2015-01-25T10:05:06","guid":{"rendered":"http:\/\/www.invarena.cz\/?p=19239"},"modified":"2015-01-25T12:25:29","modified_gmt":"2015-01-25T11:25:29","slug":"stacionar-se-promenil-v-ubohy-utulek-k-preziti","status":"publish","type":"post","link":"https:\/\/www.invarena.cz\/?p=19239","title":{"rendered":"Stacion\u00e1\u0159 se prom\u011bnil v uboh\u00fd \u00fatulek k p\u0159e\u017eit\u00ed"},"content":{"rendered":"<p><strong>Soud v Chomutov\u011b potrestal \u010dty\u0159mi lety v\u011bzen\u00ed b\u00fdvalou \u0159editelku chomutovsk\u00e9ho stacion\u00e1\u0159e Nad\u011bje 2000 Jaroslavu Locha\u0159ovou, ve kter\u00e9m klienti \u017eivo\u0159ili v katastrof\u00e1ln\u00edch podm\u00ednk\u00e1ch.<\/strong><!--more--><\/p>\n<p><em>soudn\u00ed s\u00ed\u0148 &#8211; ilustra\u010dn\u00ed foto: Veronica ML \/ Flickr.com <\/em><\/p>\n<p> Hlavn\u00ed sestra stacion\u00e1\u0159e \u0160\u00e1rka Hata\u0161ov\u00e1 dostala t\u0159\u00edlet\u00e9 podm\u00edn\u011bn\u00e9 v\u011bzen\u00ed s dvouletou zku\u0161ebn\u00ed lh\u016ftou. &#8222;M\u00edsto za\u0159\u00edzen\u00ed, kter\u00e9 m\u011blo zajistit klient\u016fm d\u016fstojn\u00e9 podm\u00ednky k \u017eit\u00ed, bylo degradov\u00e1no na \u00fatulek k p\u0159e\u017eit\u00ed,&#8220; \u0159ekla soudkyn\u011b p\u0159i vyn\u00e1\u0161en\u00ed rozsudku.<\/p>\n<p>Pom\u011bry v b\u00fdval\u00e9m stacion\u00e1\u0159i Nad\u011bje 2000 v Chomutov\u011b se soud zab\u00fdval od prosince roku 2011. \u0158editelka Jaroslava Locha\u0159ov\u00e1 podle rozsudku klienty t\u00fdrala v letech 2006 a\u017e 2010, hlavn\u00ed sestra \u0160\u00e1rka Hata\u0161ov\u00e1 v letech 2008 a\u017e 2010. Klienti \u017eili ve v\u00fdkalech, nem\u011bli zaji\u0161t\u011bnou pot\u0159ebnou l\u00e9ka\u0159skou p\u00e9\u010di a stacion\u00e1\u0159 p\u0159ib\u00edral st\u00e1le dal\u0161\u00ed, p\u0159esto\u017ee u\u017e pro n\u011b nem\u011bl dost m\u00edsta.<\/p>\n<p>Za hlavn\u00edho vin\u00edka soudkyn\u011b ozna\u010dila \u0159editelku Locha\u0159ovou, kter\u00e9 krom\u011b \u010dty\u0159let\u00e9ho v\u011bzen\u00ed s dozorem zak\u00e1zala na p\u011bt let \u010dinnost. &#8222;Byla hlavn\u00ed organiz\u00e1torkou a v\u0161e d\u011blala pro ziskuchtivost,&#8220; uvedla soudkyn\u011b.<\/p>\n<p>Sv\u011bdci u soudu l\u00ed\u010dili ot\u0159esn\u00e9 detaily z pom\u011br\u016f ve stacion\u00e1\u0159i. &#8222;Maminka po n\u00e1s cht\u011bla, abychom j\u00ed j\u00eddlo nech\u00e1vali v posteli, jinak ho pr\u00fd u\u017e nedostane. Kdy\u017e jsme p\u0159ijeli na n\u00e1v\u0161t\u011bvu a cokoliv vyndali, okam\u017eit\u011b to zhltala. Jej\u00ed sousedka, pan\u00ed Kl\u00e1rka, se ptala, jestli n\u00e1m n\u011bco nezbylo,&#8220; vypov\u00eddala jedna z p\u0159\u00edbuzn\u00fdch t\u00fdran\u00e9 klientky.<\/p>\n<p>Dal\u0161\u00ed poukazovali na v\u0161udyp\u0159\u00edtomn\u00fd z\u00e1pach mo\u010di v budov\u011b a popisovali, \u017ee klienti m\u011bli na sob\u011b \u0161pinav\u00e9 oble\u010den\u00ed a zne\u010di\u0161t\u011bn\u00e9 pleny. Dobrou pov\u011bst nem\u011blo za\u0159\u00edzen\u00ed ani mezi zdravotn\u00edky. &#8222;\u0158\u00edkali jsme si mezi sebou, \u017ee je snad lep\u0161\u00ed si s\u00e1hnout na \u017eivot ne\u017e skon\u010dit v Nad\u011bji. A \u017ee s nad\u011bj\u00ed to v Nad\u011bji nem\u00e1 nic spole\u010dn\u00e9ho,&#8220; popisovala v pr\u016fb\u011bhu l\u00ed\u010den\u00ed debaty s kolegy z\u00e1chran\u00e1\u0159ka Jitka Kufov\u00e1.<\/p>\n<p>Klienti podle l\u00e9ka\u0159sk\u00fdch zpr\u00e1v kon\u010dili v \u017ealostn\u00e9m stavu. Nap\u0159\u00edklad \u010dty\u0159iaosmdes\u00e1tiletou \u017eenu museli l\u00e9ka\u0159i opakovan\u011b hospitalizovat s prole\u017eeninami a dehydratac\u00ed. Dehydratovan\u00e9 klienty stacion\u00e1\u0159e p\u0159ijala nemocnice celkem t\u0159i.<\/p>\n<p>Dal\u0161\u00ed seniorka se dostala do nemocnice a\u017e po n\u011bkolika dnech se zlomen\u00fdmi stehenn\u00edmi kostmi a n\u011bkolika obratli. Stacion\u00e1\u0159 toti\u017e sv\u00e9ho smluvn\u00edho l\u00e9ka\u0159e nem\u011bl, tak\u017ee person\u00e1l volal klient\u016fm z\u00e1chranku, a\u017e kdy\u017e byli ve v\u00e1\u017en\u00e9m stavu.<\/p>\n<p>Pro stacion\u00e1\u0159, kde pob\u00fdvali pacienti s Alzheimerovou nemoc\u00ed, byl nezbytn\u00fd pro\u0161kolen\u00fd zdravotnick\u00fd person\u00e1l, ten tam ale chyb\u011bl. &#8222;Nemocn\u00ed si neuv\u011bdom\u00ed, \u017ee mus\u00ed na toaletu, nepoznaj\u00ed, \u017ee maj\u00ed j\u00edst nebo p\u00edt. Proto je mus\u00ed sledovat pro\u0161kolen\u00fd person\u00e1l,&#8220; uvedla odbornice na Alzheimerovu chorobu Martina Susov\u00e1.<\/p>\n<p>Mnoho klient\u016f p\u0159itom dost\u00e1valo od st\u00e1tu p\u0159\u00edsp\u011bvek na p\u00e9\u010di, kter\u00fd u lid\u00ed s pokro\u010dilou Alzheimerovou chorobou \u010dinil 12 tis\u00edc korun m\u011bs\u00ed\u010dn\u011b.<\/p>\n<p>Obh\u00e1jkyn\u011b \u0159editelky Jaroslavy Locha\u0159ov\u00e9 v z\u00e1v\u011bre\u010dn\u00e9 \u0159e\u010di zkritizovala \u010desk\u00fd zdravotn\u00ed syst\u00e9m. Upozornila, \u017ee zdravotn\u00ed poji\u0161\u0165ovny propl\u00e1c\u00ed nemohouc\u00edm senior\u016fm jen dv\u011b a p\u016fl pleny denn\u011b bez ohledu na jejich zdravotn\u00ed probl\u00e9my. Na v\u00fdpov\u011bdi sv\u011bdk\u016f nam\u00edtla, \u017ee popisovali jen p\u0159\u00edznaky typick\u00e9 pro pacienty s Alzheimerovou nemoc\u00ed. &#8222;U\u017e se nehled\u00ed na to, \u017ee des\u00edtky dal\u0161\u00edch klient\u016f byly spokojen\u00e9,&#8220; uvedla advok\u00e1tka.<\/p>\n<p>Obh\u00e1jce Hata\u0161ov\u00e9 k tomu p\u0159idal argument, \u017ee svrab, kter\u00fdm obyvatel\u00e9 stacion\u00e1\u0159e trp\u011bli, je nej\u010dast\u011bj\u0161\u00edm parazitn\u00edm onemocn\u011bn\u00edm v \u010cesku a maj\u00ed ho i d\u011bti ve \u0161kolk\u00e1ch. Dodal, \u017ee za den ve stacion\u00e1\u0159i klienti platili 180 K\u010d a 150 K\u010d p\u0159ipl\u00e1celi za stravu. &#8222;Lep\u0161\u00ed p\u00e9\u010di tak m\u00edt nemohli,&#8220; \u0159ekl.<\/p>\n<p>\u017dalobkyn\u011b v\u0161ak upozornila, \u017ee stacion\u00e1\u0159 \u010derpal milionov\u00e9 dotace a p\u0159\u00edsp\u011bvky na p\u00e9\u010di, za co\u017e se podle n\u00ed klienti do\u010dkali jen poni\u017eov\u00e1n\u00ed. Zd\u016fraznila, \u017ee stacion\u00e1\u0159 si vyb\u00edral nejzraniteln\u011bj\u0161\u00ed klienty, bral za n\u011b jen pen\u00edze, ale nestaral se o n\u011b. &#8222;Star\u00fdch lid\u00ed bude p\u0159ib\u00fdvat a za\u0159\u00edzen\u00edch pro n\u011b bude vznikat v\u00edc a v\u00edc. Je pot\u0159eba vymezit hranici, jak by m\u011bla fungovat,&#8220; podotkla \u017ealobkyn\u011b. Ob\u011bma ob\u017ealovan\u00fdm proto navrhovala nepodm\u00edn\u011bn\u00e9 tresty.<\/p>\n<p>Na z\u00e1v\u011br soudu p\u0159i\u0161la z ob\u017ealovan\u00fdch jen hlavn\u00ed sestra \u0160\u00e1rka Hata\u0161ov\u00e1. V z\u00e1v\u011bre\u010dn\u00e9 \u0159e\u010di \u0159ekla, \u017ee se c\u00edt\u00ed nevinn\u00e1. &#8222;Kdy\u017e jsem nastoupila do stacion\u00e1\u0159e, bylo v\u0161e zab\u011bhnut\u00e9. Nemohla sem d\u011blat \u017e\u00e1dn\u00e9 zm\u011bny, t\u0159eba vymalovat, koupit nov\u00fd n\u00e1bytek \u010di povle\u010den\u00ed. Byla jsem tam jedin\u00e1 se zdravotn\u00edm vzd\u011bl\u00e1n\u00edm a nebylo tak v m\u00fdch sil\u00e1ch poskytovat adekv\u00e1tn\u00ed p\u00e9\u010di pades\u00e1ti klient\u016fm,&#8220; \u0159ekla.<\/p>\n<p>V\u00fdpov\u011b\u010f ve stacion\u00e1\u0159i dala v dubnu 2010 a nyn\u00ed provozuje podobn\u00e9 za\u0159\u00edzen\u00ed, kde m\u00e1 sv\u00e9 zam\u011bstnance a zdravotnick\u00fd person\u00e1l. V\u0161echny kontroly v jej\u00edm za\u0159\u00edzen\u00ed dopadaj\u00ed dob\u0159e. &#8222;Nejsem \u010dlov\u011bk, kter\u00fd by n\u011bkomu necht\u011bl pomoci. Nepochybila jsem, svoji pr\u00e1ci jsem d\u011blala sv\u011bdomit\u011b,&#8220; zd\u016fraznila Hata\u0161ov\u00e1. Za\u0159\u00edzen\u00ed m\u016f\u017ee provozovat d\u00e1l, proto\u017ee soudkyn\u011b j\u00ed k podm\u00edn\u011bn\u00e9mu trestu neulo\u017eila z\u00e1kaz \u010dinnosti.<br \/>\nRozsudek zat\u00edm nen\u00ed pravomocn\u00fd, v\u0161ichni si ponechali lh\u016ftu na p\u0159\u00edpadn\u00e9 odvol\u00e1n\u00ed.<\/p>\n<p>Miroslava Strnadov\u00e1, s p\u0159isp\u011bn\u00edm Ale\u0161e Hor\u00e1\u010dka<\/p>\n<p>Mlad\u00e1 fronta DNES<\/p>\n","protected":false},"excerpt":{"rendered":"<div class=\"mh-excerpt\"><p>Soud v Chomutov\u011b potrestal \u010dty\u0159mi lety v\u011bzen\u00ed b\u00fdvalou \u0159editelku chomutovsk\u00e9ho stacion\u00e1\u0159e Nad\u011bje 2000 Jaroslavu Locha\u0159ovou, ve kter\u00e9m klienti \u017eivo\u0159ili v katastrof\u00e1ln\u00edch podm\u00ednk\u00e1ch.<\/p>\n<\/div>","protected":false},"author":1,"featured_media":17508,"comment_status":"open","ping_status":"closed","sticky":false,"template":"","format":"standard","meta":{"footnotes":""},"categories":[7],"tags":[],"class_list":["post-19239","post","type-post","status-publish","format-standard","has-post-thumbnail","hentry","category-spolecnost"],"_links":{"self":[{"href":"https:\/\/www.invarena.cz\/index.php?rest_route=\/wp\/v2\/posts\/19239","targetHints":{"allow":["GET"]}}],"collection":[{"href":"https:\/\/www.invarena.cz\/index.php?rest_route=\/wp\/v2\/posts"}],"about":[{"href":"https:\/\/www.invarena.cz\/index.php?rest_route=\/wp\/v2\/types\/post"}],"author":[{"embeddable":true,"href":"https:\/\/www.invarena.cz\/index.php?rest_route=\/wp\/v2\/users\/1"}],"replies":[{"embeddable":true,"href":"https:\/\/www.invarena.cz\/index.php?rest_route=%2Fwp%2Fv2%2Fcomments&post=19239"}],"version-history":[{"count":0,"href":"https:\/\/www.invarena.cz\/index.php?rest_route=\/wp\/v2\/posts\/19239\/revisions"}],"wp:featuredmedia":[{"embeddable":true,"href":"https:\/\/www.invarena.cz\/index.php?rest_route=\/wp\/v2\/media\/17508"}],"wp:attachment":[{"href":"https:\/\/www.invarena.cz\/index.php?rest_route=%2Fwp%2Fv2%2Fmedia&parent=19239"}],"wp:term":[{"taxonomy":"category","embeddable":true,"href":"https:\/\/www.invarena.cz\/index.php?rest_route=%2Fwp%2Fv2%2Fcategories&post=19239"},{"taxonomy":"post_tag","embeddable":true,"href":"https:\/\/www.invarena.cz\/index.php?rest_route=%2Fwp%2Fv2%2Ftags&post=19239"}],"curies":[{"name":"wp","href":"https:\/\/api.w.org\/{rel}","templated":true}]}}