{"id":19244,"date":"2015-01-08T11:55:21","date_gmt":"2015-01-08T10:55:21","guid":{"rendered":"http:\/\/www.invarena.cz\/?p=19244"},"modified":"2015-01-08T11:55:21","modified_gmt":"2015-01-08T10:55:21","slug":"univerzitni-centrum-podpory-ujep","status":"publish","type":"post","link":"https:\/\/www.invarena.cz\/?p=19244","title":{"rendered":"Univerzitn\u00ed centrum podpory UJEP"},"content":{"rendered":"<p><strong>Univerzitn\u00ed centrum podpory pro studenty se specifick\u00fdmi vzd\u011bl\u00e1vac\u00edmi pot\u0159ebami Univerzity J. E. Purkyn\u011b v \u00dast\u00ed nad Labem v konci roku prezentuje svoje v\u00fdsledky a aktivity v roce 2014.<\/strong><!--more--><\/p>\n<p>Univerzitn\u00ed centrum podpory na UJEP si klade za c\u00edl zp\u0159\u00edstupnit studium osob\u00e1m s r\u016fzn\u00fdmi typy zdravotn\u00edho posti\u017een\u00ed \u010di se socioekonomick\u00fdm znev\u00fdhodn\u011bn\u00edm.<\/p>\n<p>K dosa\u017een\u00ed tohoto c\u00edle sm\u011b\u0159uje vzd\u011bl\u00e1v\u00e1n\u00edm vlastn\u00edch pedagog\u016f, ale nap\u0159\u00edklad i osv\u011btou dan\u00e9 problematiky na st\u0159edn\u00edch \u0161kol\u00e1ch. Krom\u011b toho zah\u00e1jila \u00fasteck\u00e1 univerzita v tomto roce stavebn\u00ed \u00fapravy 5 sv\u00fdch objekt\u016f za \u00fa\u010delem jejich zp\u0159\u00edstupn\u011bn\u00ed pr\u00e1v\u011b osob\u00e1m se zdravotn\u00edm posti\u017een\u00edm, zejm\u00e9na s omezenou schopnost\u00ed pohybu.<\/p>\n<p>Univerzitn\u00ed centrum podpory se ve sv\u00e9 aktivit\u011b zam\u011b\u0159ilo zejm\u00e9na na st\u0159edn\u00ed \u0161koly z regionu, kter\u00e9 ve spolupr\u00e1ci s Krajsk\u00fdm \u00fa\u0159adem \u00dasteck\u00e9ho kraje informuje o mo\u017enostech, jak se do projektu aktivn\u011b zapojit.<\/p>\n<p>Spolupr\u00e1ce v\u0161ak nen\u00ed zalo\u017eena pouze na vz\u00e1jemn\u00e9m p\u0159ed\u00e1v\u00e1n\u00ed informac\u00ed. V r\u00e1mci zp\u0159\u00edstup\u0148ov\u00e1n\u00ed studijn\u00edho prost\u0159ed\u00ed UJEP centrum aktivn\u011b zaji\u0161\u0165uje mno\u017estv\u00ed vzd\u011bl\u00e1vac\u00edch aktivit pro v\u00fdchovn\u00e9 \u010di kari\u00e9rn\u00ed poradce, pedagogy a dal\u0161\u00ed odbornou ve\u0159ejnost.<\/p>\n<p>Informovanost o pr\u00e1ci s osobami s handicapem je d\u016fle\u017eit\u00e1 tak\u00e9 pro samotn\u00e9 pracovn\u00edky univerzity. Ti v leto\u0161n\u00edm roce nav\u0161t\u00edvili tak\u0159ka sto vzd\u011bl\u00e1vac\u00edch akc\u00ed a n\u011bkolik exkurz\u00ed na jin\u00fdch pracovi\u0161t\u00edch, kter\u00e1 maj\u00ed v oblasti zp\u0159\u00edstup\u0148ov\u00e1n\u00ed studijn\u00edho prost\u0159ed\u00ed dlouholet\u00e9 zku\u0161enosti.<br \/>\nVzd\u011bl\u00e1vac\u00ed akce byly zam\u011b\u0159eny prim\u00e1rn\u011b na problematiku komunikace, edukace a podpory student\u016f se specifick\u00fdmi n\u00e1roky. Jako p\u0159\u00edklad m\u016f\u017eeme uv\u00e9st intenzivn\u00ed kurz znakov\u00e9 \u010de\u0161tiny v celkov\u00e9m rozsahu 96 hodin, kter\u00fd pro UJEP zaji\u0161\u0165uje organizace Tich\u00fd sv\u011bt.<\/p>\n<p>V r\u00e1mci popularizace t\u011bchto aktivit a sezn\u00e1men\u00ed se s \u0159e\u0161enou problematikou se na p\u016fd\u011b UJEP konal v \u0159\u00edjnu 2014 Festival p\u0159\u00edstupn\u00e1 univerzita, kde se \u00fa\u010dastn\u00edci sezn\u00e1mili s organizacemi poskytuj\u00edc\u00edmi slu\u017eby osob\u00e1m se specifick\u00fdmi n\u00e1roky. M\u011bli tak\u00e9 mo\u017enost vyzkou\u0161et si pom\u016fcky pro handicapovan\u00e9 a z\u00fa\u010dastnit se p\u0159edn\u00e1\u0161ek a workshop\u016f na dan\u00e9 t\u00e9ma.<\/p>\n<p>Pro odbornou ve\u0159ejnost byla ji\u017e v z\u00e1\u0159\u00ed v Most\u011b uspo\u0159\u00e1d\u00e1na konference s n\u00e1zvem Vzd\u011bl\u00e1v\u00e1n\u00ed bez bari\u00e9r, jej\u00ed\u017e opakov\u00e1n\u00ed je pl\u00e1nov\u00e1no na leden 2015 v Litom\u011b\u0159ic\u00edch. Univerzitn\u00ed centrum podpory t\u00e9\u017e spolupracuje s \u0159adou neziskov\u00fdch organizac\u00ed, nap\u0159. s Dobrovolnick\u00fdm centrem v \u00dast\u00ed nad Labem, kter\u00e9 informace o \u010dinnosti Univerzitn\u00edho centra podpory prezentuje v r\u00e1mci sv\u00fdch aktivit. I nad\u00e1le prob\u00edhala spolupr\u00e1ce s Krajsk\u00fdm centrem pro zdravotn\u011b posti\u017een\u00e9 \u00dasteck\u00e9ho kraje, kter\u00e9 je z\u00e1rove\u0148 partnerem \u0159e\u0161en\u00e9ho projektu.<\/p>\n<p>V p\u0159\u00ed\u0161t\u00edm roce se chce Univerzitn\u00ed centrum podpory zam\u011b\u0159it na absolventy st\u0159edn\u00edch \u0161kol a podporu st\u00e1vaj\u00edc\u00edch student\u016f UJEP se specifick\u00fdmi n\u00e1roky. Pro pot\u0159eby obou uv\u00e1d\u011bn\u00fdch skupin byl inovov\u00e1n web Univerzitn\u00edho centra podpory bezbarier.ujep.cz tak, aby v maxim\u00e1ln\u00ed mo\u017en\u00e9 m\u00ed\u0159e spl\u0148oval p\u0159\u00edsn\u00e9 parametry p\u0159\u00edstupn\u00e9ho webu. Sou\u010dasn\u00ed i budouc\u00ed na\u0161i studenti zde najdou v\u00fdpis obor\u016f jednotliv\u00fdch fakult UJEP, nab\u00edzen\u00e9 kompenza\u010dn\u00ed pom\u016fcky, v\u00fd\u010det podp\u016frn\u00fdch opat\u0159en\u00ed poskytovan\u00fdch centrem a dal\u0161\u00ed u\u017eite\u010dn\u00e9 informace, v\u010detn\u011b kontaktn\u00edch \u00fadaj\u016f. Nejbli\u017e\u0161\u00ed akc\u00ed pro uchaze\u010de o studium je Den otev\u0159en\u00fdch dve\u0159\u00ed dne 22. ledna 2015, na kter\u00fd je t\u00edmto z\u00e1rove\u0148 zveme a t\u011b\u0161\u00edme se na jejich \u00fa\u010dast.<\/p>\n<p>Libereck\u00fd den\u00edk<\/p>\n","protected":false},"excerpt":{"rendered":"<div class=\"mh-excerpt\"><p>Univerzitn\u00ed centrum podpory pro studenty se specifick\u00fdmi vzd\u011bl\u00e1vac\u00edmi pot\u0159ebami Univerzity J. E. Purkyn\u011b v \u00dast\u00ed nad Labem v konci roku prezentuje svoje v\u00fdsledky a aktivity <a class=\"mh-excerpt-more\" href=\"https:\/\/www.invarena.cz\/?p=19244\" title=\"Univerzitn\u00ed centrum podpory UJEP\">[&#8230;]<\/a><\/p>\n<\/div>","protected":false},"author":1,"featured_media":16916,"comment_status":"open","ping_status":"closed","sticky":false,"template":"","format":"standard","meta":{"footnotes":""},"categories":[9],"tags":[],"class_list":["post-19244","post","type-post","status-publish","format-standard","has-post-thumbnail","hentry","category-zpravy"],"_links":{"self":[{"href":"https:\/\/www.invarena.cz\/index.php?rest_route=\/wp\/v2\/posts\/19244","targetHints":{"allow":["GET"]}}],"collection":[{"href":"https:\/\/www.invarena.cz\/index.php?rest_route=\/wp\/v2\/posts"}],"about":[{"href":"https:\/\/www.invarena.cz\/index.php?rest_route=\/wp\/v2\/types\/post"}],"author":[{"embeddable":true,"href":"https:\/\/www.invarena.cz\/index.php?rest_route=\/wp\/v2\/users\/1"}],"replies":[{"embeddable":true,"href":"https:\/\/www.invarena.cz\/index.php?rest_route=%2Fwp%2Fv2%2Fcomments&post=19244"}],"version-history":[{"count":0,"href":"https:\/\/www.invarena.cz\/index.php?rest_route=\/wp\/v2\/posts\/19244\/revisions"}],"wp:featuredmedia":[{"embeddable":true,"href":"https:\/\/www.invarena.cz\/index.php?rest_route=\/wp\/v2\/media\/16916"}],"wp:attachment":[{"href":"https:\/\/www.invarena.cz\/index.php?rest_route=%2Fwp%2Fv2%2Fmedia&parent=19244"}],"wp:term":[{"taxonomy":"category","embeddable":true,"href":"https:\/\/www.invarena.cz\/index.php?rest_route=%2Fwp%2Fv2%2Fcategories&post=19244"},{"taxonomy":"post_tag","embeddable":true,"href":"https:\/\/www.invarena.cz\/index.php?rest_route=%2Fwp%2Fv2%2Ftags&post=19244"}],"curies":[{"name":"wp","href":"https:\/\/api.w.org\/{rel}","templated":true}]}}