{"id":19246,"date":"2015-01-10T12:06:37","date_gmt":"2015-01-10T11:06:37","guid":{"rendered":"http:\/\/www.invarena.cz\/?p=19246"},"modified":"2015-01-10T12:23:34","modified_gmt":"2015-01-10T11:23:34","slug":"v-templu-vystavuji-ti-kteri-nikdy-nevideli-svet","status":"publish","type":"post","link":"https:\/\/www.invarena.cz\/?p=19246","title":{"rendered":"V Templu vystavuj\u00ed ti, kte\u0159\u00ed nikdy nevid\u011bli sv\u011bt"},"content":{"rendered":"<p><strong>PRVN\u00cd V\u00ddSTAVA leto\u0161n\u00edho roku pat\u0159\u00ed v m\u011bstsk\u00e9m pal\u00e1ci Templ nevidom\u00fdm. P\u0159ivezli ji z\u00e1stupci nadace Artevide, kter\u00e1 pracuje s nevidom\u00fdmi d\u011btmi, ml\u00e1de\u017e\u00ed i dosp\u011bl\u00fdmi od roku 2007.<\/strong><!--more--><\/p>\n<p>V\u0161echna d\u00edla, kter\u00e1 nyn\u00ed zdob\u00ed v\u00fdstavn\u00ed prostor, vznikla unik\u00e1tn\u00ed technikou, jej\u00edm\u017e autorem je akademick\u00fd mal\u00ed\u0159 Dino \u010ce\u010do.<\/p>\n<p>&#8222;Tato technika je naprosto up\u0159\u00edmn\u00e1. Umo\u017e\u0148uje jenom tvo\u0159it, ne mazat nebo upravovat,&#8220; zam\u00fd\u0161l\u00ed se mal\u00ed\u0159. Jeho haptick\u00e1, tedy dotykov\u00e1 metoda spo\u010d\u00edv\u00e1 v tom, \u017ee nevidom\u00ed um\u011blci p\u016fsob\u00ed na pl\u00e1tno, pod kter\u00fdm se nach\u00e1z\u00ed vrstva magnetick\u00e9 barvy. P\u016fsoben\u00edm vznikaj\u00ed jednoduch\u00e9 obrazy. Ty nejlep\u0161\u00ed se n\u00e1sledn\u011b nafot\u00ed, p\u0159evedou do podoby reli\u00e9fu a jsou \u010diteln\u00e9 jako v\u00fdtvarn\u00e1 d\u00edla i pro dal\u0161\u00ed nevidom\u00e9, kte\u0159\u00ed si je mohou na v\u00fdstav\u00e1ch osahat. V\u00fdstava Um\u011bn\u00ed ze tmy bude dostupn\u00e1 do 8. \u00fanora.<\/p>\n<p>&#8222;Pracujeme pouze s lidmi nevidom\u00fdmi od narozen\u00ed, s lidmi, kte\u0159\u00ed nikdy nevid\u011bli sv\u011bt. Za\u010d\u00ednali jsme s pades\u00e1ti, skute\u010dn\u00e1 d\u00edla jich tvo\u0159\u00ed asi desetina. Ti jsou d\u016fkazem, \u017ee talent je vrozen\u00fd,&#8220; dod\u00e1v\u00e1 Dino \u010ce\u010do.<\/p>\n<p>http:\/\/www.boleslavsky.denik.cz\/<\/p>\n","protected":false},"excerpt":{"rendered":"<div class=\"mh-excerpt\"><p>PRVN\u00cd V\u00ddSTAVA leto\u0161n\u00edho roku pat\u0159\u00ed v m\u011bstsk\u00e9m pal\u00e1ci Templ nevidom\u00fdm. P\u0159ivezli ji z\u00e1stupci nadace Artevide, kter\u00e1 pracuje s nevidom\u00fdmi d\u011btmi, ml\u00e1de\u017e\u00ed i dosp\u011bl\u00fdmi od roku <a class=\"mh-excerpt-more\" href=\"https:\/\/www.invarena.cz\/?p=19246\" title=\"V Templu vystavuj\u00ed ti, kte\u0159\u00ed nikdy nevid\u011bli sv\u011bt\">[&#8230;]<\/a><\/p>\n<\/div>","protected":false},"author":1,"featured_media":8202,"comment_status":"open","ping_status":"closed","sticky":false,"template":"","format":"standard","meta":{"footnotes":""},"categories":[17],"tags":[],"class_list":["post-19246","post","type-post","status-publish","format-standard","has-post-thumbnail","hentry","category-kultura"],"_links":{"self":[{"href":"https:\/\/www.invarena.cz\/index.php?rest_route=\/wp\/v2\/posts\/19246","targetHints":{"allow":["GET"]}}],"collection":[{"href":"https:\/\/www.invarena.cz\/index.php?rest_route=\/wp\/v2\/posts"}],"about":[{"href":"https:\/\/www.invarena.cz\/index.php?rest_route=\/wp\/v2\/types\/post"}],"author":[{"embeddable":true,"href":"https:\/\/www.invarena.cz\/index.php?rest_route=\/wp\/v2\/users\/1"}],"replies":[{"embeddable":true,"href":"https:\/\/www.invarena.cz\/index.php?rest_route=%2Fwp%2Fv2%2Fcomments&post=19246"}],"version-history":[{"count":0,"href":"https:\/\/www.invarena.cz\/index.php?rest_route=\/wp\/v2\/posts\/19246\/revisions"}],"wp:featuredmedia":[{"embeddable":true,"href":"https:\/\/www.invarena.cz\/index.php?rest_route=\/wp\/v2\/media\/8202"}],"wp:attachment":[{"href":"https:\/\/www.invarena.cz\/index.php?rest_route=%2Fwp%2Fv2%2Fmedia&parent=19246"}],"wp:term":[{"taxonomy":"category","embeddable":true,"href":"https:\/\/www.invarena.cz\/index.php?rest_route=%2Fwp%2Fv2%2Fcategories&post=19246"},{"taxonomy":"post_tag","embeddable":true,"href":"https:\/\/www.invarena.cz\/index.php?rest_route=%2Fwp%2Fv2%2Ftags&post=19246"}],"curies":[{"name":"wp","href":"https:\/\/api.w.org\/{rel}","templated":true}]}}