{"id":19263,"date":"2015-01-10T11:54:10","date_gmt":"2015-01-10T10:54:10","guid":{"rendered":"http:\/\/www.invarena.cz\/?p=19263"},"modified":"2015-01-10T12:07:17","modified_gmt":"2015-01-10T11:07:17","slug":"mentalne-postizeni-absolventi-ss-potrebuji-integrovanou-spolecnost-jihlavske-listy","status":"publish","type":"post","link":"https:\/\/www.invarena.cz\/?p=19263","title":{"rendered":"Ment\u00e1ln\u011b posti\u017een\u00ed absolventi S\u0160 pot\u0159ebuj\u00ed integrovanou spole\u010dnost"},"content":{"rendered":"<p><strong>Z\u0160 speci\u00e1ln\u00ed a Praktick\u00e1 \u0161kola Jihlava je jedin\u00e1 v Jihlav\u011b, kter\u00e9 se v\u011bnuje t\u00e9\u017e st\u0159edo\u0161kolsk\u00e9mu vzd\u011bl\u00e1v\u00e1n\u00ed \u017e\u00e1k\u016f s ment\u00e1ln\u00edm posti\u017een\u00edm. Pracuje tak\u00e9 na vytv\u00e1\u0159en\u00ed spole\u010dnosti, kter\u00e1 by tyto mlad\u00e9 lidi pln\u011b akceptovala.<\/strong><!--more--><\/p>\n<p><em>ilustra\u010dn\u00ed foto: thiquinho \/ sxc.hu<\/em><\/p>\n<p>U\u017e jeden\u00e1ct\u00fdm rokem prob\u00edhaj\u00ed pravideln\u00e1 integra\u010dn\u00ed setk\u00e1n\u00ed \u017e\u00e1k\u016f Z\u0160 speci\u00e1ln\u00ed a Praktick\u00e9 \u0161koly Jihlava se \u017e\u00e1ky Z\u0160 Seifertova. P\u0159i nich se pedagogov\u00e9 sna\u017e\u00ed umo\u017enit zdrav\u00fdm d\u011btem ze z\u00e1kladn\u00ed \u0161koly nahl\u00e9dnout do \u017eivota jejich koleg\u016f, mlad\u00fdch lid\u00ed s posti\u017een\u00edm.<\/p>\n<p>Na za\u010d\u00e1tku leto\u0161n\u00edho \u0161koln\u00edho roku se 24. z\u00e1\u0159\u00ed uskute\u010dnil spole\u010dn\u00fd v\u00fdlet \u017e\u00e1k\u016f obou \u0161kol do Prahy. Nav\u0161t\u00edvili Pra\u017esk\u00fd hrad, katedr\u00e1lu sv. V\u00edta a dal\u0161\u00ed n\u00e1rodn\u00ed kulturn\u00ed pam\u00e1tky, prohl\u00e9dli si Prahu z paluby parn\u00edku. Ze Z\u0160 speci\u00e1ln\u00ed a Praktick\u00e9 \u0161koly se akce z\u00fa\u010dastnili p\u0159edev\u0161\u00edm st\u0159edo\u0161kol\u00e1ci, tedy studenti Praktick\u00e9 \u0161koly.<\/p>\n<p>C\u00edlem setk\u00e1v\u00e1n\u00ed zdrav\u00fdch a nemocn\u00fdch \u017e\u00e1k\u016f je zm\u00edr\u0148ov\u00e1n\u00ed ohro\u017een\u00ed zdravotn\u011b posti\u017een\u00fdch osob soci\u00e1ln\u00edm vylou\u010den\u00edm. Zdrav\u00e9 d\u011bti z\u00edsk\u00e1vaj\u00ed poznatky o pot\u0159eb\u00e1ch ment\u00e1ln\u011b a kombinovan\u011b posti\u017een\u00fdch, o jejich mo\u017enostech komunikace a pohybu po m\u011bst\u011b.<\/p>\n<p>&#8222;Spole\u010dn\u00fd netradi\u010dn\u00ed z\u00e1\u017eitek m\u011bl u v\u0161ech z\u00fa\u010dastn\u011bn\u00fdch velk\u00fd kladn\u00fd ohlas,&#8220; \u0159\u00edk\u00e1 Pavla Nov\u00e1kov\u00e1, pedago\u017eka Praktick\u00e9 \u0161koly. Projekt byl nazv\u00e1n Spole\u010dn\u011b za n\u00e1rodn\u00edmi kulturn\u00edmi pam\u00e1tkami, navazuje na r\u016fzn\u00e9 mnohalet\u00e9 integra\u010dn\u00ed aktivity \u0161koly. Podalo ho Ob\u010dansk\u00e9 sdru\u017een\u00ed Kam\u00ednek, kter\u00e9 p\u0159i Z\u0160 speci\u00e1ln\u00ed pracuje, schv\u00e1len byl v r\u00e1mci dota\u010dn\u00edho programu Zdrav\u00e9 m\u011bsto a MA 21.<\/p>\n<p>Podle Nov\u00e1kov\u00e9 se tak \u0161kola sna\u017e\u00ed pomoci navodit spole\u010denskou atmosf\u00e9ru skute\u010dn\u00e9 integrace posti\u017een\u00fdch lid\u00ed mezi zdravou populaci t\u00edm, \u017ee se tato (po\u010d\u00ednaje mlad\u00fdmi lidmi) ji\u017e nebude ob\u00e1vat nab\u00eddnout pomoc lidem s omezen\u00edm. Praktick\u00e1 \u0161kola v Jihlav\u011b m\u00e1 v t\u00e9to dob\u011b ve t\u0159ech t\u0159\u00edd\u00e1ch 24 \u017e\u00e1k\u016f ve v\u011bkov\u00e9m rozmez\u00ed 17 a\u017e 26 let. V nov\u00fdch modern\u00edch prostor\u00e1ch na s\u00eddli\u0161ti B\u0159ezinova byla tato st\u0159edn\u00ed \u0161kola p\u0159i Z\u0160 speci\u00e1ln\u00ed otev\u0159ena p\u0159ed \u010dty\u0159mi lety, a m\u00e1 tak u\u017e i prvn\u00ed absolventy. P\u0159esto\u017ee jednomu z nich se poda\u0159ilo uplatnit jako manu\u00e1ln\u00ed pracovn\u00edk v technick\u00fdch slu\u017eb\u00e1ch v T\u0159e\u0161ti, podle \u0159editelky \u0161koly Zuzany \u0160imkov\u00e9 je obecn\u011b uplatn\u011bn\u00ed absolvent\u016f s ment\u00e1ln\u00edm posti\u017een\u00edm velk\u00fd probl\u00e9m.<\/p>\n<p>Siln\u011b to plat\u00ed na Jihlavsku a na Vyso\u010din\u011b, kde je velmi m\u00e1lo za\u0159\u00edzen\u00ed a pracovn\u00edch p\u0159\u00edle\u017eitost\u00ed, nap\u0159\u00edklad chr\u00e1n\u011bn\u00fdch d\u00edlen, ur\u010den\u00fdch pro takto posti\u017een\u00e9 lidi. &#8222;V situaci, kdy i zdrav\u00ed lid\u00e9 maj\u00ed \u010dasto probl\u00e9m naj\u00edt pr\u00e1ci, je to samoz\u0159ejm\u011b pro lidi s takov\u00fdmto posti\u017een\u00edm o to v\u011bt\u0161\u00ed pot\u00ed\u017e,&#8220; \u0159\u00edk\u00e1 \u0160imkov\u00e1.<\/p>\n<p>Dal\u0161\u00ed negativn\u00ed okolnost\u00ed je leto\u0161n\u00ed ukon\u010den\u00ed projektu tzv. Aktiva\u010dn\u00edch center, kter\u00e1 v uplynul\u00fdch letech umo\u017e\u0148ovala mlad\u00fdm lidem s ment\u00e1ln\u00edm posti\u017een\u00edm doch\u00e1zet i po skon\u010den\u00ed \u0161koln\u00ed doch\u00e1zky nad\u00e1le do sv\u00e9ho zn\u00e1m\u00e9ho \u0161koln\u00edho prost\u0159ed\u00ed a kolektivu. &#8222;Byla to v\u00fdborn\u00e1 v\u011bc a rodi\u010de by velmi uv\u00edtali, kdyby projekt pokra\u010doval, ale zat\u00edm v tom sm\u011bru nem\u00e1me \u017e\u00e1dn\u00e9 informace,&#8220; konstatuje \u0160imkov\u00e1.<\/p>\n<p>P\u0159esto absolventi st\u0159edn\u00ed Praktick\u00e9 \u0161koly Jihlava nejsou pln\u011b odk\u00e1z\u00e1n\u00ed z\u016fst\u00e1vat jen ve sv\u00e9m dom\u00e1c\u00edm prost\u0159ed\u00ed. Podle \u0160imkov\u00e9 nach\u00e1z\u00ed v\u011bt\u0161ina z nich dal\u0161\u00ed \u00fato\u010di\u0161t\u011b ve stacion\u00e1\u0159\u00edch, kter\u00e9 tu pro n\u011b pracuj\u00ed.<\/p>\n<p>http:\/\/www.jihlavske-listy.cz\/<\/p>\n<p>&nbsp;<\/p>\n","protected":false},"excerpt":{"rendered":"<div class=\"mh-excerpt\"><p>Z\u0160 speci\u00e1ln\u00ed a Praktick\u00e1 \u0161kola Jihlava je jedin\u00e1 v Jihlav\u011b, kter\u00e9 se v\u011bnuje t\u00e9\u017e st\u0159edo\u0161kolsk\u00e9mu vzd\u011bl\u00e1v\u00e1n\u00ed \u017e\u00e1k\u016f s ment\u00e1ln\u00edm posti\u017een\u00edm. Pracuje tak\u00e9 na vytv\u00e1\u0159en\u00ed spole\u010dnosti, <a class=\"mh-excerpt-more\" href=\"https:\/\/www.invarena.cz\/?p=19263\" title=\"Ment\u00e1ln\u011b posti\u017een\u00ed absolventi S\u0160 pot\u0159ebuj\u00ed integrovanou spole\u010dnost\">[&#8230;]<\/a><\/p>\n<\/div>","protected":false},"author":1,"featured_media":18704,"comment_status":"open","ping_status":"closed","sticky":false,"template":"","format":"standard","meta":{"footnotes":""},"categories":[9],"tags":[],"class_list":["post-19263","post","type-post","status-publish","format-standard","has-post-thumbnail","hentry","category-zpravy"],"_links":{"self":[{"href":"https:\/\/www.invarena.cz\/index.php?rest_route=\/wp\/v2\/posts\/19263","targetHints":{"allow":["GET"]}}],"collection":[{"href":"https:\/\/www.invarena.cz\/index.php?rest_route=\/wp\/v2\/posts"}],"about":[{"href":"https:\/\/www.invarena.cz\/index.php?rest_route=\/wp\/v2\/types\/post"}],"author":[{"embeddable":true,"href":"https:\/\/www.invarena.cz\/index.php?rest_route=\/wp\/v2\/users\/1"}],"replies":[{"embeddable":true,"href":"https:\/\/www.invarena.cz\/index.php?rest_route=%2Fwp%2Fv2%2Fcomments&post=19263"}],"version-history":[{"count":0,"href":"https:\/\/www.invarena.cz\/index.php?rest_route=\/wp\/v2\/posts\/19263\/revisions"}],"wp:featuredmedia":[{"embeddable":true,"href":"https:\/\/www.invarena.cz\/index.php?rest_route=\/wp\/v2\/media\/18704"}],"wp:attachment":[{"href":"https:\/\/www.invarena.cz\/index.php?rest_route=%2Fwp%2Fv2%2Fmedia&parent=19263"}],"wp:term":[{"taxonomy":"category","embeddable":true,"href":"https:\/\/www.invarena.cz\/index.php?rest_route=%2Fwp%2Fv2%2Fcategories&post=19263"},{"taxonomy":"post_tag","embeddable":true,"href":"https:\/\/www.invarena.cz\/index.php?rest_route=%2Fwp%2Fv2%2Ftags&post=19263"}],"curies":[{"name":"wp","href":"https:\/\/api.w.org\/{rel}","templated":true}]}}