{"id":19269,"date":"2015-01-12T07:37:10","date_gmt":"2015-01-12T06:37:10","guid":{"rendered":"http:\/\/www.invarena.cz\/?p=19269"},"modified":"2015-01-12T07:56:57","modified_gmt":"2015-01-12T06:56:57","slug":"prispevek-na-peci-se-bude-menit-mpsv-na-tom-zacne-pracovat","status":"publish","type":"post","link":"https:\/\/www.invarena.cz\/?p=19269","title":{"rendered":"P\u0159\u00edsp\u011bvek na p\u00e9\u010di se bude m\u011bnit. MPSV  na tom za\u010dne pracovat"},"content":{"rendered":"<p><strong>Ministerstvo pr\u00e1ce a soci\u00e1ln\u00edch v\u011bc\u00ed pl\u00e1nuje prov\u00e9st zm\u011bny v p\u0159\u00edsp\u011bvku na p\u00e9\u010di. Chyst\u00e1 se proto v prvn\u00ed polovin\u011b leto\u0161n\u00edho roku oslovit \u0159adu odborn\u00edk\u016f, kte\u0159\u00ed by na t\u011bchto zm\u011bn\u00e1ch spolupracovali.<\/strong><!--more--><br \/>\n&#8222;P\u0159ipravujeme \u0161irokou diskusn\u00ed platformu, v n\u00ed\u017e zasednou odborn\u00edci i zdravotn\u011b posti\u017een\u00ed, a kde dosp\u011bjeme ke spole\u010dn\u00e9 dohod\u011b nad \u00fapravou z\u00e1kona. Chci \u00fapravu p\u0159\u00edsp\u011bvku tak, aby byla zdravotn\u011b hendikepovan\u00fdm lidem poskytnuta nejkvalitn\u011bj\u0161\u00ed mo\u017en\u00e1 p\u00e9\u010de a aby nebyly opomenuty okruhy lid\u00ed, kter\u00e9 na p\u0159\u00edsp\u011bvek maj\u00ed n\u00e1rok,&#8220; uvedla Pr\u00e1vu ministryn\u011b pr\u00e1ce Michaela Marksov\u00e1 (\u010cSSD)..<\/p>\n<p>Agentura \u010cTK ned\u00e1vno upozornila na to, \u017ee V\u00fdzkumn\u00fd \u00fastav pr\u00e1ce a soci\u00e1ln\u00edch v\u011bc\u00ed p\u0159ed \u010dasem doporu\u010dil ve sv\u00e9 studii upravit p\u0159\u00edsp\u011bvek na p\u00e9\u010di tak, aby lid\u00e9, kte\u0159\u00ed by \u017eili doma a platili si p\u00e9\u010di profesion\u00e1l\u016f, dost\u00e1vali o n\u011bkolik tis\u00edcikorun v\u00edc ne\u017e dnes. Naopak p\u0159\u00edjemci nejni\u017e\u0161\u00ed \u010d\u00e1stky, jim\u017e pom\u00e1haj\u00ed p\u0159\u00edbuzn\u00ed \u010di zn\u00e1m\u00ed, by d\u00e1vka mohla b\u00fdt sn\u00ed\u017eena nebo by o ni mohli zcela p\u0159ij\u00edt.<\/p>\n<p>Opat\u0159en\u00ed by podle studie vytvo\u0159ilo popt\u00e1vku pro vznik ter\u00e9nn\u00edch slu\u017eeb a vznikala by tak nov\u00e1 pracovn\u00ed m\u00edsta pro pe\u010dovatele a soci\u00e1ln\u00ed pracovn\u00edky.<\/p>\n<p>Ke zv\u00fd\u0161en\u00ed p\u0159\u00edsp\u011bvk\u016f na p\u00e9\u010di dlouhodob\u011b vyz\u00fdv\u00e1 i \u0161\u00e9f N\u00e1rodn\u00ed rady osob se zdravotn\u00edm posti\u017een\u00edm V\u00e1clav Kr\u00e1sa. Sn\u00ed\u017eov\u00e1n\u00ed \u010di dokonce odn\u00edm\u00e1n\u00ed d\u00e1vky p\u0159i p\u00e9\u010di v rodin\u011b ale d\u016frazn\u011b odm\u00edt\u00e1. Podle n\u011bj toti\u017e p\u0159\u00edbuzn\u00ed st\u00e1tu nemal\u00e9 pen\u00edze \u0161et\u0159\u00ed, kdy\u017e se o sv\u00e9 bl\u00edzk\u00e9 staraj\u00ed sami.<\/p>\n<p>Nicm\u00e9n\u011b z uveden\u00e9 studie se bude p\u0159i tvorb\u011b nov\u00fdch pravidel pro p\u0159\u00edsp\u011bvek na p\u00e9\u010di bvych\u00e1zet jen \u010d\u00e1ste\u010dn\u011b. Podle ministryn\u011b Marksov\u00e9 je toti\u017e studie ji\u017e dva roky star\u00e1 a neodr\u00e1\u017e\u00ed jej\u00ed sou\u010dasnou p\u0159edstavu o p\u0159\u00edsp\u011bvku na p\u00e9\u010di.<\/p>\n<p>P\u0159\u00edsp\u011bvek na p\u00e9\u010di se vypl\u00e1c\u00ed od roku 2007.<\/p>\n<p><strong>10 z\u00e1kladn\u00edch \u017eivotn\u00edch pot\u0159eb:<\/strong><\/p>\n<p>mobilita, orientace, komunikace, stravov\u00e1n\u00ed, obl\u00e9k\u00e1n\u00ed a obouv\u00e1n\u00ed, t\u011blesn\u00e1 hygiena, v\u00fdkon fyziologick\u00e9 pot\u0159eby, p\u00e9\u010de o zdrav\u00ed, osobn\u00ed aktivity, p\u00e9\u010de o dom\u00e1cnost.<\/p>\n<p><strong>P\u0159\u00edsp\u011bvek na p\u00e9\u010di se p\u0159izn\u00e1v\u00e1 ve \u010dty\u0159ech stupn\u00edch:<\/strong><br \/>\n\u2013 I. stupe\u0148 \u2013 lehk\u00e1 z\u00e1vislost \u2013 ka\u017edodenn\u00ed pomoc nebo dohled z d\u016fvodu dlouhodob\u011b nep\u0159\u00edzniv\u00e9ho zdravotn\u00edho stavu p\u0159i 3 nebo 4 z\u00e1kladn\u00edch \u017eivotn\u00edch pot\u0159eb\u00e1ch (p\u0159\u00edsp\u011bvek ve v\u00fd\u0161i 800, K\u010d m\u011bs\u00ed\u010dn\u011b)<br \/>\n\u2013 II. stupe\u0148 \u2013 st\u0159edn\u011b t\u011b\u017ek\u00e1 z\u00e1vislost \u2013 ka\u017edodenn\u00ed pomoc nebo dohled p\u0159i 5 nebo 6 z\u00e1kladn\u00edch \u017eivotn\u00edch pot\u0159eb\u00e1ch (4.000,\/m\u011bs\u00edc)<br \/>\n\u2013 III. stupe\u0148 \u2013 t\u011b\u017ek\u00e1 z\u00e1vislost \u2013 ka\u017edodenn\u00ed pomoc nebo dohled p\u0159i 7 nebo 8 z\u00e1kladn\u00edch \u017eivotn\u00edch pot\u0159eb\u00e1ch (8.000,\/m\u011bs\u00edc)<br \/>\n\u2013 \u2013 IV. stupe\u0148 \u2013 \u00fapln\u00e1 z\u00e1vislost \u2013 ka\u017edodenn\u00ed pomoc nebo dohled p\u0159i 9 nebo 10 z\u00e1kladn\u00edch \u017eivotn\u00edch pot\u0159eb\u00e1ch (12.000,\/m\u011bs\u00edc)<\/p>\n<p>Od roku se 2007 se tyto p\u0159\u00edsp\u011bvky nevalorozovaly.<\/p>\n<p>invArena<\/p>\n","protected":false},"excerpt":{"rendered":"<div class=\"mh-excerpt\"><p>Ministerstvo pr\u00e1ce a soci\u00e1ln\u00edch v\u011bc\u00ed pl\u00e1nuje prov\u00e9st zm\u011bny v p\u0159\u00edsp\u011bvku na p\u00e9\u010di. Chyst\u00e1 se proto v prvn\u00ed polovin\u011b leto\u0161n\u00edho roku oslovit \u0159adu odborn\u00edk\u016f, kte\u0159\u00ed by <a class=\"mh-excerpt-more\" href=\"https:\/\/www.invarena.cz\/?p=19269\" title=\"P\u0159\u00edsp\u011bvek na p\u00e9\u010di se bude m\u011bnit. MPSV  na tom za\u010dne pracovat\">[&#8230;]<\/a><\/p>\n<\/div>","protected":false},"author":1,"featured_media":1226,"comment_status":"open","ping_status":"closed","sticky":false,"template":"","format":"standard","meta":{"footnotes":""},"categories":[1],"tags":[],"class_list":["post-19269","post","type-post","status-publish","format-standard","has-post-thumbnail","hentry","category-nezarazene"],"_links":{"self":[{"href":"https:\/\/www.invarena.cz\/index.php?rest_route=\/wp\/v2\/posts\/19269","targetHints":{"allow":["GET"]}}],"collection":[{"href":"https:\/\/www.invarena.cz\/index.php?rest_route=\/wp\/v2\/posts"}],"about":[{"href":"https:\/\/www.invarena.cz\/index.php?rest_route=\/wp\/v2\/types\/post"}],"author":[{"embeddable":true,"href":"https:\/\/www.invarena.cz\/index.php?rest_route=\/wp\/v2\/users\/1"}],"replies":[{"embeddable":true,"href":"https:\/\/www.invarena.cz\/index.php?rest_route=%2Fwp%2Fv2%2Fcomments&post=19269"}],"version-history":[{"count":0,"href":"https:\/\/www.invarena.cz\/index.php?rest_route=\/wp\/v2\/posts\/19269\/revisions"}],"wp:featuredmedia":[{"embeddable":true,"href":"https:\/\/www.invarena.cz\/index.php?rest_route=\/wp\/v2\/media\/1226"}],"wp:attachment":[{"href":"https:\/\/www.invarena.cz\/index.php?rest_route=%2Fwp%2Fv2%2Fmedia&parent=19269"}],"wp:term":[{"taxonomy":"category","embeddable":true,"href":"https:\/\/www.invarena.cz\/index.php?rest_route=%2Fwp%2Fv2%2Fcategories&post=19269"},{"taxonomy":"post_tag","embeddable":true,"href":"https:\/\/www.invarena.cz\/index.php?rest_route=%2Fwp%2Fv2%2Ftags&post=19269"}],"curies":[{"name":"wp","href":"https:\/\/api.w.org\/{rel}","templated":true}]}}