{"id":19270,"date":"2015-01-11T10:51:12","date_gmt":"2015-01-11T09:51:12","guid":{"rendered":"http:\/\/www.invarena.cz\/?p=19270"},"modified":"2015-01-11T10:51:17","modified_gmt":"2015-01-11T09:51:17","slug":"19270","status":"publish","type":"post","link":"https:\/\/www.invarena.cz\/?p=19270","title":{"rendered":"Pl\u00e1novan\u00e9 zm\u011bny pro lidi se zdravotn\u00edm posti\u017een\u00edm. MPSV \u0159e\u0161\u00ed posudkov\u00e9 l\u00e9ka\u0159e"},"content":{"rendered":"<p><strong>Ministerstvo pr\u00e1ce a soci\u00e1ln\u00edch v\u011bc\u00ed \u0159e\u0161\u00ed nedostatek posudkov\u00fdch l\u00e9ka\u0159\u016f. P\u0159ibli\u017en\u011b p\u011btistovka jich mus\u00ed ro\u010dn\u011b prov\u011b\u0159it 400 tis\u00edc p\u0159\u00edpad\u016f. Probl\u00e9mem se zab\u00fdv\u00e1 N\u00e1rodn\u00ed rada osob se zdravotn\u00edm posti\u017een\u00edm. <\/strong><!--more--><\/p>\n<p>T\u00e9 podle Radio\u017eurn\u00e1lu vad\u00ed hlavn\u011b to, \u017ee jednotliv\u00ed l\u00e9ka\u0159i posuzuj\u00ed p\u0159\u00edli\u0161 \u0161irok\u00fd z\u00e1b\u011br pacient\u016f. Mo\u017en\u00e9 \u0159e\u0161en\u00ed popisuje p\u0159edseda rady V\u00e1clav Kr\u00e1sa.<\/p>\n<p>V\u00e1clav KR\u00c1SA, p\u0159edseda N\u00e1rodn\u00ed rady osob se zdravotn\u00edm posti\u017een\u00edm: My mus\u00edme do toho posuzov\u00e1n\u00ed zahrnout v\u00edce odborn\u00edk\u016f, a to nejenom odborn\u00e9 l\u00e9ka\u0159e, ale i soci\u00e1ln\u00ed pracovn\u00edky, fyzioterapeuty, rehabilita\u010dn\u00ed l\u00e9ka\u0159e a podobn\u011b. \u010cili, to spektrum mus\u00ed b\u00fdt \u0161ir\u0161\u00ed.<\/p>\n<p>Lid\u00e9 se zdravotn\u00edm posti\u017een\u00edm dlouhodob\u011b kritizuj\u00ed pr\u00e1ci posudkov\u00fdch l\u00e9ka\u0159\u016f. \u010casto podle nich nemaj\u00ed pot\u0159ebnou specializaci. Ministerstvo pr\u00e1ce a soci\u00e1ln\u00edch v\u011bc\u00ed se proto sna\u017e\u00ed vymyslet, jak zlep\u0161it podm\u00ednky t\u011bch, kdo \u017e\u00e1daj\u00ed o invalidn\u00ed d\u016fchod, nebo jinou d\u00e1vku. Pl\u00e1novan\u00e9 zm\u011bny popisuje ministryn\u011b pr\u00e1ce Michaela Marksov\u00e1 z \u010cSSD.<\/p>\n<p>Michaela MARKSOV\u00c1, ministryn\u011b pr\u00e1ce a soci\u00e1ln\u00edch v\u011bc\u00ed \/\u010cSSD\/: Za prv\u00fd, aby tam mnohem v\u011bt\u0161\u00ed d\u016fraz m\u011blo to soci\u00e1ln\u00ed \u0161et\u0159en\u00ed, aby opravdu ty soci\u00e1ln\u00ed pracovn\u00edci, kter\u00fd tam p\u0159ijdou \u017ee jo to, to posoudili a druh\u00fd, aby se v\u00edc vyu\u017e\u00edvalo jak je to t\u0159eba n\u011bkde v Rakousku i t\u011bch praktick\u00fdch l\u00e9ka\u0159\u016f, a potom t\u0159eba n\u011bjak\u00fdch specialist\u016f.<\/p>\n<p>Radio\u017eurn\u00e1l <\/p>\n","protected":false},"excerpt":{"rendered":"<div class=\"mh-excerpt\"><p>Ministerstvo pr\u00e1ce a soci\u00e1ln\u00edch v\u011bc\u00ed \u0159e\u0161\u00ed nedostatek posudkov\u00fdch l\u00e9ka\u0159\u016f. P\u0159ibli\u017en\u011b p\u011btistovka jich mus\u00ed ro\u010dn\u011b prov\u011b\u0159it 400 tis\u00edc p\u0159\u00edpad\u016f. Probl\u00e9mem se zab\u00fdv\u00e1 N\u00e1rodn\u00ed rada osob se <a class=\"mh-excerpt-more\" href=\"https:\/\/www.invarena.cz\/?p=19270\" title=\"Pl\u00e1novan\u00e9 zm\u011bny pro lidi se zdravotn\u00edm posti\u017een\u00edm. MPSV \u0159e\u0161\u00ed posudkov\u00e9 l\u00e9ka\u0159e\">[&#8230;]<\/a><\/p>\n<\/div>","protected":false},"author":1,"featured_media":12328,"comment_status":"open","ping_status":"closed","sticky":false,"template":"","format":"standard","meta":{"footnotes":""},"categories":[6],"tags":[],"class_list":["post-19270","post","type-post","status-publish","format-standard","has-post-thumbnail","hentry","category-politika"],"_links":{"self":[{"href":"https:\/\/www.invarena.cz\/index.php?rest_route=\/wp\/v2\/posts\/19270","targetHints":{"allow":["GET"]}}],"collection":[{"href":"https:\/\/www.invarena.cz\/index.php?rest_route=\/wp\/v2\/posts"}],"about":[{"href":"https:\/\/www.invarena.cz\/index.php?rest_route=\/wp\/v2\/types\/post"}],"author":[{"embeddable":true,"href":"https:\/\/www.invarena.cz\/index.php?rest_route=\/wp\/v2\/users\/1"}],"replies":[{"embeddable":true,"href":"https:\/\/www.invarena.cz\/index.php?rest_route=%2Fwp%2Fv2%2Fcomments&post=19270"}],"version-history":[{"count":0,"href":"https:\/\/www.invarena.cz\/index.php?rest_route=\/wp\/v2\/posts\/19270\/revisions"}],"wp:featuredmedia":[{"embeddable":true,"href":"https:\/\/www.invarena.cz\/index.php?rest_route=\/wp\/v2\/media\/12328"}],"wp:attachment":[{"href":"https:\/\/www.invarena.cz\/index.php?rest_route=%2Fwp%2Fv2%2Fmedia&parent=19270"}],"wp:term":[{"taxonomy":"category","embeddable":true,"href":"https:\/\/www.invarena.cz\/index.php?rest_route=%2Fwp%2Fv2%2Fcategories&post=19270"},{"taxonomy":"post_tag","embeddable":true,"href":"https:\/\/www.invarena.cz\/index.php?rest_route=%2Fwp%2Fv2%2Ftags&post=19270"}],"curies":[{"name":"wp","href":"https:\/\/api.w.org\/{rel}","templated":true}]}}