{"id":19272,"date":"2015-01-11T10:15:32","date_gmt":"2015-01-11T09:15:32","guid":{"rendered":"http:\/\/www.invarena.cz\/?p=19272"},"modified":"2015-01-11T10:15:32","modified_gmt":"2015-01-11T09:15:32","slug":"penize-na-socialni-sluzby-od-ledna-rozdava-kraj-problemy-byt-nemaji","status":"publish","type":"post","link":"https:\/\/www.invarena.cz\/?p=19272","title":{"rendered":"Pen\u00edze na soci\u00e1ln\u00ed slu\u017eby od ledna rozd\u00e1v\u00e1 kraj. Probl\u00e9my b\u00fdt nemaj\u00ed"},"content":{"rendered":"<p><strong>Pen\u00edze na chod domov\u016f d\u016fchodc\u016f, denn\u00edch stacion\u00e1\u0159\u016f, azylov\u00fdch dom\u016f a dal\u0161\u00edch center, kter\u00e9 poskytuj\u00ed lidem soci\u00e1ln\u00ed slu\u017eby, od ledna leto\u0161n\u00edho roku nov\u011b rozd\u011bluj\u00ed kraje.<\/strong><!--more--><\/p>\n<p> Dosud m\u011blo tuto agendu na starosti Ministerstvo pr\u00e1ce a soci\u00e1ln\u00edch v\u011bc\u00ed (MPSV). Na Vyso\u010din\u011b bude t\u0159eba mezi v\u00edce ne\u017e stovku za\u0159\u00edzen\u00ed rozd\u011blit asi 400 milion\u016f korun. <\/p>\n<p>Z\u0159ejm\u011b nejv\u011bt\u0161\u00ed zm\u011bny v t\u00e9to souvislosti nakonec \u010dek\u00e1 samotn\u00fd krajsk\u00fd \u00fa\u0159ad. Poskytovatel\u00e9 soci\u00e1ln\u00edch slu\u017eeb jsou v klidu, dokonce o\u010dek\u00e1vaj\u00ed, \u017ee p\u016fjde o zm\u011bnu k lep\u0161\u00edmu. Zm\u011bna se t\u00fdk\u00e1 nap\u0159\u00edklad i Domova d\u016fchodc\u016f ve \u017dd\u00edrci u Jihlavy, kde pob\u00fdvaj\u00ed krom\u011b senior\u016f tak\u00e9 lid\u00e9, kte\u0159\u00ed trp\u00ed Alzheimerovou chorobou. <\/p>\n<p>Podle \u0159editelky domova Martiny Mat\u011bjkov\u00e9 k \u017e\u00e1dn\u00fdm velk\u00fdm zm\u011bn\u00e1m nedo\u0161lo. &#8222;Nep\u0159ibyla \u017e\u00e1dn\u00e1 administrativa nav\u00edc. U\u017e jsme na kraj poslali v\u00fdkazy za minul\u00fd rok a v\u00fdhled na leto\u0161n\u00ed rok, tak\u017ee o\u010dek\u00e1v\u00e1me, \u017ee pot\u0159ebn\u00e9 pen\u00edze op\u011bt dostaneme,&#8220; potvrdila \u0159editelka \u017ed\u00edreck\u00e9ho domova senior\u016f Mat\u011bjkov\u00e1. Probl\u00e9my ne\u010dek\u00e1 ani David Chlup\u00e1\u010dek, \u0159editel Azylov\u00e9ho domu pro mu\u017ee Jihlava. &#8222;Zat\u00edm se n\u00e1s to nedotklo, a\u017e do z\u00e1\u0159\u00ed leto\u0161n\u00edho roku \u010derp\u00e1me finance z jednoho krajsk\u00e9ho projektu. Zat\u00edm tedy nev\u00edme, zda bude novinka slo\u017eit\u011bj\u0161\u00ed nebo jednodu\u0161\u0161\u00ed, ale p\u0159edpokl\u00e1d\u00e1m, \u017ee by to m\u011bla b\u00fdt zm\u011bna k lep\u0161\u00edmu. P\u0159eci jenom se navz\u00e1jem zn\u00e1me,&#8220; mysl\u00ed si \u0159editel Chlup\u00e1\u010dek.<\/p>\n<p>Kraj Vyso\u010dina zm\u011bnu v\u00edt\u00e1 tak\u00e9. &#8222;Finan\u010dn\u00ed zdroje se p\u0159esouvaj\u00ed na tu \u00farove\u0148 ve\u0159ejn\u00e9 spr\u00e1vy, kde je ze z\u00e1kona i odpov\u011bdnost za pl\u00e1nov\u00e1n\u00ed a rozvoj soci\u00e1ln\u00edch slu\u017eeb. Probl\u00e9mem je, \u017ee objem prost\u0159edk\u016f je schvalov\u00e1n Poslaneckou sn\u011bmovnou z roku na rok a nem\u00e1me z\u00e1ruku, \u017ee nedojde k poklesu t\u011bchto prost\u0159edk\u016f,&#8220; sd\u011blil Ji\u0159\u00ed B\u00edna, vedouc\u00ed Odd\u011blen\u00ed soci\u00e1ln\u00edch slu\u017eeb Krajsk\u00e9ho \u00fa\u0159adu Kraje Vyso\u010dina.<\/p>\n<p>Zat\u00edm nen\u00ed ofici\u00e1ln\u00ed rozhodnut\u00ed, ale kraj odhaduje, \u017ee bude rozd\u011blovat p\u0159es 400 milion\u016f korun poskytnut\u00fdch z rozpo\u010dtu MPSV. To toti\u017e dosud pen\u00edze rozd\u011blovalo. V Kraji Vyso\u010dina se bude opat\u0159en\u00ed t\u00fdkat 120 za\u0159\u00edzen\u00ed, kter\u00e9 poskytuj\u00ed okolo 290 soci\u00e1ln\u00edch slu\u017eeb.<\/p>\n<p>Krajsk\u00fd \u00fa\u0159ad nav\u00fd\u0161il kv\u016fli t\u00e9to nov\u00e9 agend\u011b po\u010det pracovn\u00edch m\u00edst o t\u0159i. &#8222;Toto opat\u0159en\u00ed zahrnuje i zv\u00fd\u0161en\u00ed rozsahu kontroln\u00ed \u010dinnosti oproti minulosti,&#8220; poznamenal B\u00edna s t\u00edm,\u017ee s\u00ed\u0165 soci\u00e1ln\u00edch slu\u017eeb se p\u0159\u00edmo v souvislosti s p\u0159echodem financov\u00e1n\u00ed na kraj pro tento rok m\u011bnit nebude.<\/p>\n<p>Pen\u00edze budou pou\u017eity na \u0161irokou \u0161k\u00e1lu soci\u00e1ln\u00edch slu\u017eeb, ale nejv\u00fdrazn\u011bj\u0161\u00ed pod\u00edl maj\u00ed domovy pro seniory, pe\u010dovatelsk\u00e9 slu\u017eby, pobytov\u00e9 slu\u017eby a denn\u00ed stacion\u00e1\u0159e pro klienty s ment\u00e1ln\u00edm posti\u017een\u00edm. Zastoupeny jsou i slu\u017eby pro ml\u00e1de\u017e a rodiny s d\u011btmi ohro\u017een\u00e9 soci\u00e1ln\u00edm vylou\u010den\u00edm.<\/p>\n<p> &#8222;P\u0159echod financov\u00e1n\u00ed z MPSV na kraje nen\u00ed d\u016fvodem k existen\u010dn\u00edm obav\u00e1m. V n\u011bkter\u00fdch p\u0159\u00edpadech mohou poklesnout dotace pro konkr\u00e9tn\u00ed soci\u00e1ln\u00ed slu\u017ebu, pokud bude sv\u00fdmi n\u00e1kladov\u00fdmi, v\u00fdkonov\u00fdmi nebo p\u0159\u00edjmov\u00fdmi parametry vybo\u010dovat ze srovn\u00e1n\u00ed s obdobn\u00fdmi soci\u00e1ln\u00edmi slu\u017ebami,&#8220; dodal B\u00edna. <\/p>\n<p>\thttp:\/\/wwwjihlavsky.denik.cz\/<\/p>\n","protected":false},"excerpt":{"rendered":"<div class=\"mh-excerpt\"><p>Pen\u00edze na chod domov\u016f d\u016fchodc\u016f, denn\u00edch stacion\u00e1\u0159\u016f, azylov\u00fdch dom\u016f a dal\u0161\u00edch center, kter\u00e9 poskytuj\u00ed lidem soci\u00e1ln\u00ed slu\u017eby, od ledna leto\u0161n\u00edho roku nov\u011b rozd\u011bluj\u00ed kraje.<\/p>\n<\/div>","protected":false},"author":1,"featured_media":600,"comment_status":"open","ping_status":"closed","sticky":false,"template":"","format":"standard","meta":{"footnotes":""},"categories":[1],"tags":[],"class_list":["post-19272","post","type-post","status-publish","format-standard","has-post-thumbnail","hentry","category-nezarazene"],"_links":{"self":[{"href":"https:\/\/www.invarena.cz\/index.php?rest_route=\/wp\/v2\/posts\/19272","targetHints":{"allow":["GET"]}}],"collection":[{"href":"https:\/\/www.invarena.cz\/index.php?rest_route=\/wp\/v2\/posts"}],"about":[{"href":"https:\/\/www.invarena.cz\/index.php?rest_route=\/wp\/v2\/types\/post"}],"author":[{"embeddable":true,"href":"https:\/\/www.invarena.cz\/index.php?rest_route=\/wp\/v2\/users\/1"}],"replies":[{"embeddable":true,"href":"https:\/\/www.invarena.cz\/index.php?rest_route=%2Fwp%2Fv2%2Fcomments&post=19272"}],"version-history":[{"count":0,"href":"https:\/\/www.invarena.cz\/index.php?rest_route=\/wp\/v2\/posts\/19272\/revisions"}],"wp:featuredmedia":[{"embeddable":true,"href":"https:\/\/www.invarena.cz\/index.php?rest_route=\/wp\/v2\/media\/600"}],"wp:attachment":[{"href":"https:\/\/www.invarena.cz\/index.php?rest_route=%2Fwp%2Fv2%2Fmedia&parent=19272"}],"wp:term":[{"taxonomy":"category","embeddable":true,"href":"https:\/\/www.invarena.cz\/index.php?rest_route=%2Fwp%2Fv2%2Fcategories&post=19272"},{"taxonomy":"post_tag","embeddable":true,"href":"https:\/\/www.invarena.cz\/index.php?rest_route=%2Fwp%2Fv2%2Ftags&post=19272"}],"curies":[{"name":"wp","href":"https:\/\/api.w.org\/{rel}","templated":true}]}}