{"id":19273,"date":"2015-01-11T10:22:14","date_gmt":"2015-01-11T09:22:14","guid":{"rendered":"http:\/\/www.invarena.cz\/?p=19273"},"modified":"2015-01-11T10:22:14","modified_gmt":"2015-01-11T09:22:14","slug":"bezdomovcum-nabidneme-startovaci-byty-nejen-jednorazove-prespani","status":"publish","type":"post","link":"https:\/\/www.invarena.cz\/?p=19273","title":{"rendered":"Bezdomovc\u016fm nab\u00eddneme startovac\u00ed byty, nejen jednor\u00e1zov\u00e9 p\u0159esp\u00e1n\u00ed"},"content":{"rendered":"<p><strong>Kapacita ubytovac\u00edch za\u0159\u00edzen\u00ed pro osoby bez p\u0159\u00edst\u0159e\u0161\u00ed je pro leto\u0161n\u00ed zimu dostate\u010dn\u00e1, tvrd\u00ed radn\u00ed pra\u017esk\u00e9ho magistr\u00e1tu pro oblast \u0161kolstv\u00ed a soci\u00e1ln\u00ed politiku Irena Ropkov\u00e1 (\u010cSSD). Pra\u017esk\u00e9mu den\u00edku ale tak\u00e9 \u0159ekla, \u017ee z dlouhodob\u00e9ho hlediska hodl\u00e1 \u0159e\u0161it tuto ot\u00e1zku p\u0159edev\u0161\u00edm navy\u0161ov\u00e1n\u00edm po\u010dtu soci\u00e1ln\u00edch byt\u016f, odkud by se bezdomovci mohli vracet zp\u011bt do b\u011b\u017en\u00e9ho \u017eivota.<\/strong><!--more--><\/p>\n<p>&#8211; Jak zat\u00edm Praha zvl\u00e1d\u00e1 postarat se v zimn\u00edm obdob\u00ed o bezdomovce?<\/p>\n<p>M\u00e1me otev\u0159eny v\u0161echny zimn\u00ed nocleh\u00e1rny a voln\u00e1 m\u00edsta jsou i na lodi Hermes, kter\u00e1 je otev\u0159ena celoro\u010dn\u011b. O stavb\u011b vyh\u0159\u00edvan\u00fdch stan\u016f zat\u00edm neuva\u017eujeme.<\/p>\n<p>&#8211; Opat\u0159en\u00ed pro leto\u0161n\u00ed zimu jsou tak zcela dostate\u010dn\u00e1?<\/p>\n<p>Je to dostate\u010dn\u00e9, proto\u017ee st\u00e1le m\u00e1me p\u0159ipravena dal\u0161\u00ed ubytov\u00e1n\u00ed. Nav\u00edc kdy\u017e budou mrazy trvat dlouho, jsme p\u0159ipraveni otev\u0159\u00edt na noc i n\u00edzkoprahov\u00e1 denn\u00ed centra.<\/p>\n<p>&#8211; Jak\u00fd je rozpo\u010det pro leto\u0161n\u00ed zimu na oblast t\u00fdkaj\u00edc\u00ed se bezdomovc\u016f?<\/p>\n<p>My m\u00e1me rozpo\u010det na cel\u00fd rok asi 54 milion\u016f korun, z toho opat\u0159en\u00ed na zimu stoj\u00ed kolem 14 milion\u016f.<\/p>\n<p>&#8211; Byla jste se sama pod\u00edvat, jak p\u0159es zimu funguje n\u011bkter\u00e1 ubytovna pro osoby bez st\u0159echy nad hlavou?<\/p>\n<p>Chyst\u00e1m se na inspek\u010dn\u00ed cestu do zimn\u00ed nocleh\u00e1rny na Praze 4 v Michli, ale sezn\u00e1mila jsem se u\u017e s fungov\u00e1n\u00edm ubytovac\u00edho za\u0159\u00edzen\u00ed v Male\u0161ick\u00e9 ulici, proto\u017ee sama poch\u00e1z\u00edm z Prahy 3. A \u017e\u00e1dn\u00fd probl\u00e9m jsem nezaznamenala.<\/p>\n<p>&#8211; V \u00fa\u0159adu jste od listopadu, m\u00e1te u\u017e p\u0159ipravenou n\u011bjakou dlouhodobou koncepci, jak \u0159e\u0161it ot\u00e1zku bezdomovectv\u00ed?<\/p>\n<p>Cht\u011bli bychom aktualizovat Koncepci n\u00e1vrh\u016f \u0159e\u0161en\u00ed problematiky bezdomovectv\u00ed a zejm\u00e9na pak jednat s m\u011bstsk\u00fdmi \u010d\u00e1stmi o p\u0159\u00edpadn\u00e9m otev\u0159en\u00ed dal\u0161\u00edho n\u00edzkoprahov\u00e9ho denn\u00edho centra. V t\u011bchto za\u0159\u00edzen\u00edch maj\u00ed lid\u00e9 mo\u017enost se nap\u0159\u00edklad um\u00fdt a z\u00edsk\u00e1vat standardn\u00ed n\u00e1vyky. A po dohod\u011b s panem radn\u00edm Lackem, kter\u00fd m\u00e1 na starost oblast bydlen\u00ed, jsem do programov\u00e9ho prohl\u00e1\u0161en\u00ed rady zahrnula i vyhrazen\u00ed ur\u010dit\u00e9 \u010d\u00e1sti bytov\u00e9ho fondu hlavn\u00edho m\u011bsta Prahy a p\u0159\u00edpadn\u011b i m\u011bstsk\u00fdch \u010d\u00e1st\u00ed pro osoby bez p\u0159\u00edst\u0159e\u0161\u00ed jako startovac\u00ed byty. A to by m\u011blo ur\u010dit\u011b fungovat ve spolupr\u00e1ci s neziskov\u00fdm sektorem. V n\u011bkter\u00fdch p\u0159\u00edpadech u\u017e to dokonce existuje a j\u00e1 bych cht\u011bla vyu\u017e\u00edt dal\u0161\u00ed byty na \u0159e\u0161en\u00ed t\u00e9to problematiky.<\/p>\n<p>&#8211; Bezdomovectv\u00ed chcete \u0159e\u0161it na dvou rovin\u00e1ch: nab\u00eddnout p\u0159echodn\u00e9 p\u0159enocov\u00e1n\u00ed zejm\u00e9na v zimn\u00edm obdob\u00ed a na druh\u00e9 stran\u011b podporovat dlouhodob\u00e9 soci\u00e1ln\u00ed bydlen\u00ed?<\/p>\n<p>Ano, budeme se zam\u011b\u0159ovat na prevenci a na po\u010d\u00e1te\u010dn\u00ed pomoc lidem, kte\u0159\u00ed je\u0161t\u011b nepropadli s\u00edtem a\u017e na \u00fapln\u00e9 dno. Proto\u017ee \u010d\u00edm je \u010dlov\u011bk d\u00e9le na ulici, t\u00edm se h\u016f\u0159e integruje zp\u00e1tky do spole\u010dnosti. A nep\u016fjde pouze o bydlen\u00ed. R\u00e1da bych tak\u00e9 prov\u011b\u0159ila mo\u017enosti jejich pracovn\u00edho uplatn\u011bn\u00ed. Mohlo by se jednat nap\u0159\u00edklad o r\u016fzn\u00e9 brig\u00e1dy a ve\u0159ejn\u00e9 slu\u017eby pro m\u011bsto.<\/p>\n<p>&#8211; Bude o toto mezi lidmi z\u00e1jem?<\/p>\n<p>J\u00e1 jsem p\u0159esv\u011bd\u010den\u00e1 o tom, \u017ee u \u0159ady lid\u00ed bez domova je snaha situaci \u0159e\u0161it. Samoz\u0159ejm\u011b u\u017e te\u010f evidujeme zhruba 300 lid\u00ed, kte\u0159\u00ed nemaj\u00ed z\u00e1jem na\u0161e slu\u017eby vyu\u017e\u00edvat a za nimi pr\u00e1v\u011b doch\u00e1z\u00ed soci\u00e1ln\u00ed pracovn\u00edci. Vzhledem k tomu, \u017ee se po Praze pohybuje kolem 1500 zjevn\u00fdch bezdomovc\u016f, tak jich chce st\u00e1le velk\u00e1 \u010d\u00e1st svoji situaci zlep\u0161it.<\/p>\n<p>&#8211; Je re\u00e1ln\u00e9 d\u00e1t k dispozici pro tyto \u00fa\u010dely stovky m\u011bstsk\u00fdch byt\u016f?<\/p>\n<p>\u0158e\u0161it v\u0161e mus\u00edme postupn\u011b. V sou\u010dasn\u00e9 dob\u011b by m\u011bsto mohlo vyhradit \u0159\u00e1dov\u011b des\u00edtky byt\u016f a cht\u011bla bych zah\u00e1jit jedn\u00e1n\u00ed s m\u011bstsk\u00fdmi \u010d\u00e1stmi, aby jich tak\u00e9 nab\u00eddly ur\u010dit\u00fd po\u010det. Ale byty si mus\u00edme nechat tak\u00e9 pro jin\u00e9 \u00fa\u010dely, nap\u0159\u00edklad pro seniory nebo posti\u017een\u00e9.<\/p>\n<p>&#8212;<\/p>\n<p>Irena Ropkov\u00e1 (\u010cSSD)<\/p>\n<p>P Jej\u00ed 32 let. P Od roku 2010 pracovala jako pr\u00e1vn\u00ed koncipientka v Advok\u00e1tn\u00ed kancel\u00e1\u0159i Jansta, Kostka a spol. P Ve volebn\u00edm obdob\u00ed 2010\u00ad2014 byla zastupitelkou na Praze 3, kde se stala \u010dlenkou finan\u010dn\u00edho a kontroln\u00edho v\u00fdboru. P Po komun\u00e1ln\u00edch volb\u00e1ch na podzim 2014 kr\u00e1tce zast\u00e1vala funkci m\u00edstostarostky na Praze 3, kde TOP 09, \u010cSSD, ODS a Volba pro m\u011bsto utvo\u0159ily koalici. P Od26. listopadu 2014 zased\u00e1 v Rad\u011b hl. m. Prahy a na starost m\u00e1 \u0161kolstv\u00ed a soci\u00e1ln\u00ed problematiku. <\/p>\n<p>\thttp:\/\/www.prazsky.denik.cz<\/p>\n","protected":false},"excerpt":{"rendered":"<div class=\"mh-excerpt\"><p>Kapacita ubytovac\u00edch za\u0159\u00edzen\u00ed pro osoby bez p\u0159\u00edst\u0159e\u0161\u00ed je pro leto\u0161n\u00ed zimu dostate\u010dn\u00e1, tvrd\u00ed radn\u00ed pra\u017esk\u00e9ho magistr\u00e1tu pro oblast \u0161kolstv\u00ed a soci\u00e1ln\u00ed politiku Irena Ropkov\u00e1 (\u010cSSD). <a class=\"mh-excerpt-more\" href=\"https:\/\/www.invarena.cz\/?p=19273\" title=\"Bezdomovc\u016fm nab\u00eddneme startovac\u00ed byty, nejen jednor\u00e1zov\u00e9 p\u0159esp\u00e1n\u00ed\">[&#8230;]<\/a><\/p>\n<\/div>","protected":false},"author":1,"featured_media":3558,"comment_status":"open","ping_status":"closed","sticky":false,"template":"","format":"standard","meta":{"footnotes":""},"categories":[12,7],"tags":[],"class_list":["post-19273","post","type-post","status-publish","format-standard","has-post-thumbnail","hentry","category-rozhovory","category-spolecnost"],"_links":{"self":[{"href":"https:\/\/www.invarena.cz\/index.php?rest_route=\/wp\/v2\/posts\/19273","targetHints":{"allow":["GET"]}}],"collection":[{"href":"https:\/\/www.invarena.cz\/index.php?rest_route=\/wp\/v2\/posts"}],"about":[{"href":"https:\/\/www.invarena.cz\/index.php?rest_route=\/wp\/v2\/types\/post"}],"author":[{"embeddable":true,"href":"https:\/\/www.invarena.cz\/index.php?rest_route=\/wp\/v2\/users\/1"}],"replies":[{"embeddable":true,"href":"https:\/\/www.invarena.cz\/index.php?rest_route=%2Fwp%2Fv2%2Fcomments&post=19273"}],"version-history":[{"count":0,"href":"https:\/\/www.invarena.cz\/index.php?rest_route=\/wp\/v2\/posts\/19273\/revisions"}],"wp:featuredmedia":[{"embeddable":true,"href":"https:\/\/www.invarena.cz\/index.php?rest_route=\/wp\/v2\/media\/3558"}],"wp:attachment":[{"href":"https:\/\/www.invarena.cz\/index.php?rest_route=%2Fwp%2Fv2%2Fmedia&parent=19273"}],"wp:term":[{"taxonomy":"category","embeddable":true,"href":"https:\/\/www.invarena.cz\/index.php?rest_route=%2Fwp%2Fv2%2Fcategories&post=19273"},{"taxonomy":"post_tag","embeddable":true,"href":"https:\/\/www.invarena.cz\/index.php?rest_route=%2Fwp%2Fv2%2Ftags&post=19273"}],"curies":[{"name":"wp","href":"https:\/\/api.w.org\/{rel}","templated":true}]}}