{"id":19277,"date":"2015-01-11T10:41:52","date_gmt":"2015-01-11T09:41:52","guid":{"rendered":"http:\/\/www.invarena.cz\/?p=19277"},"modified":"2015-01-12T07:05:02","modified_gmt":"2015-01-12T06:05:02","slug":"stanou-se-evropsti-muslimove-patou-kolonou-islamskeho-statu","status":"publish","type":"post","link":"https:\/\/www.invarena.cz\/?p=19277","title":{"rendered":"Stanou se evrop\u0161t\u00ed muslimov\u00e9 p\u00e1tou kolonou Isl\u00e1msk\u00e9ho st\u00e1tu?"},"content":{"rendered":"<p><strong>Nen\u00ed pochyb, \u017ee a\u017e se Isl\u00e1msk\u00fd st\u00e1t (IS) p\u0159ibl\u00ed\u017e\u00ed k hranic\u00edm Evropy, bude se sna\u017eit aktivovat milionov\u00e9 masy muslim\u016f v Evrop\u011b. <\/strong><!--more--><br \/>\n<em><br \/>\nilustra\u010dn\u00ed foto: cell105 \/ Flickr.com <\/em><\/p>\n<p>Situace bude v lec\u010dems p\u0159ipom\u00ednat vliv hitlerovsk\u00e9ho N\u011bmecka na sudetsk\u00e9 N\u011bmce, kter\u00fdch bylo v tehdej\u0161\u00edm \u010ceskoslovensku 3,3 milionu a kte\u0159\u00ed koncem 30. let minul\u00e9ho stolet\u00ed \u00fasp\u011b\u0161n\u011b plnili \u00falohu p\u00e1t\u00e9 kolony a v\u00fdznamn\u011b pomohli hitlerovc\u016fm v obsazen\u00ed \u010cech a Moravy.<\/p>\n<p>Postup evropsk\u00fdch muslim\u016f coby novodob\u00e9 p\u00e1t\u00e9 kolony IS v\u0161ak jist\u011b bude mnohem brut\u00e1ln\u011bj\u0161\u00ed. Zat\u00edmco v b\u00fdval\u00e9m \u010ceskoslovensku v roce 1938 sudet\u0161t\u00ed N\u011bmci masov\u011b demonstrovali a ve vrcholu krize henleinovsk\u00e9 boj\u016fvky zavra\u017edily n\u011bkolik des\u00edtek \u010deskoslovensk\u00fdch \u00fa\u0159edn\u00edk\u016f a voj\u00e1k\u016f, ve Francii, kde dnes \u017eije sedm milion\u016f muslim\u016f, by v cel\u00e9 zemi doch\u00e1zelo k bezpo\u010detn\u00fdm teroristick\u00fdm \u00fatok\u016fm, kdy by po\u010det ob\u011bt\u00ed byl nesrovnateln\u011b vy\u0161\u0161\u00ed a zab\u00edjen\u00ed by m\u011blo masov\u00fd charakter. Zat\u00edmco islamist\u00e9 budou um\u011bt se zbran\u011bmi zach\u00e1zet, jejich ob\u011bti se ani nebudou um\u011bt br\u00e1nit, nebo\u0165 povinn\u00e1 vojensk\u00e1 slu\u017eba zde byla zru\u0161ena ji\u017e p\u0159ed mnoha lety a mnoh\u00fd Francouz nikdy nedr\u017eel v ruce ani pistoli.<\/p>\n<p>D\u00e1 se p\u0159edpokl\u00e1dat, \u017ee francouzsk\u00e1 policie a arm\u00e1da bude m\u00edt probl\u00e9my sama se sebou. I v jejich \u0159ad\u00e1ch je toti\u017e mnoho muslim\u016f, \u010d\u00e1st z nich by nepochybn\u011b v r\u00e1mci povst\u00e1n\u00ed obr\u00e1tila zbra\u0148 proti vlastn\u00edm koleg\u016fm. Krom\u011b toho, \u00fa\u010dinnost ochrany policie a arm\u00e1dy p\u0159ed teroristick\u00fdm \u00fatokem je minim\u00e1ln\u00ed. To se uk\u00e1zalo nyn\u00ed znovu ve Francii, kter\u00e1 jen roz\u0161\u00ed\u0159ila po\u010det evropsk\u00fdch zem\u00ed, kter\u00e9 maj\u00ed ji\u017e vlastn\u00ed tragickou zku\u0161enost s terorismem \u2013 \u0160pan\u011blsko, Anglie, Rusko. Ji\u017e nyn\u00ed mnoz\u00ed p\u0159edv\u00eddaj\u00ed, \u017ee teroristick\u00fdch \u00fatok\u016f bude postupn\u011b p\u0159ib\u00fdvat.<\/p>\n<p>Je pravda, \u017ee ne v\u0161ichni muslimov\u00e9 se p\u0159idaj\u00ed k d\u017eih\u00e1du. N\u011bkte\u0159\u00ed jsou pacifist\u00e9 (ostatn\u011b i u sudetsk\u00fdch N\u011bmc\u016f bylo podle pr\u016fzkumu 10 % a\u017e 20% p\u0159esv\u011bd\u010den\u00fdch antifa\u0161ist\u016f), jin\u00ed jsou zase \u0161\u00edit\u00e9 a nebudou cht\u00edt konvertovat k sunnitsk\u00e9mu isl\u00e1mu (Isl\u00e1msk\u00fd st\u00e1t je zalo\u017een na sunnitsk\u00e9m isl\u00e1mu a \u0161\u00edity pova\u017euje za odpadl\u00edky od v\u00edry a zab\u00edj\u00ed je). Ostatn\u011b i hitlerov\u0161t\u00ed fa\u0161ist\u00e9 zabili odhadem na 220 000 N\u011bmc\u016f \u2013 soci\u00e1ln\u00edch demokrat\u016f, komunist\u016f apod., kte\u0159\u00ed kritizovali ideologii Mein Kampfu. Nebo za tzv. noci dlouh\u00fdch no\u017e\u016f nechal Hitler zlikvidovat podle n\u011bkter\u00fdch zdroj\u016f a\u017e n\u011bkolik set p\u0159\u00edslu\u0161n\u00edk\u016f SA.<\/p>\n<p>Jestli\u017ee ideje sv\u011btov\u00e9 nadvl\u00e1dy germ\u00e1nsk\u00e9 rasy dok\u00e1zaly za 2. sv\u011btov\u00e9 v\u00e1lky zfanatizovat miliony n\u011bmeck\u00fdch mu\u017e\u016f, ideje sv\u011btov\u00e9 nadvl\u00e1dy isl\u00e1mu dok\u00e1\u017eou zfanatizovat miliony islamist\u016f.<\/p>\n<p>N\u011bmeck\u00fd novin\u00e1\u0159 J\u00fcrgen Todenh\u00f6fer, jen\u017e byl ned\u00e1vno n\u011bkolik dn\u00ed v Isl\u00e1msk\u00e9m st\u00e1tu, ve sv\u00e9 report\u00e1\u017ei napsal: \u201cKdy\u017e jsme byli v jejich n\u00e1borov\u00e9m st\u0159edisku, p\u0159ich\u00e1zelo denn\u011b 50 nov\u00fdch z\u00e1jemc\u016f. Z\u00e1\u0159ily jim o\u010di a m\u011bli pocit, \u017ee p\u0159i\u0161li do zasl\u00edben\u00e9 zem\u011b, \u017ee budou bojovat za spr\u00e1vnou v\u011bc.\u201c A tak\u00e9 napsal, \u017ee \u201ejsou odd\u00e1ni sv\u00e9 v\u011bci a o\u010dek\u00e1vaj\u00ed, \u017ee vbrzku dobudou Evropu.\u201c(v\u00edce na:<a href=\"http:\/\/zpravy.e15.cz\/zahranicni\/udalosti\/novinar-pronikl-do-islamskeho-statu-o-zamerech-radikalu-nepochybuje-1148556\"> http:\/\/zpravy.e15.cz\/zahranicni\/udalosti\/novinar-pronikl-do-islamskeho-statu-o-zamerech-radikalu-nepochybuje-1148556<\/a>)<\/p>\n<p>\u010ce\u0161i maj\u00ed se silnou a agres\u00edvn\u00ed men\u0161inou vlastn\u00ed historickou zku\u0161enost. Nacistick\u00e1 okupace, je\u017e n\u00e1sledovala po sudeton\u011bmeck\u00e9m povst\u00e1n\u00ed trvala \u0161est let. Osvobod\u00ed Evropu znovu Rusko a USA s Velkou Brit\u00e1ni\u00ed jako ji osvobodili p\u0159ed 70 lety od hitlerovc\u016f?<\/p>\n<p>Evropa m\u00e1 st\u00e1le je\u0161t\u011b \u0161anci tento tragick\u00fd v\u00fdvoj zvr\u00e1tit. Mus\u00ed v\u0161ak z Chamberlainovy politiky apeasementu (sm\u00ed\u0159liv\u00e9ho ustupov\u00e1n\u00ed) p\u0159ej\u00edt k Churchillov\u011b tvrdosti a rozhodnosti.<\/p>\n<p>V prvn\u00ed \u0159ad\u011b neposkytovat azyl militantn\u00edm islamist\u016fm. Evropsk\u00e9 muslimy, kte\u0159\u00ed projevuj\u00ed nep\u0159\u00e1telsk\u00e9 postoje k evropsk\u00e9 demokracii a ke k\u0159es\u0165ansk\u00fdm hodnot\u00e1m, zbavit ob\u010danstv\u00ed a vyhostit. Muslimy, kte\u0159\u00ed odjeli bojovat do Isl\u00e1msk\u00e9ho st\u00e1tu rovn\u011b\u017e zbavit ob\u010danstv\u00ed a zak\u00e1zat jim n\u00e1vrat. Utnout toky milion\u016f eur, kter\u00e9 p\u0159ich\u00e1zej\u00ed ze zahrani\u010d\u00ed na podporu evropsk\u00fdch islamistick\u00fdch bun\u011bk. Po vzoru \u010desk\u00e9 vl\u00e1dy nep\u0159ij\u00edmat muslimsk\u00e9 uprchl\u00edky, ale finan\u010dn\u011b se pod\u00edlet na provozu uprchlick\u00fdch t\u00e1bor\u016f v regionech soused\u00edc\u00edch se zem\u00ed, odkud tito lid\u00e9 prchaj\u00ed \u2013 nap\u0159. se S\u00fdri\u00ed.<\/p>\n<p>Je t\u0159eba, aby Evropa tla\u010dila na USA, aby p\u0159estaly v arabsk\u00e9m sv\u011bt\u011b n\u00e1siln\u011b vnucovat sv\u00e9 pojet\u00ed demokracie a rozvracet dosud stabiln\u00ed re\u017eimy. Isl\u00e1msk\u00fd sv\u011bt mus\u00ed ke sv\u00e9 vlastn\u00ed demokracii dosp\u011bt s\u00e1m, vlastn\u00edm v\u00fdvojem, kter\u00fd m\u016f\u017ee ov\u0161em trvat cel\u00e1 stalet\u00ed, stejn\u011b jako cel\u00e1 stalet\u00ed trval v Evrop\u011b v\u00fdvoj ze st\u0159edov\u011bk\u00e9ho feudalismu do dne\u0161n\u00edho typu demokracie. Budou-li se ozbrojen\u00e9 s\u00edly z k\u0159es\u0165ansk\u00fdch zem\u00ed vm\u011b\u0161ovat do vnit\u0159n\u00edch z\u00e1le\u017eitost\u00ed isl\u00e1msk\u00e9ho sv\u011bta, vyslou\u017e\u00ed si tito novodob\u00ed \u201ek\u0159i\u017e\u00e1ci\u201c nad\u00e1le jen nen\u00e1vist muslim\u016f. Evropa mus\u00ed b\u00fdt pro muslimsk\u00fd sv\u011bt m\u00edrov\u00fdm vzorem, nikoli ozbrojen\u00fdm mravok\u00e1rcem.<\/p>\n<p>Jan Hniesdo<br \/>\ninvArena<\/p>\n","protected":false},"excerpt":{"rendered":"<div class=\"mh-excerpt\"><p>Nen\u00ed pochyb, \u017ee a\u017e se Isl\u00e1msk\u00fd st\u00e1t (IS) p\u0159ibl\u00ed\u017e\u00ed k hranic\u00edm Evropy, bude se sna\u017eit aktivovat milionov\u00e9 masy muslim\u016f v Evrop\u011b.<\/p>\n<\/div>","protected":false},"author":1,"featured_media":17212,"comment_status":"open","ping_status":"closed","sticky":false,"template":"","format":"standard","meta":{"footnotes":""},"categories":[4],"tags":[],"class_list":["post-19277","post","type-post","status-publish","format-standard","has-post-thumbnail","hentry","category-nazory"],"_links":{"self":[{"href":"https:\/\/www.invarena.cz\/index.php?rest_route=\/wp\/v2\/posts\/19277","targetHints":{"allow":["GET"]}}],"collection":[{"href":"https:\/\/www.invarena.cz\/index.php?rest_route=\/wp\/v2\/posts"}],"about":[{"href":"https:\/\/www.invarena.cz\/index.php?rest_route=\/wp\/v2\/types\/post"}],"author":[{"embeddable":true,"href":"https:\/\/www.invarena.cz\/index.php?rest_route=\/wp\/v2\/users\/1"}],"replies":[{"embeddable":true,"href":"https:\/\/www.invarena.cz\/index.php?rest_route=%2Fwp%2Fv2%2Fcomments&post=19277"}],"version-history":[{"count":0,"href":"https:\/\/www.invarena.cz\/index.php?rest_route=\/wp\/v2\/posts\/19277\/revisions"}],"wp:featuredmedia":[{"embeddable":true,"href":"https:\/\/www.invarena.cz\/index.php?rest_route=\/wp\/v2\/media\/17212"}],"wp:attachment":[{"href":"https:\/\/www.invarena.cz\/index.php?rest_route=%2Fwp%2Fv2%2Fmedia&parent=19277"}],"wp:term":[{"taxonomy":"category","embeddable":true,"href":"https:\/\/www.invarena.cz\/index.php?rest_route=%2Fwp%2Fv2%2Fcategories&post=19277"},{"taxonomy":"post_tag","embeddable":true,"href":"https:\/\/www.invarena.cz\/index.php?rest_route=%2Fwp%2Fv2%2Ftags&post=19277"}],"curies":[{"name":"wp","href":"https:\/\/api.w.org\/{rel}","templated":true}]}}