{"id":19285,"date":"2015-01-12T12:20:47","date_gmt":"2015-01-12T11:20:47","guid":{"rendered":"http:\/\/www.invarena.cz\/?p=19285"},"modified":"2015-01-13T08:31:35","modified_gmt":"2015-01-13T07:31:35","slug":"mpsv-spolecne-se-zastupci-strediska-socialnich-sluzeb-prahy-1-a-tatanou-kucharovou-a-jeji-nadaci-krasa-pomoci-bude-prezentovat-politiku-pripravy-na-starnuti-na-pude-osn","status":"publish","type":"post","link":"https:\/\/www.invarena.cz\/?p=19285","title":{"rendered":"MPSV spolu s Ta\u0165\u00e1nou Kucha\u0159ovou p\u0159edstav\u00ed politiku p\u0159\u00edpravy na st\u00e1rnut\u00ed na p\u016fd\u011b OSN"},"content":{"rendered":"<p><strong>T\u00e9ma st\u00e1rnut\u00ed je na soci\u00e1ln\u00edch f\u00f3rech OSN jedn\u00edm z nejsledovan\u011bj\u0161\u00edch t\u00e9mat. Ministerstvo zahrani\u010dn\u00edch v\u011bc\u00ed, prost\u0159ednictv\u00edm St\u00e1l\u00e9 mise \u010cR p\u0159i OSN v New Yorku, po\u017e\u00e1dalo MPSV jako koordin\u00e1tora p\u0159\u00edpravy na st\u00e1rnut\u00ed o spolupr\u00e1ci p\u0159i p\u0159\u00edprav\u011b n\u00e1rodn\u00ed akce v r\u00e1mci 53. zased\u00e1n\u00ed Komise pro soci\u00e1ln\u00ed rozvoj, kter\u00e1 se pl\u00e1nuje na \u00fanor 2015.<\/strong><br \/>\n<!--more--><\/p>\n<p><em>Ta\u0165\u00e1na Kucha\u0159ov\u00e1 &#8211; foto: MPSV<\/em><\/p>\n<p>C\u00edlem je zviditeln\u011bn\u00ed \u010cesk\u00e9 republiky a t\u00e9mat jako je pozitivn\u00ed st\u00e1rnut\u00ed, podpora participace star\u0161\u00edch osob ve spole\u010dnosti a mezigenera\u010dn\u00ed pomoc.<\/p>\n<p>Na z\u00e1klad\u011b \u00fasp\u011b\u0161n\u00e9 vnitrost\u00e1tn\u00ed spolupr\u00e1ce na implementaci N\u00e1rodn\u00edho ak\u010dn\u00edho pl\u00e1nu podporuj\u00edc\u00edho pozitivn\u00ed st\u00e1rnut\u00ed se akce tak\u00e9 \u00fa\u010dastn\u00ed z\u00e1stupci z M\u011bstsk\u00e9 \u010d\u00e1sti Praha 1 a St\u0159ediska soci\u00e1ln\u00edch slu\u017eeb Prahy 1, kte\u0159\u00ed budou prezentovat konkr\u00e9tn\u00ed praktick\u00e1 opat\u0159en\u00ed k napl\u0148ov\u00e1n\u00ed N\u00e1rodn\u00edho ak\u010dn\u00edho pl\u00e1nu podporuj\u00edc\u00edho pozitivn\u00ed st\u00e1rnut\u00ed v oblasti aktiviza\u010dn\u00edch program\u016f pro seniory.<\/p>\n<p>Prezentace v OSN se za neziskov\u00fd sektor z\u00fa\u010dastn\u00ed p\u0159edsedkyn\u011b spr\u00e1vn\u00ed rady Nadace Kr\u00e1sa pomoci a Miss World Ta\u0165\u00e1na Kucha\u0159ov\u00e1 (na sn\u00edmku), kter\u00e1 iniciovala zalo\u017een\u00ed sv\u00e9 nadace a kter\u00e1 ji\u017e \u0159adu let v\u00fdznamn\u011b p\u016fsob\u00ed v seniorsk\u00e9 problematice \u010cesk\u00e9 republiky. Jej\u00ed nadace a aktivity upozor\u0148uj\u00ed na mezigenera\u010dn\u00ed vztahy a pom\u00e1haj\u00ed senior\u016fm \u017e\u00edt aktivn\u00ed a d\u016fstojn\u00fd \u017eivot doma.<\/p>\n<p>\u201cJsem velmi r\u00e1da, \u017ee se mi dostalo takov\u00e9 mo\u017enosti prezentovat na\u0161i nada\u010dn\u00ed \u010dinnost a pr\u00e1ci v oblasti mezigenera\u010dn\u00edch vztah\u016f a seniorsk\u00e9 problematiky a\u017e v OSN. M\u00fdm c\u00edlem je zviditelnit toto celosv\u011btov\u00e9 t\u00e9ma na p\u016fd\u011b OSN a v\u011b\u0159\u00edm, \u017ee to je jen za\u010d\u00e1tek propagov\u00e1n\u00ed pozitivn\u00edho ageingu a st\u00e1rnut\u00ed populace na p\u016fd\u011b OSN d\u00e1l,\u201c \u0159\u00edk\u00e1 Ta\u0165\u00e1na Kucha\u0159ov\u00e1.<\/p>\n<p>Jej\u00ed prezentace a osobn\u00ed \u00fa\u010dast pom\u016f\u017ee zajistit zcela jist\u011b v\u011bt\u0161\u00ed publicitu akce. Akce poskytne prostor ke sd\u00edlen\u00ed perspektiv a zku\u0161enost\u00ed mezi zem\u011bmi a regiony.<\/p>\n<p>V souvislosti s p\u0159\u00edpravou programu se dne 9. ledna 2015 na Ministerstvu pr\u00e1ce a soci\u00e1ln\u00edch v\u011bc\u00ed se\u0161la n\u00e1m\u011bstkyn\u011b ministryn\u011b Mgr. Hanzl\u00edkov\u00e1 se z\u00e1stupkyn\u00ed St\u00e1l\u00e9 mise \u010cR p\u0159i OSN v New Yorku a dal\u0161\u00edmi \u00fa\u010dastn\u00edky, kde byl prodiskutov\u00e1n n\u00e1vrh programu p\u0159ipravovan\u00e9 akce.<\/p>\n<p>\u201e\u00da\u010dast \u010desk\u00fdch z\u00e1stupc\u016f na zased\u00e1n\u00ed, mo\u017enost uk\u00e1zat konkr\u00e9tn\u00ed p\u0159\u00edklady spolupr\u00e1ce mezi st\u00e1tn\u00edmi subjekty na n\u00e1rodn\u00ed a region\u00e1ln\u00ed \u00farovni a neziskov\u00fdmi organizacemi je nejlep\u0161\u00ed zp\u016fsob, jak prezentovat dosa\u017een\u00e9 v\u00fdsledky a pokroky v souvislosti s p\u0159\u00edpravou na st\u00e1rnut\u00ed v \u010cesk\u00e9 republice\u201c, \u0159\u00edk\u00e1 n\u00e1m\u011bstkyn\u011b ministryn\u011b Mgr. Hanzl\u00edkov\u00e1.<\/p>\n<p>Tiskov\u00e1 zpr\u00e1va MPSV<\/p>\n","protected":false},"excerpt":{"rendered":"<div class=\"mh-excerpt\"><p>T\u00e9ma st\u00e1rnut\u00ed je na soci\u00e1ln\u00edch f\u00f3rech OSN jedn\u00edm z nejsledovan\u011bj\u0161\u00edch t\u00e9mat. Ministerstvo zahrani\u010dn\u00edch v\u011bc\u00ed, prost\u0159ednictv\u00edm St\u00e1l\u00e9 mise \u010cR p\u0159i OSN v New Yorku, po\u017e\u00e1dalo MPSV <a class=\"mh-excerpt-more\" href=\"https:\/\/www.invarena.cz\/?p=19285\" title=\"MPSV spolu s Ta\u0165\u00e1nou Kucha\u0159ovou p\u0159edstav\u00ed politiku p\u0159\u00edpravy na st\u00e1rnut\u00ed na p\u016fd\u011b OSN\">[&#8230;]<\/a><\/p>\n<\/div>","protected":false},"author":1,"featured_media":19300,"comment_status":"open","ping_status":"closed","sticky":false,"template":"","format":"standard","meta":{"footnotes":""},"categories":[9],"tags":[],"class_list":["post-19285","post","type-post","status-publish","format-standard","has-post-thumbnail","hentry","category-zpravy"],"_links":{"self":[{"href":"https:\/\/www.invarena.cz\/index.php?rest_route=\/wp\/v2\/posts\/19285","targetHints":{"allow":["GET"]}}],"collection":[{"href":"https:\/\/www.invarena.cz\/index.php?rest_route=\/wp\/v2\/posts"}],"about":[{"href":"https:\/\/www.invarena.cz\/index.php?rest_route=\/wp\/v2\/types\/post"}],"author":[{"embeddable":true,"href":"https:\/\/www.invarena.cz\/index.php?rest_route=\/wp\/v2\/users\/1"}],"replies":[{"embeddable":true,"href":"https:\/\/www.invarena.cz\/index.php?rest_route=%2Fwp%2Fv2%2Fcomments&post=19285"}],"version-history":[{"count":0,"href":"https:\/\/www.invarena.cz\/index.php?rest_route=\/wp\/v2\/posts\/19285\/revisions"}],"wp:featuredmedia":[{"embeddable":true,"href":"https:\/\/www.invarena.cz\/index.php?rest_route=\/wp\/v2\/media\/19300"}],"wp:attachment":[{"href":"https:\/\/www.invarena.cz\/index.php?rest_route=%2Fwp%2Fv2%2Fmedia&parent=19285"}],"wp:term":[{"taxonomy":"category","embeddable":true,"href":"https:\/\/www.invarena.cz\/index.php?rest_route=%2Fwp%2Fv2%2Fcategories&post=19285"},{"taxonomy":"post_tag","embeddable":true,"href":"https:\/\/www.invarena.cz\/index.php?rest_route=%2Fwp%2Fv2%2Ftags&post=19285"}],"curies":[{"name":"wp","href":"https:\/\/api.w.org\/{rel}","templated":true}]}}