{"id":19307,"date":"2015-01-14T08:38:08","date_gmt":"2015-01-14T07:38:08","guid":{"rendered":"http:\/\/www.invarena.cz\/?p=19307"},"modified":"2015-01-14T09:16:44","modified_gmt":"2015-01-14T08:16:44","slug":"vasik-nemuze-absolvovat-specialni-terapii-hledame-tedy-dale-rika-maminka","status":"publish","type":"post","link":"https:\/\/www.invarena.cz\/?p=19307","title":{"rendered":"&#8222;Va\u0161\u00edk nem\u016f\u017ee absolvovat speci\u00e1ln\u00ed terapii, hled\u00e1me tedy d\u00e1le,&#8220; \u0159\u00edk\u00e1 matka"},"content":{"rendered":"<p><strong>Chlapec je p\u0159\u00edli\u0161 \u017eiv\u00fd, p\u016fldruh\u00e9 hodiny terapie by nevydr\u017eel.<\/strong><!--more--><\/p>\n<p>Ostrava \u2013 Po t\u00e9m\u011b\u0159 \u010dtvrt roce se setk\u00e1v\u00e1me s Va\u0161\u00ed\u010dkem a Jarou\u0161kem na zahrad\u011b rodinn\u00e9ho domku ve Slezsk\u00e9 Ostrav\u011b. Zat\u00edmco Jarou\u0161ek se hned zv\u011bdav\u011b b\u011b\u017e\u00ed pod\u00edvat k plotu, kdo to p\u0159ijel, Va\u0161\u00edk sed\u00ed v ko\u010d\u00e1rku a brouk\u00e1 si. Na prvn\u00ed pohled je vid\u011bt, \u017ee kluk\u016fm nic nesch\u00e1z\u00ed, p\u0159esto pro n\u00e1s m\u00e1 jejich v\u011b\u010dn\u011b usm\u011bvav\u00e1 maminka rozporuplnou novinku. &#8222;Mus\u00edme hledat n\u011bco jin\u00e9ho, na klim\u00acterapii je Va\u0161\u00edk bohu\u017eel moc \u017eiv\u00fd,&#8220; \u0159\u00edk\u00e1.<\/p>\n<p>Va\u0161\u00edk s Jarou\u0161kem jsou ment\u00e1ln\u011b posti\u017een\u00ed, jak u\u017e Den\u00edk informoval. Kluk\u016fm je \u0161est let a ani jeden nemluv\u00ed. Oba se nav\u00edc l\u00e9\u010d\u00ed s epilepsi\u00ed.<\/p>\n<p>Zat\u00edmco u Jarou\u0161ka se povedlo dostat ji pod kontrolu a motorick\u00fd v\u00fdvoj nakonec dohnal, Va\u0161\u00ed\u010dk\u016fv stav nav\u00edc komplikuje d\u011btsk\u00e1 mozkov\u00e1 obrna. Je tedy odk\u00e1z\u00e1n na plnou pomoc sv\u00fdch rodi\u010d\u016f \u2013 bez opory nedok\u00e1\u017ee ani st\u00e1t. Pro zlep\u0161en\u00ed jeho stavu by byla p\u0159\u00ednosn\u00e1 speci\u00e1ln\u00ed terapie, kter\u00e1 v\u0161ak nen\u00ed hrazena zdravotn\u00ed poji\u0161\u0165ovnou. D\u00edky n\u00ed by mohl za\u010d\u00edt chodit s\u00e1m bez chod\u00edtka.<\/p>\n<p>&#8222;Velmi by n\u00e1m pomohlo, kdyby Va\u0161\u00edk za\u010dal chodit. Kdy\u017e je man\u017eel v pr\u00e1ci, nen\u00ed v m\u00fdch sil\u00e1ch vz\u00edt na proch\u00e1zku oba kluky najednou vzhledem k tomu, jak je Jarou\u0161ek neposedn\u00fd a nezbedn\u00fd,&#8220; p\u0159ibl\u00ed\u017eila \u017eena, kter\u00e1 krom\u011b n\u00e1ro\u010dn\u00e9 p\u00e9\u010de o sv\u00e9 syny chod\u00ed alespo\u0148 dopoledne, kdy jsou chlapci ve stacion\u00e1\u0159i, do zam\u011bstn\u00e1n\u00ed. Den\u00edk se ve spolupr\u00e1ci s Nada\u010dn\u00edm fondem \u0160\u0165astn\u00e1 hv\u011bzda rozhodl uspo\u0159\u00e1dat v \u0159\u00edjnu Kabelkov\u00fd veletrh, na kter\u00e9m se vybralo 55 tis\u00edc korun p\u016fvodn\u011b na 28denn\u00ed l\u00e9\u010dbu. Te\u010f se v\u0161ak rodi\u010de dozv\u00eddaj\u00ed, \u017ee a\u010dkoliv jim neurolog terapii doporu\u010dil, asi nebude pro jejich syna p\u0159esn\u011b to prav\u00e9 o\u0159echov\u00e9. &#8222;Byli jsme v l\u00e1zn\u00edch na zkou\u0161ku, a bohu\u017eel n\u00e1m \u0159ekli, \u017ee Va\u0161\u00edkovi nemohou terapii upravit na m\u00edru. Hodinu a p\u016fl by toti\u017e m\u011bl le\u017eet na z\u00e1dech, ale Va\u0161\u00edk je p\u0159\u00edli\u0161 \u017eiv\u00fd a takovou dobu nevydr\u017e\u00ed,&#8220; dod\u00e1v\u00e1 maminka.<\/p>\n<p>Zd\u016fraz\u0148uje, jak by cht\u011bla pod\u011bkovat v\u0161em, kte\u0159\u00ed se \u0159\u00edjnov\u00e9ho veletrhu z\u00fa\u010dastnili. &#8222;Jsem r\u00e1da, \u017ee lid\u00e9 p\u0159isp\u011bli na dobrou v\u011bc a projevili z\u00e1jem o charitu. D\u00edky \u00fasil\u00ed, pomoci, dobr\u00e9 v\u016fli a \u0161t\u011bdrosti mnoha lid\u00ed se poda\u0159ilo vybrat takov\u00fd obnos pen\u011bz. Hled\u00e1me te\u010f samoz\u0159ejm\u011b jin\u00e9 zdravotnick\u00e9 za\u0159\u00edzen\u00ed, kter\u00e9 by mohlo Va\u0161\u00edkovi poskytnout stejnou l\u00e9\u010dbu upravenou na m\u00edru,&#8220; uzav\u0159ela.<\/p>\n<p>Tereza Pint\u00e9rov\u00e1<br \/>\n<a href=\"http:\/\/www.moravskoslezsky.denik.cz\/\">http:\/\/www.moravskoslezsky.denik.cz\/<\/a><\/p>\n","protected":false},"excerpt":{"rendered":"<div class=\"mh-excerpt\"><p>Chlapec je p\u0159\u00edli\u0161 \u017eiv\u00fd, p\u016fldruh\u00e9 hodiny terapie by nevydr\u017eel.<\/p>\n<\/div>","protected":false},"author":1,"featured_media":4375,"comment_status":"open","ping_status":"closed","sticky":false,"template":"","format":"standard","meta":{"footnotes":""},"categories":[9],"tags":[],"class_list":["post-19307","post","type-post","status-publish","format-standard","has-post-thumbnail","hentry","category-zpravy"],"_links":{"self":[{"href":"https:\/\/www.invarena.cz\/index.php?rest_route=\/wp\/v2\/posts\/19307","targetHints":{"allow":["GET"]}}],"collection":[{"href":"https:\/\/www.invarena.cz\/index.php?rest_route=\/wp\/v2\/posts"}],"about":[{"href":"https:\/\/www.invarena.cz\/index.php?rest_route=\/wp\/v2\/types\/post"}],"author":[{"embeddable":true,"href":"https:\/\/www.invarena.cz\/index.php?rest_route=\/wp\/v2\/users\/1"}],"replies":[{"embeddable":true,"href":"https:\/\/www.invarena.cz\/index.php?rest_route=%2Fwp%2Fv2%2Fcomments&post=19307"}],"version-history":[{"count":0,"href":"https:\/\/www.invarena.cz\/index.php?rest_route=\/wp\/v2\/posts\/19307\/revisions"}],"wp:featuredmedia":[{"embeddable":true,"href":"https:\/\/www.invarena.cz\/index.php?rest_route=\/wp\/v2\/media\/4375"}],"wp:attachment":[{"href":"https:\/\/www.invarena.cz\/index.php?rest_route=%2Fwp%2Fv2%2Fmedia&parent=19307"}],"wp:term":[{"taxonomy":"category","embeddable":true,"href":"https:\/\/www.invarena.cz\/index.php?rest_route=%2Fwp%2Fv2%2Fcategories&post=19307"},{"taxonomy":"post_tag","embeddable":true,"href":"https:\/\/www.invarena.cz\/index.php?rest_route=%2Fwp%2Fv2%2Ftags&post=19307"}],"curies":[{"name":"wp","href":"https:\/\/api.w.org\/{rel}","templated":true}]}}