{"id":19311,"date":"2015-01-13T11:40:48","date_gmt":"2015-01-13T10:40:48","guid":{"rendered":"http:\/\/www.invarena.cz\/?p=19311"},"modified":"2015-01-13T11:40:48","modified_gmt":"2015-01-13T10:40:48","slug":"unikatni-manual-vznika-v-olomouci","status":"publish","type":"post","link":"https:\/\/www.invarena.cz\/?p=19311","title":{"rendered":"Unik\u00e1tn\u00ed manu\u00e1l vznik\u00e1 v Olomouci"},"content":{"rendered":"<p><strong>Kdy\u017e u\u010ditelka Danu\u0161e Petr\u00e1\u0161ov\u00e1 p\u0159ed t\u0159emi lety p\u0159eb\u00edrala prvn\u00ed t\u0159\u00eddu, v n\u00ed\u017e sed\u011bl tak\u00e9 nesly\u0161\u00edc\u00ed Ondra s kochle\u00e1rn\u00edm implant\u00e1tem, nem\u011bla s integrac\u00ed podobn\u011b posti\u017een\u00fdch d\u011bt\u00ed \u017e\u00e1dn\u00e9 zku\u0161enosti.<\/strong><!--more--><\/p>\n<p>OLOMOUC Dnes se Ondr\u016fv p\u0159\u00edb\u011bh a zku\u0161enosti u\u010ditelky z Horn\u00ed Mo\u0161t\u011bnice na P\u0159erovsku prom\u00edtly do Katalogu podp\u016frn\u00fdch opat\u0159en\u00ed, kter\u00fd p\u0159ipravuj\u00ed ve spolupr\u00e1ci se spole\u010dnost\u00ed \u010clov\u011bk v t\u00edsni odborn\u00edci z Univerzity Palack\u00e9ho v Olomouci. U\u017e brzy m\u016f\u017ee pomoci s integrac\u00ed d\u011btem v cel\u00e9 zemi.<\/p>\n<p>Praktick\u00e1 p\u0159\u00edru\u010dka porad\u00ed pedagog\u016fm, jak ve sv\u00e9 t\u0159\u00edd\u011b pracovat s d\u00edt\u011btem, kter\u00e9 m\u00e1 n\u011bjak\u00e9 posti\u017een\u00ed. &#8222;P\u0159izn\u00e1v\u00e1m, \u017ee zpo\u010d\u00e1tku jsem m\u011bla obavy. V\u016fbec jsem nev\u011bd\u011bla, co takov\u00e1 integrace obn\u00e1\u0161\u00ed, nikdy d\u0159\u00edv jsem se s takto posti\u017een\u00fdm d\u00edt\u011btem ve sv\u00e9 praxi nesetkala,&#8220; vzpom\u00edn\u00e1 na za\u010d\u00e1tky Petr\u00e1\u0161ov\u00e1.<\/p>\n<p>Unik\u00e1tn\u00ed manu\u00e1l navazuje na novelu \u0161kolsk\u00e9ho z\u00e1kona, kterou v srpnu schv\u00e1lila vl\u00e1da. Ta p\u0159in\u00e1\u0161\u00ed zm\u011bny i ve vzd\u011bl\u00e1v\u00e1n\u00ed \u017e\u00e1k\u016f se speci\u00e1ln\u00edmi vzd\u011bl\u00e1vac\u00edmi pot\u0159ebami. Opou\u0161t\u00ed toti\u017e d\u011blen\u00ed podle medic\u00ednsk\u00fdch nebo psychologick\u00fdch diagn\u00f3z a zav\u00e1d\u00ed nov\u011b pr\u00e1v\u011b syst\u00e9m podp\u016frn\u00fdch opat\u0159en\u00ed. Ten v\u00edce zohledn\u00ed skute\u010dn\u00e9 dopady posti\u017een\u00ed \u010di znev\u00fdhodn\u011bn\u00ed d\u011bt\u00ed na vzd\u011bl\u00e1v\u00e1n\u00ed. Pomoc ur\u010den\u00e1 d\u011btem se bude nov\u011b d\u011blit do p\u011bti stup\u0148\u016f. &#8222;Tento zp\u016fsob podpory umo\u017en\u00ed rychleji a efektivn\u011bji reagovat na pot\u0159eby \u017e\u00e1k\u016f se speci\u00e1ln\u00edmi vzd\u011bl\u00e1vac\u00edmi pot\u0159ebami,&#8220; uv\u00e1d\u00ed Jan Michal\u00edk z \u00fastavu speci\u00e1ln\u011b pedagogick\u00fdch studi\u00ed, pod jeho\u017e projektem Katalog podp\u016frn\u00fdch opat\u0159en\u00ed vznik\u00e1.<\/p>\n<p>Danu\u0161e Petr\u00e1\u0161ov\u00e1 spolu s Ondrovou maminkou p\u0159ipom\u00ednkovala materi\u00e1l v oblasti t\u00fdkaj\u00edc\u00ed se d\u011bt\u00ed se sluchovou vadou. &#8222;Katalog hodn\u011b pom\u016f\u017ee u\u010ditel\u016fm, kte\u0159\u00ed nikdy nep\u0159i\u0161li do styku s posti\u017een\u00fdm d\u00edt\u011btem. Nikdo nev\u00ed, kdy se s takov\u00fdm \u017e\u00e1kem setk\u00e1,&#8220; mysl\u00ed si Kate\u0159ina Kalovsk\u00e1, maminka nesly\u0161\u00edc\u00edho Ondry. Auto\u0159i manu\u00e1lu po\u010d\u00edtaj\u00ed s ti\u0161t\u011bnou i elektronickou verz\u00ed. U\u017e v l\u00e9t\u011b s n\u00edm sezn\u00e1mili pedagogy ze 140 \u0161kol v\u0161ech druh\u016f i stup\u0148\u016f v \u010cesku. Pr\u00e1v\u011b na z\u00e1klad\u011b jejich p\u0159ipom\u00ednek dostane podle Michal\u00edka ministerstvo fin\u00e1ln\u00ed verzi v \u010dervnu leto\u0161n\u00edho roku.<\/p>\n<p>Katalog hodn\u011b pom\u016f\u017ee u\u010ditel\u016fm, kte\u0159\u00ed nikdy nep\u0159i\u0161li do styku s posti\u017een\u00fdm d\u00edt\u011btem.<\/p>\n<p>Barbora Ta\u0161evsk\u00e1<br \/>\nMlad\u00e1 fronta DNES<\/p>\n","protected":false},"excerpt":{"rendered":"<div class=\"mh-excerpt\"><p>Kdy\u017e u\u010ditelka Danu\u0161e Petr\u00e1\u0161ov\u00e1 p\u0159ed t\u0159emi lety p\u0159eb\u00edrala prvn\u00ed t\u0159\u00eddu, v n\u00ed\u017e sed\u011bl tak\u00e9 nesly\u0161\u00edc\u00ed Ondra s kochle\u00e1rn\u00edm implant\u00e1tem, nem\u011bla s integrac\u00ed podobn\u011b posti\u017een\u00fdch d\u011bt\u00ed <a class=\"mh-excerpt-more\" href=\"https:\/\/www.invarena.cz\/?p=19311\" title=\"Unik\u00e1tn\u00ed manu\u00e1l vznik\u00e1 v Olomouci\">[&#8230;]<\/a><\/p>\n<\/div>","protected":false},"author":1,"featured_media":18796,"comment_status":"open","ping_status":"closed","sticky":false,"template":"","format":"standard","meta":{"footnotes":""},"categories":[9],"tags":[],"class_list":["post-19311","post","type-post","status-publish","format-standard","has-post-thumbnail","hentry","category-zpravy"],"_links":{"self":[{"href":"https:\/\/www.invarena.cz\/index.php?rest_route=\/wp\/v2\/posts\/19311","targetHints":{"allow":["GET"]}}],"collection":[{"href":"https:\/\/www.invarena.cz\/index.php?rest_route=\/wp\/v2\/posts"}],"about":[{"href":"https:\/\/www.invarena.cz\/index.php?rest_route=\/wp\/v2\/types\/post"}],"author":[{"embeddable":true,"href":"https:\/\/www.invarena.cz\/index.php?rest_route=\/wp\/v2\/users\/1"}],"replies":[{"embeddable":true,"href":"https:\/\/www.invarena.cz\/index.php?rest_route=%2Fwp%2Fv2%2Fcomments&post=19311"}],"version-history":[{"count":0,"href":"https:\/\/www.invarena.cz\/index.php?rest_route=\/wp\/v2\/posts\/19311\/revisions"}],"wp:featuredmedia":[{"embeddable":true,"href":"https:\/\/www.invarena.cz\/index.php?rest_route=\/wp\/v2\/media\/18796"}],"wp:attachment":[{"href":"https:\/\/www.invarena.cz\/index.php?rest_route=%2Fwp%2Fv2%2Fmedia&parent=19311"}],"wp:term":[{"taxonomy":"category","embeddable":true,"href":"https:\/\/www.invarena.cz\/index.php?rest_route=%2Fwp%2Fv2%2Fcategories&post=19311"},{"taxonomy":"post_tag","embeddable":true,"href":"https:\/\/www.invarena.cz\/index.php?rest_route=%2Fwp%2Fv2%2Ftags&post=19311"}],"curies":[{"name":"wp","href":"https:\/\/api.w.org\/{rel}","templated":true}]}}