{"id":19315,"date":"2015-02-28T11:08:57","date_gmt":"2015-02-28T10:08:57","guid":{"rendered":"http:\/\/www.invarena.cz\/?p=19315"},"modified":"2015-02-28T11:10:57","modified_gmt":"2015-02-28T10:10:57","slug":"zacala-registrace-na-konferenci-inspo-2015","status":"publish","type":"post","link":"https:\/\/www.invarena.cz\/?p=19315","title":{"rendered":"Za\u010dala registrace na konferenci INSPO 2015"},"content":{"rendered":"<p><strong>Patn\u00e1ct\u00fd ro\u010dn\u00edk konference INSPO o informa\u010dn\u00edch a komunika\u010dn\u00edch technologi\u00edch pro osoby se specifick\u00fdmi pot\u0159ebami se uskute\u010dn\u00ed v sobotu 28. b\u0159ezna 2015 v Kongresov\u00e9m centru Praha.<\/strong> <!--more--><\/p>\n<p>ilustra\u010dn\u00ed foto: clarita \/ MorgueFile<\/p>\n<p>Po\u0159\u00e1daj\u00edc\u00ed BMI sdru\u017een\u00ed zve\u0159ejnilo p\u0159edb\u011b\u017en\u00fd program a zah\u00e1jilo registraci \u00fa\u010dastn\u00edk\u016f. V dopoledn\u00edm spole\u010dn\u00e9m programu a odpoledne ve t\u0159ech sekc\u00edch zazn\u00ed na t\u0159i des\u00edtky p\u0159edn\u00e1\u0161ek, kter\u00e9 p\u0159edstav\u00ed nov\u00e9 aplikace, projekty \u010di programy pom\u00e1haj\u00edc\u00ed lidem s nejr\u016fzn\u011bj\u0161\u00edm zdravotn\u00edm posti\u017een\u00edm.<\/p>\n<p>Ji\u017e tradi\u010dn\u011b budou na konferenci vyhl\u00e1\u0161eny v\u00fdsledky liter\u00e1rn\u00ed sout\u011b\u017ee Internet a m\u016fj handicap.<\/p>\n<p>Poprv\u00e9 budou na konferenci ocen\u011bni tak\u00e9 p\u0159edn\u00e1\u0161ej\u00edc\u00ed a vystavovatel\u00e9. Na z\u00e1klad\u011b hlasov\u00e1n\u00ed publika budou ud\u011bleny ceny 5000 korun za nejlep\u0161\u00ed p\u0159edn\u00e1\u0161ku v ka\u017ed\u00e9 ze sekc\u00ed a rovn\u011b\u017e za nejlep\u0161\u00ed expozici. Zkr\u00e1tka nep\u0159ijdou ani \u00fa\u010dastn\u00edci, nebo\u0165 20 vylosovan\u00fdch hlasuj\u00edc\u00edch z\u00edsk\u00e1 USB pam\u011b\u0165.<\/p>\n<p>Stejn\u011b jako v minul\u00e9m roce bude zaji\u0161t\u011bno tlumo\u010den\u00ed do \u010desk\u00e9ho znakov\u00e9ho jazyka a simult\u00e1nn\u00ed p\u0159epis mluven\u00e9 \u0159e\u010di na pl\u00e1tno ve v\u0161ech s\u00e1lech. Nesly\u0161\u00edc\u00ed \u00fa\u010dastn\u00edci tak nebudou odk\u00e1z\u00e1ni pouze na jedn\u00e1n\u00ed v jednom s\u00e1le. Simult\u00e1nn\u00ed p\u0159epis budou moci sledovat krom\u011b pl\u00e1tna tak\u00e9 na tabletech, kter\u00e9 jim budou zap\u016fj\u010deny. Tablety mohou vyu\u017e\u00edt tak\u00e9 slabozrac\u00ed \u00fa\u010dastn\u00edci, kte\u0159\u00ed na nich budou sledovat prezentaci prom\u00edtanou na pl\u00e1tno.<\/p>\n<p>\u00da\u010dast na konferenci je za symbolick\u00fd poplatek 300 K\u010d (plat\u00ed se u prezence), kter\u00fd zahrnuje i pr\u016fb\u011b\u017en\u00e9 ob\u010derstven\u00ed a ob\u011bd a sborn\u00edk na CD. \u00da\u010dastn\u00edci, kte\u0159\u00ed maj\u00ed pr\u016fkaz TP, ZTP nebo ZTP\/P, zaplat\u00ed pouze 200 K\u010d, pro osobn\u00ed asistenty je \u00fa\u010dast zdarma.<\/p>\n<p>Po\u0159adatel\u00e9 upozor\u0148uj\u00ed, \u017ee v minul\u00fdch letech musela b\u00fdt registrace ukon\u010dena pro velk\u00fd z\u00e1jem p\u0159ed\u010dasn\u011b, proto doporu\u010duj\u00ed nenech\u00e1vat ji na posledn\u00ed chv\u00edli. P\u0159edb\u011b\u017en\u00fd program i registra\u010dn\u00ed formul\u00e1\u0159 jsou a href=&#8220;http:\/\/inspo.cz\/inspo-2015&#8243;na str\u00e1nk\u00e1ch konference INSPO\/a.<\/p>\n<p>Patn\u00e1ct\u00fd ro\u010dn\u00edk konference INSPO po\u0159\u00e1d\u00e1 a href=&#8220;http:\/\/www.brezen.cz\/&#8220;BMI sdru\u017een\u00ed\/a. Gener\u00e1ln\u00edm partnerem je Nadace Vodafone, AutoCont CZ a ERA a odborn\u00fdm partnerem Teiresi\u00e1s, st\u0159edisko Masarykovy univerzity pro pomoc student\u016fm se specifick\u00fdmi n\u00e1roky. Medi\u00e1ln\u00edmi partnery jsou \u010cTK a port\u00e1l  Helpnet.cz.<\/p>\n<p>Kontakt:<\/p>\n<p>Jaroslav Winter<\/p>\n<p>BMI sdru\u017een\u00ed<\/p>\n<p>e-mail: a href=&#8220;mailto:winter@brezen.cz&#8220;winter@brezen.cz\/a<\/p>\n","protected":false},"excerpt":{"rendered":"<div class=\"mh-excerpt\"><p>Patn\u00e1ct\u00fd ro\u010dn\u00edk konference INSPO o informa\u010dn\u00edch a komunika\u010dn\u00edch technologi\u00edch pro osoby se specifick\u00fdmi pot\u0159ebami se uskute\u010dn\u00ed v sobotu 28. b\u0159ezna 2015 v Kongresov\u00e9m centru Praha.<\/p>\n<\/div>","protected":false},"author":1,"featured_media":18067,"comment_status":"open","ping_status":"closed","sticky":false,"template":"","format":"standard","meta":{"footnotes":""},"categories":[9],"tags":[],"class_list":["post-19315","post","type-post","status-publish","format-standard","has-post-thumbnail","hentry","category-zpravy"],"_links":{"self":[{"href":"https:\/\/www.invarena.cz\/index.php?rest_route=\/wp\/v2\/posts\/19315","targetHints":{"allow":["GET"]}}],"collection":[{"href":"https:\/\/www.invarena.cz\/index.php?rest_route=\/wp\/v2\/posts"}],"about":[{"href":"https:\/\/www.invarena.cz\/index.php?rest_route=\/wp\/v2\/types\/post"}],"author":[{"embeddable":true,"href":"https:\/\/www.invarena.cz\/index.php?rest_route=\/wp\/v2\/users\/1"}],"replies":[{"embeddable":true,"href":"https:\/\/www.invarena.cz\/index.php?rest_route=%2Fwp%2Fv2%2Fcomments&post=19315"}],"version-history":[{"count":0,"href":"https:\/\/www.invarena.cz\/index.php?rest_route=\/wp\/v2\/posts\/19315\/revisions"}],"wp:featuredmedia":[{"embeddable":true,"href":"https:\/\/www.invarena.cz\/index.php?rest_route=\/wp\/v2\/media\/18067"}],"wp:attachment":[{"href":"https:\/\/www.invarena.cz\/index.php?rest_route=%2Fwp%2Fv2%2Fmedia&parent=19315"}],"wp:term":[{"taxonomy":"category","embeddable":true,"href":"https:\/\/www.invarena.cz\/index.php?rest_route=%2Fwp%2Fv2%2Fcategories&post=19315"},{"taxonomy":"post_tag","embeddable":true,"href":"https:\/\/www.invarena.cz\/index.php?rest_route=%2Fwp%2Fv2%2Ftags&post=19315"}],"curies":[{"name":"wp","href":"https:\/\/api.w.org\/{rel}","templated":true}]}}