{"id":19322,"date":"2015-01-17T08:34:48","date_gmt":"2015-01-17T07:34:48","guid":{"rendered":"http:\/\/www.invarena.cz\/?p=19322"},"modified":"2015-01-17T08:34:48","modified_gmt":"2015-01-17T07:34:48","slug":"tony-ve-tme","status":"publish","type":"post","link":"https:\/\/www.invarena.cz\/?p=19322","title":{"rendered":"T\u00f3ny ve tm\u011b"},"content":{"rendered":"<p><strong>Osmdes\u00e1tilet\u00fd Ladislav Dohnal m\u00e1 absolutn\u00ed sluch. Je to ale vykoupeno t\u00edm, \u017ee je slep\u00fd. Tvrd\u00ed, \u017ee si na nic nest\u011b\u017euje. A se sv\u00fdm \u00fad\u011blem je naprosto spokojen\u00fd. <\/strong><!--more--><\/p>\n<p><strong><br \/>\nReport\u00e9\u0159i \u010cT<\/strong><em><\/p>\n<p>Osmdes\u00e1tilet\u00fd Ladislav Dohnal se narodil jako zdrav\u00e9 d\u00edt\u011b v Mitrovic\u00edch u T\u00e1bora. Je\u0161t\u011b ne\u017e oslavil prvn\u00ed narozeniny, dostal spalni\u010dky a kv\u016fli nim \u00fapln\u011b ztratil zrak.<\/p>\n<p>Ladislav DOHNAL, :<br \/>\nRodi\u010de se mnou jezdili po l\u00e9ka\u0159\u00edch, sna\u017eili se, jestli by se to dalo n\u011bjak napravit, ov\u0161em ka\u017ed\u00fd jen kroutil hlavou, \u0159\u00edkal, s t\u00edm se ned\u00e1 nic d\u011blat. Mus\u00edte se s t\u00edm sm\u00ed\u0159it. Ale jeden profesor \u0159ek, v\u00edte co, dejte ho do m\u00e9ho \u00fastavu v Praze na Hrad\u010danech, tam si najde kamar\u00e1dy a nau\u010d\u00ed se v\u0161echno, co bude pot\u0159ebovat k \u017eivotu. No, a tak\u017ee tam jsem byl od p\u011bti let. No, a pon\u011bvad\u017e se brzo zjistilo, \u017ee m\u00e1m absolutn\u00ed hudebn\u00ed sluch, tak se mi v\u011bnovala dost velk\u00e1 p\u00e9\u010de, za\u010dal jsem hr\u00e1t na klav\u00edr, pozd\u011bji potom na housle, na varhany, a kdy\u017e potom jsem u\u017e se dostal na pedagogickou hudebn\u00ed \u0161kolu, tak jsem si p\u0159ibral i trubku a akordeon.<\/p>\n<p>Pro pana Dohnala jsme p\u0159ipravili d\u00e1rek. Vzali jsme ho na m\u00edsto, kde ho sestry boromejky nau\u010dily \u017e\u00edt ve tm\u011b.<br \/>\nTak, a te\u010fkon jsme bl\u00edzko \u0161koly Jaroslava Je\u017eka, kde d\u0159\u00edv byl \u00fastav pro <span class=\"highlight\">nevidom\u00e9<\/span>, kam vy jste taky chodil. Tak, a te\u010fkon u\u017e jsme tady p\u0159ede dve\u0159ma.<\/p>\n<p>Ladislav DOHNAL, :<br \/>\nNo, m\u00e1m dojem, \u017ee ta dla\u017eba je tady hrub\u0161\u00ed, ne\u017e b\u00fdvala. Tady b\u00fdval zvonek, tla\u010d\u00edtko. Je tam je\u0161t\u011b? Nen\u00ed. Po\u010dkejte, ne, nen\u00ed. To u\u017e tu nen\u00ed. Tak\u017ee, vid\u00edm, \u017ee tady je bohat\u00e1 v\u00fdstava b\u00edl\u00fdch hol\u00ed, ale jednu z nich j\u00e1 taky bych, teda jednu z nich ur\u010dit\u011b taky nos\u00edm, ale za m\u00e9ho d\u011btstv\u00ed jsme tady l\u00edtali bez hol\u00ed. To j\u00e1 v\u016fbec tehdy jsem \u017e\u00e1dnou h\u016fl nem\u011bl. A nikdo z d\u011bt\u00ed. To je\u0161t\u011b nebyla takov\u00e1 m\u00f3da, jako je dnes. Tady jsme m\u011bli i sbor, tady se zp\u00edvaly v\u0161echny ty p\u00edsn\u011b, se zp\u00edvaly \u010dty\u0159hlasn\u011b, tak\u017ee tady j\u00e1 jsem vlastn\u011b m\u011bl takov\u00fd prvn\u00ed dojem ze sboru, kter\u00fd jsem si pozd\u011bji obl\u00edbil a cht\u011bl jsem zalo\u017eit si n\u011bkdy taky sv\u016fj sbor.<\/p>\n<p>V \u00fastavu pro <span class=\"highlight\">nevidom\u00e9<\/span> str\u00e1vil l\u00e9ta od za\u010d\u00e1tku v\u00e1lky do roku 1950.<\/p>\n<p>Hr\u00e1l prezidentu Bene\u0161ovi na klav\u00edr a d\u00edky bl\u00edzkosti Pra\u017esk\u00e9ho hradu byl i sou\u010d\u00e1st\u00ed historick\u00fdch ud\u00e1lost\u00ed.<\/p>\n<p>Ladislav DOHNAL, :<br \/>\nJo. Tady byla ze\u010f asi tak do t\u00e9hle v\u00fd\u0161ky a nad tou zd\u00ed byl je\u0161t\u011b, byl dr\u00e1t\u011bn\u00fd takov\u00fd plot. A ten plot N\u011bmci vytrhali a dali na tu ze\u010f si pr\u00e1v\u011b zbran\u011b, kulomety a strojn\u00ed pu\u0161ky.<\/p>\n<p>Richardis NOV\u00c1KOV\u00c1, sestra boromejka:  Dlouholet\u00e1 p\u0159edstaven\u00e1 \u00fastavu slepc\u016f byla matinka Domin\u00e1ta.<\/p>\n<p>Ladislav DOHNAL, :<br \/>\nTo byla pr\u00e1v\u011b ta vynikaj\u00edc\u00ed matka p\u0159edstaven\u00e1, kter\u00e1 n\u00e1s zachr\u00e1nila, kdy\u017e n\u00e1s N\u011bmci v krytu cht\u011bli zast\u0159elit. Proto, \u017ee jsme poslouchali r\u00e1dio z revolu\u010dn\u00ed Prahy. Tak ona, pon\u011bvad\u017e um\u011bla perfektn\u011b n\u011bmecky, a vyu\u017eila ve\u0161kerou svoji v\u00fdmluvnost, tak p\u0159esv\u011bd\u010dila toho velitele t\u011bch n\u011bmeck\u00fdch vojsk, kte\u0159\u00ed tam m\u011bli st\u0159\u00edlny na zahrad\u011b, aby teda to ne\u010dinil, aby n\u00e1s nepost\u0159\u00edlel. \u0158\u00edkala mu, p\u0159ece byste si svoje sv\u011bdom\u00ed nezat\u00ed\u017eil takov\u00fdm \u010dinem. Tak on vztekle vytrhnul r\u00e1dio ze z\u00e1suvky a odnes si ho pry\u010d.<\/p>\n<p>Je\u0161t\u011b ne\u017e boromejky z \u00fastavu pro <span class=\"highlight\">nevidom\u00e9<\/span> komunisti vyhnali, ode\u0161el Ladislav Dohnal studovat na Deylovu konzervato\u0159. Tamn\u00ed progresivn\u00ed \u0159editel propojil sv\u011bty vidom\u00fdch a <span class=\"highlight\">nevidom\u00fdch<\/span>. D\u00edky tomu se Ladislav setkal se svoj\u00ed osudovou l\u00e1skou Mari\u00ed. V tane\u010dn\u00edch se do sebe zamilovali.<\/p>\n<p>Ladislav DOHNAL, :<br \/>\nj\u00e1 kdy\u017e p\u00ed\u0161u, tak p\u00ed\u0161u jenom jednostrann\u011b, a to potom m\u016f\u017ee \u010d\u00edst i man\u017eelka zrakem. Kdy\u017e je to jednostrann\u00fd. Proto\u017ee kdy\u017e je to dvoustrann\u00fd, tak se j\u00ed prom\u00edtaj i ty jamky, tak\u017ee to ji plete. Ale ona um\u00ed taky to Braillovo p\u00edsmo.<\/p>\n<p>Marie DOHNALOV\u00c1, man\u017eelka Ladislava Dohnala:<br \/>\nKdy\u017e jsme spolu chodili ty, rok a p\u016fl, no, asi tak, mn\u011b psal dopisy, kdy\u017e byl takhle na, na pr\u00e1zdnin\u00e1ch, kdy\u017e byl doma tady v Mitrovic\u00edch nedaleko T\u00e1bora, tak to mi psal. Tak\u017ee to jsem se nau\u010dila \u010d\u00edst. Ale to nen\u00ed t\u011b\u017ek\u00e9, to je docela jednoduch\u00fd.<\/p>\n<p>Ladislav DOHNAL, :<br \/>\nM\u011b upoutal jej\u00ed hlas a hlavn\u011b jsme si vz\u00e1jemn\u011b pom\u00e1hali. Proto\u017ee j\u00e1 jsem j\u00ed pom\u00e1hal s hudebn\u00edmi p\u0159edm\u011bty a ona m\u011b zase vodila do divadla, do N\u00e1rodn\u00edho divadla a na koncerty.<\/p>\n<p>Dva u\u010ditel\u00e9 hudby jsou spolu t\u00e9m\u011b\u0159 \u0161edes\u00e1t let. Maj\u00ed spolu dv\u011b d\u011bti. Syn i dcera vystudovali konzervato\u0159. Hudba tedy prov\u00e1z\u00ed rodinu cel\u00fd \u017eivot.<\/p>\n<p>Franti\u0161ek DOUBEK, \u010dlen chr\u00e1mov\u00e9ho sboru v Plan\u00e9 nad Lu\u017enic\u00ed:<br \/>\nL\u00e1d\u00ed\u010dka, j\u00e1 \u0159\u00edk\u00e1m L\u00e1d\u00ed\u010dka, proto\u017ee si to m\u016f\u017eu dovolit u\u017e te\u010fka, ale tady znaj\u00ed \u00fapln\u011b v\u0161ichni, v T\u00e1bo\u0159e, Sezimov\u011b \u00dast\u00ed, v Plan\u00e9 nad Lu\u017enic\u00ed. Tady vlastn\u011b m\u00e1 na starosti ten n\u00e1\u0161 kostel, v Sezimov\u011b \u00dast\u00ed bydl\u00ed, v T\u00e1bo\u0159e vyu\u010doval stra\u0161n\u011b dlouho, na, na, v t\u00fd dob\u011b na lidu\u0161ce, te\u010fka vlastn\u011b je to z\u00e1kladn\u00ed um\u011bleck\u00e1 \u0161kola, tak\u017ee jako tady v\u0161ichni, kdo se zaj\u00edmali jenom tro\u0161i\u010dku o tu muziku, tak vlastn\u011b toho L\u00e1\u010fu znaj\u00ed.<\/p>\n<p><strong>Co nejt\u011b\u017e\u0161\u00edho jste spolu pro\u017eili?<\/strong><\/p>\n<p>Marie DOHNALOV\u00c1, man\u017eelka Ladislava Dohnala:<br \/>\nHm, v ka\u017ed\u00fdm man\u017eelstv\u00ed je n\u011bco t\u011b\u017ek\u00fdho. J\u00e1 nev\u00edm. Ani nic moc zvl\u00e1\u0161tn\u00edho takov\u00fdho nebylo, co by bylo takov\u00fdho, co by st\u00e1lo za, \u017e\u00e1dn\u00fd velk\u00fd nemoce, akor\u00e1t probl\u00e9m byl, \u017ee se d\u011bti rozvedly a dlouho se nevd\u00e1valy a ne\u017e&#8230;, nevd\u00e1vala se dcera a syn se ne\u017eenil, tak\u017ee bohu\u017eel co je \u0161patn\u00e9, nem\u00e1me vnou\u010data. A to je nejv\u011bt\u0161\u00ed ne\u0161t\u011bst\u00ed, co jako, no, takov\u00fd, no, nem\u016f\u017eeme m\u00edt v\u0161echno, \u017ee jo. Ale to n\u00e1s jako velmi mrz\u00ed. A jinak, jinak norm\u00e1ln\u00ed \u017eivot jako ka\u017edej.<\/p>\n<p>Za pomoc <span class=\"highlight\">posti\u017een\u00fdm<\/span> lidem a senior\u016fm dostal Ladislav Dohnal v roce 2014 Cenu Olgy Havlov\u00e9. Navrhli ho na ni starostov\u00e9 t\u0159\u00ed m\u011bst.<\/p>\n<p>Ladislav DOHNAL, :<br \/>\nZa\u010dneme tou koledou P\u0159edobr\u00fd kr\u00e1l V\u00e1clav. N\u011bkdo \u0159\u00edk\u00e1, \u017ee je to anglick\u00e1, n\u011bkdo \u0159\u00edk\u00e1, \u017ee je to \u010desk\u00e1 koleda, ale je hrozn\u011b kr\u00e1sn\u00e1, proto\u017ee je o skromnosti, o pohostinstv\u00ed a o pomoci druh\u00fdm. <\/p>\n<p>Ladislav DOHNAL, :<br \/>\nV\u00e1noce jsou pro m\u011b velmi v\u00fdznamnou ud\u00e1lost\u00ed. Nejen spole\u010denskou, ale hlavn\u011b duchovn\u00ed. Proto\u017ee se p\u0159ipravujou na p\u016flno\u010dn\u00ed m\u0161i, kde budu m\u00edt i sbor, v kostele v Plan\u00e9. Tak\u017ee to je takov\u00e1 ta hlavn\u00ed atmosf\u00e9ra, jo. Proto\u017ee \u010dlov\u011bk by si m\u011bl nejenom soust\u0159edit na \u00faklid, ale m\u011bl byl si taky uklidit ve svoj\u00ed du\u0161i.<\/p>\n<p><strong><br \/>\nCo byste vzk\u00e1zal lidem, kter\u00fd si takhle v\u011b\u010dn\u011b na n\u011bco st\u011b\u017eujou a ho\u0159ekujou?<\/strong><\/p>\n<p>Ladislav DOHNAL, :<br \/>\nj\u00e1 bych jim \u0159ekl, aby se pod\u00edvali kolem sebe a uv\u011bdomili si, \u017ee jsou lidi, kte\u0159\u00ed na tom jsou daleko h\u016f\u0159 ne\u017e oni. A hned se jim ten \u017eivot bude zd\u00e1t jednodu\u0161\u0161\u00ed.<\/p>\n","protected":false},"excerpt":{"rendered":"<div class=\"mh-excerpt\"><p>Osmdes\u00e1tilet\u00fd Ladislav Dohnal m\u00e1 absolutn\u00ed sluch. Je to ale vykoupeno t\u00edm, \u017ee je slep\u00fd. Tvrd\u00ed, \u017ee si na nic nest\u011b\u017euje. A se sv\u00fdm \u00fad\u011blem je <a class=\"mh-excerpt-more\" href=\"https:\/\/www.invarena.cz\/?p=19322\" title=\"T\u00f3ny ve tm\u011b\">[&#8230;]<\/a><\/p>\n<\/div>","protected":false},"author":1,"featured_media":14494,"comment_status":"open","ping_status":"closed","sticky":false,"template":"","format":"standard","meta":{"footnotes":""},"categories":[7,9],"tags":[],"class_list":["post-19322","post","type-post","status-publish","format-standard","has-post-thumbnail","hentry","category-spolecnost","category-zpravy"],"_links":{"self":[{"href":"https:\/\/www.invarena.cz\/index.php?rest_route=\/wp\/v2\/posts\/19322","targetHints":{"allow":["GET"]}}],"collection":[{"href":"https:\/\/www.invarena.cz\/index.php?rest_route=\/wp\/v2\/posts"}],"about":[{"href":"https:\/\/www.invarena.cz\/index.php?rest_route=\/wp\/v2\/types\/post"}],"author":[{"embeddable":true,"href":"https:\/\/www.invarena.cz\/index.php?rest_route=\/wp\/v2\/users\/1"}],"replies":[{"embeddable":true,"href":"https:\/\/www.invarena.cz\/index.php?rest_route=%2Fwp%2Fv2%2Fcomments&post=19322"}],"version-history":[{"count":0,"href":"https:\/\/www.invarena.cz\/index.php?rest_route=\/wp\/v2\/posts\/19322\/revisions"}],"wp:featuredmedia":[{"embeddable":true,"href":"https:\/\/www.invarena.cz\/index.php?rest_route=\/wp\/v2\/media\/14494"}],"wp:attachment":[{"href":"https:\/\/www.invarena.cz\/index.php?rest_route=%2Fwp%2Fv2%2Fmedia&parent=19322"}],"wp:term":[{"taxonomy":"category","embeddable":true,"href":"https:\/\/www.invarena.cz\/index.php?rest_route=%2Fwp%2Fv2%2Fcategories&post=19322"},{"taxonomy":"post_tag","embeddable":true,"href":"https:\/\/www.invarena.cz\/index.php?rest_route=%2Fwp%2Fv2%2Ftags&post=19322"}],"curies":[{"name":"wp","href":"https:\/\/api.w.org\/{rel}","templated":true}]}}