{"id":19329,"date":"2015-01-14T09:50:56","date_gmt":"2015-01-14T08:50:56","guid":{"rendered":"http:\/\/www.invarena.cz\/?p=19329"},"modified":"2015-01-14T09:50:56","modified_gmt":"2015-01-14T08:50:56","slug":"na-dum-neslysicich-se-skladala-cela-zeme-ted-se-o-nej-prou","status":"publish","type":"post","link":"https:\/\/www.invarena.cz\/?p=19329","title":{"rendered":"Na d\u016fm nesly\u0161\u00edc\u00edch se skl\u00e1dala cel\u00e1 zem\u011b. Te\u010f se o n\u011bj p\u0159ou"},"content":{"rendered":"<p><strong>Brn\u011bn\u0161t\u00ed nesly\u0161\u00edc\u00ed vedou spor o d\u016fm, kter\u00fd jim m\u00e1 slou\u017eit. P\u0159ed devades\u00e1ti lety jim na stavbu v\u011bnoval pen\u00edze i prezident Masaryk. Te\u010f p\u0159etahovan\u00e1 mezi nesly\u0161\u00edc\u00edmi o to, komu vlastn\u011b budova pat\u0159\u00ed, m\u00ed\u0159\u00ed k soudu.<\/strong><!--more--><\/p>\n<p>BRNO Na \u00datulnu hluchon\u011bm\u00fdch v Brn\u011b se skl\u00e1dali sly\u0161\u00edc\u00ed i nesly\u0161\u00edc\u00ed z cel\u00e9ho \u010ceskoslovenska. Tehdy velmi \u0161t\u011bdr\u00fdmi p\u011bti tis\u00edci korunami p\u0159isp\u011bl i prvn\u00ed \u010deskoslovensk\u00fd prezident Tom\u00e1\u0161 Garrigue Masaryk. C\u00edl vybudovat m\u00edsto, kde by se sluchov\u011b posti\u017een\u00ed mohli potk\u00e1vat, spole\u010dn\u011b pracovat i studovat, se nakonec poda\u0159il.<\/p>\n<p>Po devades\u00e1ti letech ale d\u016fm na adrese Vodova 35 nesly\u0161\u00edc\u00ed sp\u00ed\u0161e rozd\u011bluje. P\u0159etahuj\u00ed se toti\u017e o to, kter\u00e9 organizaci vlastn\u011b pat\u0159\u00ed a kdo jej m\u016f\u017ee vyu\u017e\u00edvat. A vypad\u00e1 to, \u017ee rozhodnout bude muset a\u017e soud.<\/p>\n<p>&#8222;Budova te\u010f slou\u017e\u00ed \u00fazk\u00e9 skupin\u011b lid\u00ed. Jen t\u011bm, kte\u0159\u00ed se podvol\u00ed pra\u017esk\u00e9mu veden\u00ed Svazu nesly\u0161\u00edc\u00edch a nedosl\u00fdchav\u00fdch v \u010cR. Vyu\u017e\u00edvaj\u00ed toho, \u017ee nesly\u0161\u00edc\u00ed nemohou tak dob\u0159e komunikovat. Organizace nesly\u0161\u00edc\u00edch tak mus\u00ed b\u00fdt po Brn\u011b v podn\u00e1jmech v ciz\u00edch domech,&#8220; vyj\u00e1d\u0159il se ost\u0159e vedouc\u00ed Unie nesly\u0161\u00edc\u00edch Brno Ivan Pol\u00e1\u010dek. Pr\u00e1v\u011b jeho sdru\u017een\u00ed o z\u00edsk\u00e1n\u00ed domu usiluje.<\/p>\n<p>Situace mezi spolky, kter\u00e9 nesly\u0161\u00edc\u00ed sdru\u017euj\u00ed, je zna\u010dn\u011b nep\u0159ehledn\u00e1. O samotn\u00fd d\u016fm brn\u011bn\u0161t\u00ed nesly\u0161\u00edc\u00ed po komunistick\u00e9m p\u0159evratu v roce 1948 se z\u00e1nikem Zemsk\u00e9 \u00fast\u0159edn\u00ed jednoty hluchon\u011bm\u00fdch pro Moravu p\u0159i\u0161li. Spolkl ho Svaz \u010deskoslovensk\u00fdch invalid\u016f v Praze. Po revoluci pak st\u00e1t nemovitost p\u0159evedl pr\u00e1v\u011b na Svaz nesly\u0161\u00edc\u00edch a nedosl\u00fdchav\u00fdch, kter\u00fd s\u00eddl\u00ed rovn\u011b\u017e v Praze.<\/p>\n<p>A Pol\u00e1\u010dkova Unie nesly\u0161\u00edc\u00edch hraje na moravskou notu. Vznikla v roce 1998 odd\u011blen\u00edm od pra\u017esk\u00e9 \u010cesk\u00e9 unie nesly\u0161\u00edc\u00edch a od t\u00e9 doby bojuje za navr\u00e1cen\u00ed domu &#8222;zp\u011bt pro Brno&#8220;. P\u0159ed V\u00e1noci poslala spole\u010dn\u011b s n\u011bkolika dal\u0161\u00edmi brn\u011bnsk\u00fdmi organizacemi vlastn\u00edkovi domu dopis. Tvrd\u00ed v n\u011bm, \u017ee do budovy nemaj\u00ed p\u0159\u00edstup a v rozporu se z\u00e1m\u011brem zakladatel\u016f ji tak nemohou brn\u011bn\u0161t\u00ed nesly\u0161\u00edc\u00ed vyu\u017e\u00edvat. To ale Svaz nesly\u0161\u00edc\u00edch a nedosl\u00fdchav\u00fdch pop\u00edr\u00e1.<\/p>\n<p>&#8222;Jsme u\u017e od revoluce pr\u00e1voplatn\u00fdm majitelem domu. Ka\u017ed\u00fd m\u00e1 do budovy p\u0159\u00edstup. Za p\u0159edpokladu, \u017ee uzav\u0159e \u0159\u00e1dnou n\u00e1jemn\u00ed smlouvu. U\u017e nyn\u00ed tam pravideln\u011b chod\u00ed nesly\u0161\u00edc\u00ed z cel\u00e9ho Brna,&#8220; konstatoval \u0159editel Svazu nesly\u0161\u00edc\u00edch a nedosl\u00fdchav\u00fdch Jaroslav Paur. Jeho organizace do domu podle n\u011bj ned\u00e1vno investovala \u010dty\u0159i miliony korun. A nyn\u00ed m\u00e1 za\u010d\u00edt velk\u00e1 rekonstrukce za dal\u0161\u00edch 7,5 milionu z evropsk\u00fdch pen\u011bz. &#8222;P\u0159ev\u00e1d\u011bt budovu za t\u011bchto okolnost\u00ed je slo\u017eit\u00e9,&#8220; dodal Paur.<\/p>\n<p>Brn\u011bnsk\u00e1 unie ale boj nevzd\u00e1v\u00e1. Chce svou pravdu dok\u00e1zat u soudu. \u017dalobu u\u017e p\u0159ipravuje a chce ji podat do konce ledna. &#8222;Svaz s n\u00e1mi nekomunikuje. N\u011bkolikr\u00e1t jsme usilovali o setk\u00e1n\u00ed a snahu \u0159e\u0161it to mimosoudn\u00ed cestou. N\u011bkter\u00fdm \u010dlen\u016fm je budovu zak\u00e1z\u00e1no vyu\u017e\u00edvat. Jin\u00ed musej\u00ed platit n\u00e1jem. P\u0159edci ji p\u0159itom postavili, aby slou\u017eila brn\u011bnsk\u00fdm sluchov\u011b posti\u017een\u00fdm,&#8220; zd\u016fraznil pr\u00e1vn\u00edk Petr \u0160ulc, kter\u00fd se s uni\u00ed dohodl na zastupov\u00e1n\u00ed. Jak p\u0159esn\u011b chce zvr\u00e1tit t\u00e9m\u011b\u0159 \u010dtvrt stolet\u00ed starou restituci, ale neup\u0159esnil. Pr\u00fd je to sou\u010d\u00e1st dal\u0161\u00ed strategie.<\/p>\n<p>\u0160ulc je ov\u0161em i \u0161\u00e9fem kr\u00e1lovopolsk\u00e9 m\u00edstn\u00ed organizace Strany pr\u00e1v ob\u010dan\u016f (SPO). A ze sporu se tak stala politick\u00e1 z\u00e1le\u017eitost, ke kter\u00e9 se vyjad\u0159oval i \u0160ulc\u016fv &#8222;\u0161\u00e9f&#8220; \u2013 p\u0159edseda Strany pr\u00e1v ob\u010dan\u016f a sen\u00e1tor Jan Veleba.<\/p>\n<p>Svaz nesly\u0161\u00edc\u00edch a nedosl\u00fdchav\u00fdch p\u0159itom tvrd\u00ed, \u017ee minul\u00e1 jedn\u00e1n\u00ed nijak neblokoval, ale soudn\u00edho sporu se neboj\u00ed. &#8222;Naopak to v\u00edt\u00e1me. Je to to nejlep\u0161\u00ed, co by mohli ud\u011blat. Kone\u010dn\u011b se v soudn\u00ed s\u00edni vyjasn\u00ed n\u011bkter\u00e9 nepravdy a pomluvy,&#8220; uvedl \u0161\u00e9f svazu Jaroslav Paur s t\u00edm, \u017ee o pod\u00e1n\u00ed \u017ealoby za pomluvu v minulosti tak\u00e9 uva\u017eovali.<\/p>\n<p>Znep\u0159\u00e1telen\u00e1 Unie nesly\u0161\u00edc\u00edch mezit\u00edm zalo\u017eila kousek od p\u016fvodn\u00ed budovy svou z\u00e1kladnu. &#8222;Moravsk\u00e1 kav\u00e1rna nesly\u0161\u00edc\u00edch u \u017dambocha&#8220; s\u00eddl\u00edc\u00ed v Kr\u00e1lov\u011b Poli slou\u017e\u00ed jako protiv\u00e1ha dva kilometry vzd\u00e1len\u00e9ho domu nesly\u0161\u00edc\u00edch. Unie tak\u00e9 usiluje o znovuvytvo\u0159en\u00ed Zemsk\u00e9 jednoty, kter\u00e1 by moravsk\u00e9 spolky nesly\u0161\u00edc\u00edch sdru\u017eovala.<\/p>\n<p>&#8212;<\/p>\n<p>Fakta: Nesly\u0161\u00edc\u00ed v Brn\u011b Zemsk\u00e1 \u00fast\u0159edn\u00ed jednota hluchon\u011bm\u00fdch pro Moravu v Brn\u011b vznikla v roce 1919. \u00datulna hluchon\u011bm\u00fdch byla otev\u0159ena v roce 1925. Za prvn\u00ed republiky vznikl i sportovn\u00ed klub \u010di dru\u017estvo hluchon\u011bm\u00fdch \u0161vadlen a obuvn\u00edk\u016f. Nesly\u0161\u00edc\u00ed tady vyd\u00e1vali vlastn\u00ed noviny. S n\u00e1stupem komunismu ale jednota zanikla. V roce 1991 byla obnovena jako \u010cesk\u00e1 unie nesly\u0161\u00edc\u00edch \u2013 oblast Brno. V roce 1998 se osamostatnila jako Unie nesly\u0161\u00edc\u00edch Brno.<\/p>\n<p>Luk\u00e1\u0161 Val\u00e1\u0161ek, redaktor MF DNES<\/p>\n<p>Mlad\u00e1 fronta DNES<\/p>\n","protected":false},"excerpt":{"rendered":"<div class=\"mh-excerpt\"><p>Brn\u011bn\u0161t\u00ed nesly\u0161\u00edc\u00ed vedou spor o d\u016fm, kter\u00fd jim m\u00e1 slou\u017eit. P\u0159ed devades\u00e1ti lety jim na stavbu v\u011bnoval pen\u00edze i prezident Masaryk. Te\u010f p\u0159etahovan\u00e1 mezi nesly\u0161\u00edc\u00edmi <a class=\"mh-excerpt-more\" href=\"https:\/\/www.invarena.cz\/?p=19329\" title=\"Na d\u016fm nesly\u0161\u00edc\u00edch se skl\u00e1dala cel\u00e1 zem\u011b. Te\u010f se o n\u011bj p\u0159ou\">[&#8230;]<\/a><\/p>\n<\/div>","protected":false},"author":1,"featured_media":1806,"comment_status":"open","ping_status":"closed","sticky":false,"template":"","format":"standard","meta":{"footnotes":""},"categories":[9],"tags":[],"class_list":["post-19329","post","type-post","status-publish","format-standard","has-post-thumbnail","hentry","category-zpravy"],"_links":{"self":[{"href":"https:\/\/www.invarena.cz\/index.php?rest_route=\/wp\/v2\/posts\/19329","targetHints":{"allow":["GET"]}}],"collection":[{"href":"https:\/\/www.invarena.cz\/index.php?rest_route=\/wp\/v2\/posts"}],"about":[{"href":"https:\/\/www.invarena.cz\/index.php?rest_route=\/wp\/v2\/types\/post"}],"author":[{"embeddable":true,"href":"https:\/\/www.invarena.cz\/index.php?rest_route=\/wp\/v2\/users\/1"}],"replies":[{"embeddable":true,"href":"https:\/\/www.invarena.cz\/index.php?rest_route=%2Fwp%2Fv2%2Fcomments&post=19329"}],"version-history":[{"count":0,"href":"https:\/\/www.invarena.cz\/index.php?rest_route=\/wp\/v2\/posts\/19329\/revisions"}],"wp:featuredmedia":[{"embeddable":true,"href":"https:\/\/www.invarena.cz\/index.php?rest_route=\/wp\/v2\/media\/1806"}],"wp:attachment":[{"href":"https:\/\/www.invarena.cz\/index.php?rest_route=%2Fwp%2Fv2%2Fmedia&parent=19329"}],"wp:term":[{"taxonomy":"category","embeddable":true,"href":"https:\/\/www.invarena.cz\/index.php?rest_route=%2Fwp%2Fv2%2Fcategories&post=19329"},{"taxonomy":"post_tag","embeddable":true,"href":"https:\/\/www.invarena.cz\/index.php?rest_route=%2Fwp%2Fv2%2Ftags&post=19329"}],"curies":[{"name":"wp","href":"https:\/\/api.w.org\/{rel}","templated":true}]}}