{"id":19330,"date":"2015-01-14T09:59:15","date_gmt":"2015-01-14T08:59:15","guid":{"rendered":"http:\/\/www.invarena.cz\/?p=19330"},"modified":"2015-01-14T09:59:15","modified_gmt":"2015-01-14T08:59:15","slug":"up-cr-partner-pro-nezamestnane-i-zamestnavatele","status":"publish","type":"post","link":"https:\/\/www.invarena.cz\/?p=19330","title":{"rendered":"\u00daP \u010cR \u2013 partner pro nezam\u011bstnan\u00e9 i zam\u011bstnavatele"},"content":{"rendered":"<p><strong>Co si vz\u00edt s sebou na prvn\u00ed n\u00e1v\u0161t\u011bvu \u00da\u0159adu pr\u00e1ce \u010cR (\u00daP \u010cR), jak\u00e9 povinnosti m\u00e1 uchaze\u010d o zam\u011bstn\u00e1n\u00ed, za jak\u00fdch podm\u00ednek vznik\u00e1 n\u00e1rok na podporu v nezam\u011bstnanosti, jak\u00e9 jsou mo\u017enosti v r\u00e1mci n\u00e1stroj\u016f aktivn\u00ed politiky zam\u011bstnanosti, jak vycestovat za prac\u00ed do zahrani\u010d\u00ed nebo jak m\u016f\u017ee \u00daP \u010cR pomoci zam\u011bstnavatel\u016fm. To je jen mal\u00e1 uk\u00e1zka toho, co se dozv\u00ed \u010dten\u00e1\u0159i v praktick\u00e9 Informa\u010dn\u00ed bro\u017eurce, kterou za p\u0159isp\u011bn\u00ed celoevropsk\u00e9 s\u00edt\u011b EURES vydal \u00da\u0159ad pr\u00e1ce \u010cR.<\/strong><br \/>\n<!--more--><br \/>\nMateri\u00e1l si z\u00e1jemci mohou st\u00e1hnout na www.uradprace.czv sekci Informa\u010dn\u00ed let\u00e1ky \u2013 praktick\u00e9 rady. V pr\u016fb\u011bhu ledna bude k dispozici i na kontaktn\u00edch pracovi\u0161t\u00edch \u00daP \u010cR.<\/p>\n<p>V p\u0159\u00edpad\u011b, \u017ee \u010dlov\u011bk p\u0159ijde o pr\u00e1ci, m\u011bly by jeho prvn\u00ed kroky v\u00e9st pr\u00e1v\u011b na \u00daP \u010cR. \u201ePodpora zam\u011bstnanosti pat\u0159\u00ed mezi priority \u00da\u0159adu pr\u00e1ce \u010cR. V jej\u00edm r\u00e1mci se sna\u017e\u00edme maxim\u00e1ln\u011b pom\u00e1hat uchaze\u010d\u016fm s co nejrychlej\u0161\u00edm n\u00e1vratem do pr\u00e1ce, stejn\u011b jako zam\u011bstnavatel\u016fm, kte\u0159\u00ed se je rozhodnou zam\u011bstnat. N\u00e1stroj\u016f je cel\u00e1 \u0159ada \u2013 od ve\u0159ejn\u011b prosp\u011b\u0161n\u00fdch prac\u00ed a spole\u010densky \u00fa\u010deln\u00fdch pracovn\u00edch m\u00edst, rekvalifikac\u00ed a\u017e po projekty financovan\u00fdch z n\u00e1rodn\u00edch a evropsk\u00fdch pen\u011bz,\u201c shrnuje Kate\u0159ina Sad\u00edlkov\u00e1, pov\u011b\u0159en\u00e1 \u0159\u00edzen\u00edm \u00daP \u010cR. Podle n\u00ed je proto t\u0159eba co nejv\u00edce ve\u0159ejnost o mo\u017enostech podpory a spolupr\u00e1ce informovat.<\/p>\n<p>Uk\u00e1zka z publikace:<br \/>\nP\u0159ed prvn\u00ed n\u00e1v\u0161t\u011bvou \u00daP \u010cR si m\u016f\u017eete na port\u00e1lu MPSV st\u00e1hnout \u201e\u017d\u00e1dost o zprost\u0159edkov\u00e1n\u00ed zam\u011bstn\u00e1n\u00ed\u201c a dal\u0161\u00ed pot\u0159ebn\u00e9 formul\u00e1\u0159e slu\u017eeb zam\u011bstnanosti. S sebou si ur\u010dit\u011b vezm\u011bte platn\u00fd pr\u016fkaz toto\u017enosti (ob\u010dansk\u00fd pr\u016fkaz, cestovn\u00ed pas) nebo n\u00e1hradn\u00ed doklad, kter\u00fdm prok\u00e1\u017eete svou toto\u017enost a m\u00edsto trval\u00e9ho bydli\u0161t\u011b. Pokud jste absolvent, nezapome\u0148te na doklad o nejvy\u0161\u0161\u00edm ukon\u010den\u00e9m vzd\u011bl\u00e1n\u00ed. V p\u0159\u00edpad\u011b, \u017ee u\u017e jste pracovali, pak je na m\u00edst\u011b potvrzen\u00ed o ukon\u010den\u00ed pracovn\u00edho pom\u011bru, z\u00e1po\u010dtov\u00fd list a potvrzen\u00ed o v\u00fd\u0161i pr\u016fm\u011brn\u00e9ho m\u011bs\u00ed\u010dn\u00edho \u010dist\u00e9ho v\u00fdd\u011blku nebo eviden\u010dn\u00ed list d\u016fchodov\u00e9ho poji\u0161t\u011bn\u00ed. A jestli\u017ee jste p\u0159ed t\u00edm ukon\u010dili podnik\u00e1n\u00ed, vezm\u011bte s sebou potvrzen\u00ed o p\u0159eru\u0161en\u00ed \u010di ukon\u010den\u00ed \u017eivnosti, kter\u00fd v\u00e1m vystav\u00ed na p\u0159\u00edslu\u0161n\u00e9 okresn\u00ed spr\u00e1v\u011b soci\u00e1ln\u00edho zabezpe\u010den\u00ed. Hled\u00e1te-li novou pr\u00e1ci po skon\u010den\u00ed rodi\u010dovsk\u00e9 dovolen\u00e9, p\u00e9\u010de o osobu bl\u00edzkou nebo pob\u00edr\u00e1n\u00ed pln\u00e9ho invalidn\u00edho d\u016fchodu pro invaliditu 3. stupn\u011b (ID 3. st.), budete pot\u0159ebovat potvrzen\u00ed o ukon\u010den\u00e9 n\u00e1hradn\u00ed dob\u011b.<\/p>\n<p>Kate\u0159ina Ber\u00e1nkov\u00e1, tiskov\u00e1 mluv\u010d\u00ed \u00daP \u010cR<\/p>\n","protected":false},"excerpt":{"rendered":"<div class=\"mh-excerpt\"><p>Co si vz\u00edt s sebou na prvn\u00ed n\u00e1v\u0161t\u011bvu \u00da\u0159adu pr\u00e1ce \u010cR (\u00daP \u010cR), jak\u00e9 povinnosti m\u00e1 uchaze\u010d o zam\u011bstn\u00e1n\u00ed, za jak\u00fdch podm\u00ednek vznik\u00e1 n\u00e1rok na <a class=\"mh-excerpt-more\" href=\"https:\/\/www.invarena.cz\/?p=19330\" title=\"\u00daP \u010cR \u2013 partner pro nezam\u011bstnan\u00e9 i zam\u011bstnavatele\">[&#8230;]<\/a><\/p>\n<\/div>","protected":false},"author":1,"featured_media":1077,"comment_status":"open","ping_status":"closed","sticky":false,"template":"","format":"standard","meta":{"footnotes":""},"categories":[9],"tags":[],"class_list":["post-19330","post","type-post","status-publish","format-standard","has-post-thumbnail","hentry","category-zpravy"],"_links":{"self":[{"href":"https:\/\/www.invarena.cz\/index.php?rest_route=\/wp\/v2\/posts\/19330","targetHints":{"allow":["GET"]}}],"collection":[{"href":"https:\/\/www.invarena.cz\/index.php?rest_route=\/wp\/v2\/posts"}],"about":[{"href":"https:\/\/www.invarena.cz\/index.php?rest_route=\/wp\/v2\/types\/post"}],"author":[{"embeddable":true,"href":"https:\/\/www.invarena.cz\/index.php?rest_route=\/wp\/v2\/users\/1"}],"replies":[{"embeddable":true,"href":"https:\/\/www.invarena.cz\/index.php?rest_route=%2Fwp%2Fv2%2Fcomments&post=19330"}],"version-history":[{"count":0,"href":"https:\/\/www.invarena.cz\/index.php?rest_route=\/wp\/v2\/posts\/19330\/revisions"}],"wp:featuredmedia":[{"embeddable":true,"href":"https:\/\/www.invarena.cz\/index.php?rest_route=\/wp\/v2\/media\/1077"}],"wp:attachment":[{"href":"https:\/\/www.invarena.cz\/index.php?rest_route=%2Fwp%2Fv2%2Fmedia&parent=19330"}],"wp:term":[{"taxonomy":"category","embeddable":true,"href":"https:\/\/www.invarena.cz\/index.php?rest_route=%2Fwp%2Fv2%2Fcategories&post=19330"},{"taxonomy":"post_tag","embeddable":true,"href":"https:\/\/www.invarena.cz\/index.php?rest_route=%2Fwp%2Fv2%2Ftags&post=19330"}],"curies":[{"name":"wp","href":"https:\/\/api.w.org\/{rel}","templated":true}]}}